{"id":1394,"date":"2023-06-29T16:41:26","date_gmt":"2023-06-29T16:41:26","guid":{"rendered":"http:\/\/elregionaldigital.info\/?p=1394"},"modified":"2023-07-03T16:54:01","modified_gmt":"2023-07-03T16:54:01","slug":"reorganizan-la-secretaria-de-bienestar","status":"publish","type":"post","link":"https:\/\/elregionaldigital.info\/?p=1394","title":{"rendered":"Reorganizan la secretaria de Bienestar"},"content":{"rendered":"\n<figure class=\"wp-block-image size-full\"><img loading=\"lazy\" decoding=\"async\" width=\"628\" height=\"524\" src=\"http:\/\/elregionaldigital.info\/wp-content\/uploads\/2023\/07\/crop-w954-h796-3deelgados-focus-0.23-0.25-628-524.jpg\" alt=\"\" class=\"wp-image-1395\" srcset=\"https:\/\/elregionaldigital.info\/wp-content\/uploads\/2023\/07\/crop-w954-h796-3deelgados-focus-0.23-0.25-628-524.jpg 628w, https:\/\/elregionaldigital.info\/wp-content\/uploads\/2023\/07\/crop-w954-h796-3deelgados-focus-0.23-0.25-628-524-300x250.jpg 300w\" sizes=\"auto, (max-width: 628px) 100vw, 628px\" \/><\/figure>\n\n\n\n<p>Siete de los ocho subdelegados de Bienestar en el estado fueron removidos de sus cargos en el estado<\/p>\n\n\n\n<p><strong>Ciudad Victoria, Tamaulipas.-<\/strong><\/p>\n\n\n\n<p>Siete de los ocho&nbsp;<strong>subdelegados<\/strong>&nbsp;regionales de los&nbsp;<strong>Programas para el Bienestar<\/strong>&nbsp;en Tamaulipas causaron baja a partir de este mi\u00e9rcoles, debido a que venci\u00f3 su contrato, por lo que ya se hicieron las propuestas de los nuevos funcionarios que vendr\u00edan a sumarse a las tareas de la Delegaci\u00f3n Federal en el estado.<\/p>\n\n\n\n<p>El delegado de&nbsp;<strong>Programas para el Bienestar<\/strong>&nbsp;en Tamaulipas, Luis Lauro Reyes Rodr\u00edguez inform\u00f3 que solamente se ratific\u00f3 en el cargo al subdelegado en ciudad Madero, Rodolfo \u00c1ngel Rodr\u00edguez Boj\u00f3rquez, mientras que en las otras siete subdelegaciones se designar\u00e1 a los nuevos servidores p\u00fablicos,&nbsp;<\/p>\n\n\n\n<p>La designaci\u00f3n tiene como fin atender las instrucciones de Carlos Torres Rosas, coordinador general de los&nbsp;<strong>Programas para el Bienestar<\/strong>&nbsp;en el gobierno federal.<\/p>\n\n\n\n<p>En la subdelegaci\u00f3n dos con sede en Ciudad Mante, causa baja Pedro Castillo R\u00edos, quien ser\u00eda sustituido por Juan Jos\u00e9 Salda\u00f1a Cavazos; mientras que en la subdelegaci\u00f3n tres, de Matamoros, Judith Isdareli Sauceda Lozoya, ocupar\u00e1 el cargo que deja Mar\u00eda Silvia Burgos S\u00e1nchez.<\/p>\n\n\n\n<p>En la subdelegaci\u00f3n cuatro de Nuevo Laredo, Jos\u00e9 Heriberto Cant\u00fa De\u00e1ndar ha sido propuesto para tomar el cargo que deja Jos\u00e9 Gast\u00f3n Herrera Arredondo, en tanto que, en Reynosa, Kenia Citlally S\u00e1enz Rodr\u00edguez ser\u00e1 relevada por Lucila Calvillo Dom\u00ednguez y en la subdelegaci\u00f3n seis, de R\u00edo Bravo, Selene Lizeth L\u00f3pez S\u00e1nchez entrar\u00e1 en lugar de Mario Eloy Ochoa Garza.<\/p>\n\n\n\n<p>En Soto La Marina, Julio C\u00e9sar Hern\u00e1ndez Medina, deja la subdelegaci\u00f3n regional a Lorenzo Camposano Hern\u00e1ndez y en ciudad Victoria, Ossiel Ruiz Cruz tomar\u00e1 el lugar de Micaela Mart\u00ednez Narv\u00e1ez.<\/p>\n","protected":false},"excerpt":{"rendered":"<p>Siete de los ocho subdelegados de Bienestar en el estado fueron removidos de sus cargos en el estado Ciudad Victoria, Tamaulipas.- Siete de los ocho&nbsp;subdelegados&nbsp;regionales de los&nbsp;Programas para el Bienestar&nbsp;en Tamaulipas causaron baja a partir de este mi\u00e9rcoles, debido a que venci\u00f3 su contrato, por lo que ya se hicieron las propuestas de los nuevos [&hellip;]<\/p>\n","protected":false},"author":1,"featured_media":1395,"comment_status":"open","ping_status":"open","sticky":false,"template":"","format":"standard","meta":{"footnotes":""},"categories":[2],"tags":[],"class_list":["post-1394","post","type-post","status-publish","format-standard","has-post-thumbnail","hentry","category-tamaulipas"],"blog_post_layout_featured_media_urls":{"thumbnail":["https:\/\/elregionaldigital.info\/wp-content\/uploads\/2023\/07\/crop-w954-h796-3deelgados-focus-0.23-0.25-628-524-150x150.jpg",150,150,true],"full":["https:\/\/elregionaldigital.info\/wp-content\/uploads\/2023\/07\/crop-w954-h796-3deelgados-focus-0.23-0.25-628-524.jpg",628,524,false]},"categories_names":{"2":{"name":"Tamaulipas","link":"https:\/\/elregionaldigital.info\/?cat=2"}},"tags_names":[],"comments_number":"0","wpmagazine_modules_lite_featured_media_urls":{"thumbnail":["https:\/\/elregionaldigital.info\/wp-content\/uploads\/2023\/07\/crop-w954-h796-3deelgados-focus-0.23-0.25-628-524-150x150.jpg",150,150,true],"cvmm-medium":["https:\/\/elregionaldigital.info\/wp-content\/uploads\/2023\/07\/crop-w954-h796-3deelgados-focus-0.23-0.25-628-524-300x300.jpg",300,300,true],"cvmm-medium-plus":["https:\/\/elregionaldigital.info\/wp-content\/uploads\/2023\/07\/crop-w954-h796-3deelgados-focus-0.23-0.25-628-524-305x207.jpg",305,207,true],"cvmm-portrait":["https:\/\/elregionaldigital.info\/wp-content\/uploads\/2023\/07\/crop-w954-h796-3deelgados-focus-0.23-0.25-628-524-400x524.jpg",400,524,true],"cvmm-medium-square":["https:\/\/elregionaldigital.info\/wp-content\/uploads\/2023\/07\/crop-w954-h796-3deelgados-focus-0.23-0.25-628-524-600x524.jpg",600,524,true],"cvmm-large":["https:\/\/elregionaldigital.info\/wp-content\/uploads\/2023\/07\/crop-w954-h796-3deelgados-focus-0.23-0.25-628-524.jpg",628,524,false],"cvmm-small":["https:\/\/elregionaldigital.info\/wp-content\/uploads\/2023\/07\/crop-w954-h796-3deelgados-focus-0.23-0.25-628-524-130x95.jpg",130,95,true],"full":["https:\/\/elregionaldigital.info\/wp-content\/uploads\/2023\/07\/crop-w954-h796-3deelgados-focus-0.23-0.25-628-524.jpg",628,524,false]},"_links":{"self":[{"href":"https:\/\/elregionaldigital.info\/index.php?rest_route=\/wp\/v2\/posts\/1394","targetHints":{"allow":["GET"]}}],"collection":[{"href":"https:\/\/elregionaldigital.info\/index.php?rest_route=\/wp\/v2\/posts"}],"about":[{"href":"https:\/\/elregionaldigital.info\/index.php?rest_route=\/wp\/v2\/types\/post"}],"author":[{"embeddable":true,"href":"https:\/\/elregionaldigital.info\/index.php?rest_route=\/wp\/v2\/users\/1"}],"replies":[{"embeddable":true,"href":"https:\/\/elregionaldigital.info\/index.php?rest_route=%2Fwp%2Fv2%2Fcomments&post=1394"}],"version-history":[{"count":1,"href":"https:\/\/elregionaldigital.info\/index.php?rest_route=\/wp\/v2\/posts\/1394\/revisions"}],"predecessor-version":[{"id":1396,"href":"https:\/\/elregionaldigital.info\/index.php?rest_route=\/wp\/v2\/posts\/1394\/revisions\/1396"}],"wp:featuredmedia":[{"embeddable":true,"href":"https:\/\/elregionaldigital.info\/index.php?rest_route=\/wp\/v2\/media\/1395"}],"wp:attachment":[{"href":"https:\/\/elregionaldigital.info\/index.php?rest_route=%2Fwp%2Fv2%2Fmedia&parent=1394"}],"wp:term":[{"taxonomy":"category","embeddable":true,"href":"https:\/\/elregionaldigital.info\/index.php?rest_route=%2Fwp%2Fv2%2Fcategories&post=1394"},{"taxonomy":"post_tag","embeddable":true,"href":"https:\/\/elregionaldigital.info\/index.php?rest_route=%2Fwp%2Fv2%2Ftags&post=1394"}],"curies":[{"name":"wp","href":"https:\/\/api.w.org\/{rel}","templated":true}]}}