{"id":1379,"date":"2023-06-21T02:09:23","date_gmt":"2023-06-21T02:09:23","guid":{"rendered":"http:\/\/elregionaldigital.info\/?p=1379"},"modified":"2023-06-27T02:11:22","modified_gmt":"2023-06-27T02:11:22","slug":"continua-gobierno-del-estado-beneficiando-a-productores-con-semilla-de-sorgo-y-maiz","status":"publish","type":"post","link":"https:\/\/elregionaldigital.info\/?p=1379","title":{"rendered":"CONTIN\u00daA GOBIERNO DEL ESTADO BENEFICIANDO A PRODUCTORES CON SEMILLA DE SORGO Y MA\u00cdZ"},"content":{"rendered":"\n<figure class=\"wp-block-image size-full\"><img loading=\"lazy\" decoding=\"async\" width=\"850\" height=\"500\" src=\"http:\/\/elregionaldigital.info\/wp-content\/uploads\/2023\/06\/SRU-029-2023.-Continua-Gobierno-del-Estado-beneficiando-a-productores-con-semilla-de-sorgo-y-maiz-3-850x500-1.jpg\" alt=\"\" class=\"wp-image-1380\" srcset=\"https:\/\/elregionaldigital.info\/wp-content\/uploads\/2023\/06\/SRU-029-2023.-Continua-Gobierno-del-Estado-beneficiando-a-productores-con-semilla-de-sorgo-y-maiz-3-850x500-1.jpg 850w, https:\/\/elregionaldigital.info\/wp-content\/uploads\/2023\/06\/SRU-029-2023.-Continua-Gobierno-del-Estado-beneficiando-a-productores-con-semilla-de-sorgo-y-maiz-3-850x500-1-300x176.jpg 300w, https:\/\/elregionaldigital.info\/wp-content\/uploads\/2023\/06\/SRU-029-2023.-Continua-Gobierno-del-Estado-beneficiando-a-productores-con-semilla-de-sorgo-y-maiz-3-850x500-1-768x452.jpg 768w\" sizes=\"auto, (max-width: 850px) 100vw, 850px\" \/><\/figure>\n\n\n\n<p>Junio 21 de 2023<\/p>\n\n\n\n<p>Gonz\u00e1lez, Tamaulipas.- Con la intenci\u00f3n de seguir impulsando la actividad agr\u00edcola y mejorar el nivel de ingresos de los peque\u00f1os productores y productoras de la zona sur del estado, el secretario de Desarrollo Rural, D\u00e1maso Anaya Alvarado llev\u00f3 a cabo la entrega de semilla de sorgo y ma\u00edz como parte del programa Fomento a la Producci\u00f3n Rural 2023.<\/p>\n\n\n\n<p>La entrega se llev\u00f3 a cabo en el ejido Estaci\u00f3n Manuel del municipio de Gonz\u00e1lez Tamaulipas, donde se dieron cita cerca de 300 agricultores de 52 ejidos, quienes recibieron en total 126 sacos de semilla de ma\u00edz de 20 kg; se contempla entregar un total 2.25 toneladas de semilla de ma\u00edz Llera III, un apoyo que servir\u00e1 para amortiguar los gastos de producci\u00f3n.<\/p>\n\n\n\n<p>El secretario de Desarrollo Rural, D\u00e1maso Anaya Alvarado destac\u00f3 que de igual manera se hizo entrega de un total de 17.46 toneladas de semilla de sorgo ADV G3247, que corresponde a 873 sacos de 20 kg. Esta semilla de sorgo y ma\u00edz es para los municipios de Aldama, Altamira, Gonz\u00e1lez, G\u00f3mez Far\u00edas y El Mante.<\/p>\n\n\n\n<p>Precis\u00f3 que estos apoyos son de suma importancia para el desarrollo rural, ya que garantiza el abasto oportuno de alimentos a los sectores m\u00e1s necesitados, apoyando a ese enorme sector campesino a la disponibilidad de alimentos, ayudando a elevar su productividad, para tener autosuficiencia en los alimentos b\u00e1sicos.<\/p>\n\n\n\n<p>D\u00e1maso Anaya resalt\u00f3 que la variedad de semilla de ma\u00edz que se entreg\u00f3 es Llera III, tiene como ventaja que al momento de la cosecha se puede seleccionar semilla para futuras siembras sin perder sus propiedades y caracter\u00edsticas. Adem\u00e1s, el sorgo es una semilla h\u00edbrida ADV G3247 tiene como ventajas la tolerancia al pulg\u00f3n amarillo y tambi\u00e9n es considerada como excelente para riego y temporal.<\/p>\n\n\n\n<p>\u201cLa indicaci\u00f3n del gobernador es que seamos una sociedad incluyente, colaborativa, participativa y que Tamaulipas vuelva a ser el granero de M\u00e9xico; gracias al apoyo del Gobierno Federal, Tamaulipas no estar\u00e1 m\u00e1s solo; se trabaja de la mano del presidente de la Rep\u00fablica, Andr\u00e9s Manuel L\u00f3pez Obrador en la construcci\u00f3n de una planta de fertilizantes que estar\u00e1 ubicada en la zona norte del estado, ya se est\u00e1 en pl\u00e1ticas con las empresas que van a participar en la instalaci\u00f3n de esta planta, lo que se busca es que los fertilizantes bajen sus costos\u201d, indic\u00f3 el funcionario estatal.<\/p>\n\n\n\n<p>Durante su mensaje, la presidenta municipal de Gonz\u00e1lez, Ada Gabriela Verlage Fiedman, dijo \u201cMe llena de alegr\u00eda constatar este apoyo y agradezco al gobernador, Am\u00e9rico Villarreal Anaya, por todo el apoyo que hace llegar a las manos de los gonzalences\u00bb, dijo.<\/p>\n\n\n\n<p>Explic\u00f3 que una de las tareas m\u00e1s apremiantes de los tres niveles de gobierno es favorecer a los agricultores, ya que es importante trabajar con acciones y lograr una mayor productividad en nuestros campos.<\/p>\n\n\n\n<p>\u201cEl sector agropecuario debe ser productivo, competitivo y sustentable para tener autosuficiencia en los alimentos b\u00e1sicos, somos optimistas en el futuro del sector pero, sobre todo soy m\u00e1s optimista en la sinergia que ha de prevalecer en los tres \u00f3rganos de gobierno, al dar respuesta a nuestros agricultores en sus necesidades\u201d manifest\u00f3 la alcaldesa de Gonz\u00e1lez.<\/p>\n\n\n\n<p>Por su parte, Luis Lauro Reyes Rodr\u00edguez, delegado de Bienestar en Tamaulipas; coment\u00f3 que el gobierno federal que encabeza el presidente Andr\u00e9s Manuel L\u00f3pez Obrador est\u00e1 encausado a quien m\u00e1s lo necesita, y eso debe de quedar claro, aqu\u00ed y en todos los municipios; \u201choy el poder sirve a la gente de campo, a la gente de trabajo\u201d, y destac\u00f3&nbsp; los programas de apoyo como son:&nbsp; Producci\u00f3n para el Bienestar y Sembrando Vidas los cuales est\u00e1n a disposici\u00f3n para beneficio de los productores de Tamaulipas.<\/p>\n\n\n\n<p>El evento estuvo presidido por Guadalupe Acevedo Gonz\u00e1lez, representante de la Secretar\u00eda de Agricultura y Desarrollo Rural en Tamaulipas; Eliseo Camacho Nieto, subsecretario de Desarrollo Agr\u00edcola; Irwing Antonio Vargas Hern\u00e1ndez en representaci\u00f3n del alcalde de Altamira; Alejandro P\u00e9rez Rosas en representaci\u00f3n de los productores beneficiados, as\u00ed como directores de Desarrollo Rural y dem\u00e1s autoridades.<\/p>\n","protected":false},"excerpt":{"rendered":"<p>Junio 21 de 2023 Gonz\u00e1lez, Tamaulipas.- Con la intenci\u00f3n de seguir impulsando la actividad agr\u00edcola y mejorar el nivel de ingresos de los peque\u00f1os productores y productoras de la zona sur del estado, el secretario de Desarrollo Rural, D\u00e1maso Anaya Alvarado llev\u00f3 a cabo la entrega de semilla de sorgo y ma\u00edz como parte del [&hellip;]<\/p>\n","protected":false},"author":1,"featured_media":1380,"comment_status":"open","ping_status":"open","sticky":false,"template":"","format":"standard","meta":{"footnotes":""},"categories":[2],"tags":[],"class_list":["post-1379","post","type-post","status-publish","format-standard","has-post-thumbnail","hentry","category-tamaulipas"],"blog_post_layout_featured_media_urls":{"thumbnail":["https:\/\/elregionaldigital.info\/wp-content\/uploads\/2023\/06\/SRU-029-2023.-Continua-Gobierno-del-Estado-beneficiando-a-productores-con-semilla-de-sorgo-y-maiz-3-850x500-1-150x150.jpg",150,150,true],"full":["https:\/\/elregionaldigital.info\/wp-content\/uploads\/2023\/06\/SRU-029-2023.-Continua-Gobierno-del-Estado-beneficiando-a-productores-con-semilla-de-sorgo-y-maiz-3-850x500-1.jpg",850,500,false]},"categories_names":{"2":{"name":"Tamaulipas","link":"https:\/\/elregionaldigital.info\/?cat=2"}},"tags_names":[],"comments_number":"0","wpmagazine_modules_lite_featured_media_urls":{"thumbnail":["https:\/\/elregionaldigital.info\/wp-content\/uploads\/2023\/06\/SRU-029-2023.-Continua-Gobierno-del-Estado-beneficiando-a-productores-con-semilla-de-sorgo-y-maiz-3-850x500-1-150x150.jpg",150,150,true],"cvmm-medium":["https:\/\/elregionaldigital.info\/wp-content\/uploads\/2023\/06\/SRU-029-2023.-Continua-Gobierno-del-Estado-beneficiando-a-productores-con-semilla-de-sorgo-y-maiz-3-850x500-1-300x300.jpg",300,300,true],"cvmm-medium-plus":["https:\/\/elregionaldigital.info\/wp-content\/uploads\/2023\/06\/SRU-029-2023.-Continua-Gobierno-del-Estado-beneficiando-a-productores-con-semilla-de-sorgo-y-maiz-3-850x500-1-305x207.jpg",305,207,true],"cvmm-portrait":["https:\/\/elregionaldigital.info\/wp-content\/uploads\/2023\/06\/SRU-029-2023.-Continua-Gobierno-del-Estado-beneficiando-a-productores-con-semilla-de-sorgo-y-maiz-3-850x500-1-400x500.jpg",400,500,true],"cvmm-medium-square":["https:\/\/elregionaldigital.info\/wp-content\/uploads\/2023\/06\/SRU-029-2023.-Continua-Gobierno-del-Estado-beneficiando-a-productores-con-semilla-de-sorgo-y-maiz-3-850x500-1-600x500.jpg",600,500,true],"cvmm-large":["https:\/\/elregionaldigital.info\/wp-content\/uploads\/2023\/06\/SRU-029-2023.-Continua-Gobierno-del-Estado-beneficiando-a-productores-con-semilla-de-sorgo-y-maiz-3-850x500-1.jpg",850,500,false],"cvmm-small":["https:\/\/elregionaldigital.info\/wp-content\/uploads\/2023\/06\/SRU-029-2023.-Continua-Gobierno-del-Estado-beneficiando-a-productores-con-semilla-de-sorgo-y-maiz-3-850x500-1-130x95.jpg",130,95,true],"full":["https:\/\/elregionaldigital.info\/wp-content\/uploads\/2023\/06\/SRU-029-2023.-Continua-Gobierno-del-Estado-beneficiando-a-productores-con-semilla-de-sorgo-y-maiz-3-850x500-1.jpg",850,500,false]},"_links":{"self":[{"href":"https:\/\/elregionaldigital.info\/index.php?rest_route=\/wp\/v2\/posts\/1379","targetHints":{"allow":["GET"]}}],"collection":[{"href":"https:\/\/elregionaldigital.info\/index.php?rest_route=\/wp\/v2\/posts"}],"about":[{"href":"https:\/\/elregionaldigital.info\/index.php?rest_route=\/wp\/v2\/types\/post"}],"author":[{"embeddable":true,"href":"https:\/\/elregionaldigital.info\/index.php?rest_route=\/wp\/v2\/users\/1"}],"replies":[{"embeddable":true,"href":"https:\/\/elregionaldigital.info\/index.php?rest_route=%2Fwp%2Fv2%2Fcomments&post=1379"}],"version-history":[{"count":1,"href":"https:\/\/elregionaldigital.info\/index.php?rest_route=\/wp\/v2\/posts\/1379\/revisions"}],"predecessor-version":[{"id":1381,"href":"https:\/\/elregionaldigital.info\/index.php?rest_route=\/wp\/v2\/posts\/1379\/revisions\/1381"}],"wp:featuredmedia":[{"embeddable":true,"href":"https:\/\/elregionaldigital.info\/index.php?rest_route=\/wp\/v2\/media\/1380"}],"wp:attachment":[{"href":"https:\/\/elregionaldigital.info\/index.php?rest_route=%2Fwp%2Fv2%2Fmedia&parent=1379"}],"wp:term":[{"taxonomy":"category","embeddable":true,"href":"https:\/\/elregionaldigital.info\/index.php?rest_route=%2Fwp%2Fv2%2Fcategories&post=1379"},{"taxonomy":"post_tag","embeddable":true,"href":"https:\/\/elregionaldigital.info\/index.php?rest_route=%2Fwp%2Fv2%2Ftags&post=1379"}],"curies":[{"name":"wp","href":"https:\/\/api.w.org\/{rel}","templated":true}]}}