{"id":1367,"date":"2023-06-20T16:00:13","date_gmt":"2023-06-20T16:00:13","guid":{"rendered":"http:\/\/elregionaldigital.info\/?p=1367"},"modified":"2023-06-26T16:02:38","modified_gmt":"2023-06-26T16:02:38","slug":"amlo-designa-a-marath-bolanos-como-nuevo-secretario-de-trabajo","status":"publish","type":"post","link":"https:\/\/elregionaldigital.info\/?p=1367","title":{"rendered":"AMLO designa a Marath Bola\u00f1os como nuevo secretario de Trabajo"},"content":{"rendered":"\n<figure class=\"wp-block-image size-large\"><img loading=\"lazy\" decoding=\"async\" width=\"1024\" height=\"683\" src=\"http:\/\/elregionaldigital.info\/wp-content\/uploads\/2023\/06\/MARATH-BOLANOS-TRABAJO-1536x1024-1-1024x683.jpeg\" alt=\"\" class=\"wp-image-1368\" srcset=\"https:\/\/elregionaldigital.info\/wp-content\/uploads\/2023\/06\/MARATH-BOLANOS-TRABAJO-1536x1024-1-1024x683.jpeg 1024w, https:\/\/elregionaldigital.info\/wp-content\/uploads\/2023\/06\/MARATH-BOLANOS-TRABAJO-1536x1024-1-300x200.jpeg 300w, https:\/\/elregionaldigital.info\/wp-content\/uploads\/2023\/06\/MARATH-BOLANOS-TRABAJO-1536x1024-1-768x512.jpeg 768w, https:\/\/elregionaldigital.info\/wp-content\/uploads\/2023\/06\/MARATH-BOLANOS-TRABAJO-1536x1024-1.jpeg 1536w\" sizes=\"auto, (max-width: 1024px) 100vw, 1024px\" \/><\/figure>\n\n\n\n<p>20 junio 2023 -. Hasta el d\u00eda de hoy, Bola\u00f1os era subsecretario de Empleo y Productividad Laboral y responsable del programa J\u00f3venes Construyendo el Futuro<\/p>\n\n\n\n<p>El presidente Andr\u00e9s Manuel L\u00f3pez Obrador nombr\u00f3 la ma\u00f1ana de este martes a&nbsp;<a href=\"https:\/\/twitter.com\/marathb\"><strong>Marath Bola\u00f1os L\u00f3pez<\/strong><\/a><strong>&nbsp;<\/strong>como nuevo secretario de Trabajo y Previsi\u00f3n Social (<strong>STyPS<\/strong>).<\/p>\n\n\n\n<p>Bola\u00f1os entra en sustituci\u00f3n de&nbsp;<a href=\"https:\/\/www.capital21.cdmx.gob.mx\/noticias\/?p=42950\">Luisa Alcalde Luj\u00e1n<\/a>, quien fue designada como secretaria de Gobernaci\u00f3n (Segob).&nbsp;<\/p>\n\n\n\n<p>Hasta el d\u00eda de hoy Bola\u00f1os se desempe\u00f1aba como subsecretario de Empleo y Productividad Laboral y es el responsable de<strong>&nbsp;J\u00f3venes Construyendo el Futuro<\/strong>&nbsp;(JCF) uno de los programas m\u00e1s emblem\u00e1ticos del gobierno actual.&nbsp;<\/p>\n\n\n\n<p><em>\u201cYa les va a entregar su curr\u00edculum, su historia p\u00fablica. Pero ojal\u00e1 y sigamos as\u00ed. Que nos ayuden mujeres; ya es igual n\u00famero de hombres que mujeres en el gabinete, eso nunca hab\u00eda sucedido\u201d,<\/em>&nbsp;expres\u00f3 el Presidente.<\/p>\n\n\n\n<h2 class=\"wp-block-heading\" id=\"h-quien-es-marath-bolanos\"><strong>\u00bfQui\u00e9n es Marath Bola\u00f1os?<\/strong><\/h2>\n\n\n\n<p>Marath Bola\u00f1os es licenciado en&nbsp;<strong>Relaciones Internacionales&nbsp;<\/strong>por la Facultad de Ciencias Pol\u00edticas y Sociales de la Universidad Nacional Aut\u00f3noma de M\u00e9xico (UNAM). Adem\u00e1s tiene estudios de maestr\u00eda en Estudios Latinoamericanos por la Facultad de Filosof\u00eda y Letras de la&nbsp;<strong>UNAM<\/strong>.<\/p>\n\n\n\n<p>Cuenta con experiencia como servidor p\u00fablico, docente y representante ciudadano.<\/p>\n\n\n\n<p>Antes de su paso en la STyPS se desempe\u00f1\u00f3 en la Administraci\u00f3n P\u00fablica Federal como secretario particular del C. secretario de Relaciones Exteriores (SRE).&nbsp;<strong>Fue diputado&nbsp;<\/strong>por el grupo parlamentario de Morena en la Asamblea Constituyente.&nbsp;<\/p>\n\n\n\n<p>Es catedr\u00e1tico de la UNAM en las carreras de Relaciones Internacionales, Sociolog\u00eda y Ciencias de la Comunicaci\u00f3n. Particip\u00f3 en diversos proyectos de investigaci\u00f3n de la UNAM y realiz\u00f3 una estancia de<strong>&nbsp;investigaci\u00f3n en el extranjero<\/strong>.<\/p>\n","protected":false},"excerpt":{"rendered":"<p>20 junio 2023 -. Hasta el d\u00eda de hoy, Bola\u00f1os era subsecretario de Empleo y Productividad Laboral y responsable del programa J\u00f3venes Construyendo el Futuro El presidente Andr\u00e9s Manuel L\u00f3pez Obrador nombr\u00f3 la ma\u00f1ana de este martes a&nbsp;Marath Bola\u00f1os L\u00f3pez&nbsp;como nuevo secretario de Trabajo y Previsi\u00f3n Social (STyPS). Bola\u00f1os entra en sustituci\u00f3n de&nbsp;Luisa Alcalde Luj\u00e1n, [&hellip;]<\/p>\n","protected":false},"author":1,"featured_media":1368,"comment_status":"open","ping_status":"open","sticky":false,"template":"","format":"standard","meta":{"footnotes":""},"categories":[5],"tags":[],"class_list":["post-1367","post","type-post","status-publish","format-standard","has-post-thumbnail","hentry","category-nacional"],"blog_post_layout_featured_media_urls":{"thumbnail":["https:\/\/elregionaldigital.info\/wp-content\/uploads\/2023\/06\/MARATH-BOLANOS-TRABAJO-1536x1024-1-150x150.jpeg",150,150,true],"full":["https:\/\/elregionaldigital.info\/wp-content\/uploads\/2023\/06\/MARATH-BOLANOS-TRABAJO-1536x1024-1.jpeg",1536,1024,false]},"categories_names":{"5":{"name":"Nacional","link":"https:\/\/elregionaldigital.info\/?cat=5"}},"tags_names":[],"comments_number":"0","wpmagazine_modules_lite_featured_media_urls":{"thumbnail":["https:\/\/elregionaldigital.info\/wp-content\/uploads\/2023\/06\/MARATH-BOLANOS-TRABAJO-1536x1024-1-150x150.jpeg",150,150,true],"cvmm-medium":["https:\/\/elregionaldigital.info\/wp-content\/uploads\/2023\/06\/MARATH-BOLANOS-TRABAJO-1536x1024-1-300x300.jpeg",300,300,true],"cvmm-medium-plus":["https:\/\/elregionaldigital.info\/wp-content\/uploads\/2023\/06\/MARATH-BOLANOS-TRABAJO-1536x1024-1-305x207.jpeg",305,207,true],"cvmm-portrait":["https:\/\/elregionaldigital.info\/wp-content\/uploads\/2023\/06\/MARATH-BOLANOS-TRABAJO-1536x1024-1-400x600.jpeg",400,600,true],"cvmm-medium-square":["https:\/\/elregionaldigital.info\/wp-content\/uploads\/2023\/06\/MARATH-BOLANOS-TRABAJO-1536x1024-1-600x600.jpeg",600,600,true],"cvmm-large":["https:\/\/elregionaldigital.info\/wp-content\/uploads\/2023\/06\/MARATH-BOLANOS-TRABAJO-1536x1024-1-1024x1024.jpeg",1024,1024,true],"cvmm-small":["https:\/\/elregionaldigital.info\/wp-content\/uploads\/2023\/06\/MARATH-BOLANOS-TRABAJO-1536x1024-1-130x95.jpeg",130,95,true],"full":["https:\/\/elregionaldigital.info\/wp-content\/uploads\/2023\/06\/MARATH-BOLANOS-TRABAJO-1536x1024-1.jpeg",1536,1024,false]},"_links":{"self":[{"href":"https:\/\/elregionaldigital.info\/index.php?rest_route=\/wp\/v2\/posts\/1367","targetHints":{"allow":["GET"]}}],"collection":[{"href":"https:\/\/elregionaldigital.info\/index.php?rest_route=\/wp\/v2\/posts"}],"about":[{"href":"https:\/\/elregionaldigital.info\/index.php?rest_route=\/wp\/v2\/types\/post"}],"author":[{"embeddable":true,"href":"https:\/\/elregionaldigital.info\/index.php?rest_route=\/wp\/v2\/users\/1"}],"replies":[{"embeddable":true,"href":"https:\/\/elregionaldigital.info\/index.php?rest_route=%2Fwp%2Fv2%2Fcomments&post=1367"}],"version-history":[{"count":1,"href":"https:\/\/elregionaldigital.info\/index.php?rest_route=\/wp\/v2\/posts\/1367\/revisions"}],"predecessor-version":[{"id":1369,"href":"https:\/\/elregionaldigital.info\/index.php?rest_route=\/wp\/v2\/posts\/1367\/revisions\/1369"}],"wp:featuredmedia":[{"embeddable":true,"href":"https:\/\/elregionaldigital.info\/index.php?rest_route=\/wp\/v2\/media\/1368"}],"wp:attachment":[{"href":"https:\/\/elregionaldigital.info\/index.php?rest_route=%2Fwp%2Fv2%2Fmedia&parent=1367"}],"wp:term":[{"taxonomy":"category","embeddable":true,"href":"https:\/\/elregionaldigital.info\/index.php?rest_route=%2Fwp%2Fv2%2Fcategories&post=1367"},{"taxonomy":"post_tag","embeddable":true,"href":"https:\/\/elregionaldigital.info\/index.php?rest_route=%2Fwp%2Fv2%2Ftags&post=1367"}],"curies":[{"name":"wp","href":"https:\/\/api.w.org\/{rel}","templated":true}]}}