{"id":1364,"date":"2023-06-22T15:39:05","date_gmt":"2023-06-22T15:39:05","guid":{"rendered":"http:\/\/elregionaldigital.info\/?p=1364"},"modified":"2023-06-26T15:47:42","modified_gmt":"2023-06-26T15:47:42","slug":"scjn-invalida-segunda-parte-del-plan-b-electoral","status":"publish","type":"post","link":"https:\/\/elregionaldigital.info\/?p=1364","title":{"rendered":"SCJN invalida segunda parte del \u201cPlan B\u201d electoral"},"content":{"rendered":"\n<figure class=\"wp-block-image size-large\"><img loading=\"lazy\" decoding=\"async\" width=\"1024\" height=\"576\" src=\"http:\/\/elregionaldigital.info\/wp-content\/uploads\/2023\/06\/Segunda-parte-Plan-B-electoral-1-1024x576.jpg\" alt=\"\" class=\"wp-image-1365\" srcset=\"https:\/\/elregionaldigital.info\/wp-content\/uploads\/2023\/06\/Segunda-parte-Plan-B-electoral-1-1024x576.jpg 1024w, https:\/\/elregionaldigital.info\/wp-content\/uploads\/2023\/06\/Segunda-parte-Plan-B-electoral-1-300x169.jpg 300w, https:\/\/elregionaldigital.info\/wp-content\/uploads\/2023\/06\/Segunda-parte-Plan-B-electoral-1-768x432.jpg 768w, https:\/\/elregionaldigital.info\/wp-content\/uploads\/2023\/06\/Segunda-parte-Plan-B-electoral-1.jpg 1280w\" sizes=\"auto, (max-width: 1024px) 100vw, 1024px\" \/><\/figure>\n\n\n\n<p>22 junio, 2023-. Con 9 votos a favor y dos en contra, los ministros de la Suprema Corte de Justicia de la Naci\u00f3n (SCJN) invalidaron la segunda parte del llamado \u201cPlan B\u201d de la reforma electoral del presidente Andr\u00e9s Manuel L\u00f3pez Obrador.<\/p>\n\n\n\n<p>El proyecto del ministro Javier Laynez Potisek se discuti\u00f3 este jueves en el Pleno, donde se plante\u00f3 que para su aprobaci\u00f3n el Congreso de la Uni\u00f3n incurri\u00f3 en una serie de violaciones del proceso legislativo.<\/p>\n\n\n\n<p>Esta segunda parte del \u201cPlan B\u201d electoral pretend\u00eda, entre otras cosas, reducir la estructura del Instituto Nacional Electoral (INE), as\u00ed como los salarios de los consejeros electorales y establecer nuevas reglas en el gasto de recursos de los partidos pol\u00edticos.<\/p>\n\n\n\n<p>En este sentido se inclu\u00edan modificaciones a la Ley General de Instituciones y Procesos Electorales, de la Ley General de Partidos Pol\u00edticos, la Ley Org\u00e1nica del Poder Judicial de la Federal y la creaci\u00f3n de la Ley General de los Medios de Impugnaci\u00f3n en Materia Electoral.<\/p>\n\n\n\n<p>Con 9 votos a favor y dos en contra, los ministros de la Suprema Corte de Justicia de la Naci\u00f3n (SCJN) invalidaron la segunda parte del llamado \u201cPlan B\u201d de la reforma electoral del presidente Andr\u00e9s Manuel L\u00f3pez Obrador.<\/p>\n\n\n\n<p>El proyecto del ministro Javier Laynez Potisek se discuti\u00f3 este jueves en el Pleno, donde se plante\u00f3 que para su aprobaci\u00f3n el Congreso de la Uni\u00f3n incurri\u00f3 en una serie de violaciones del proceso legislativo.<\/p>\n\n\n\n<p>Esta segunda parte del \u201cPlan B\u201d electoral pretend\u00eda, entre otras cosas, reducir la estructura del Instituto Nacional Electoral (INE), as\u00ed como los salarios de los consejeros electorales y establecer nuevas reglas en el gasto de recursos de los partidos pol\u00edticos.<\/p>\n\n\n\n<p>En este sentido se inclu\u00edan modificaciones a la Ley General de Instituciones y Procesos Electorales, de la Ley General de Partidos Pol\u00edticos, la Ley Org\u00e1nica del Poder Judicial de la Federal y la creaci\u00f3n de la Ley General de los Medios de Impugnaci\u00f3n en Materia Electoral.<\/p>\n\n\n\n<p>Los ministros que votaron a favor del proyecto fueron: Alfredo Guti\u00e9rrez Ortiz Mena, Juan Luis Gonz\u00e1lez Alc\u00e1ntara, Luis Mar\u00eda Aguilar, Jorge Pardo Rebolledo, Arturo Zald\u00edvar, Margarita R\u00edos Farjat, Javier Laynez, Alberto P\u00e9rez Day\u00e1n y Norma Pi\u00f1a Hern\u00e1ndez.<\/p>\n\n\n\n<p>Con la validaci\u00f3n del proyecto del ministro Laynez, quedan sepultadas por completo las modificaciones en materia electoral propuestas por el presidente L\u00f3pez Obrador.<\/p>\n\n\n\n<p>Esto se da despu\u00e9s de que, en su conferencia matutina,&nbsp;<a href=\"https:\/\/noticiasenlamira.com\/politica\/amlo-ve-intromision-de-la-scjn-en-debate-sobre-plan-b-electoral\/\">el mandatario calificara como una \u201cintromisi\u00f3n\u201d<\/a>&nbsp;del m\u00e1ximo tribunal en el trabajo legislativo.<\/p>\n\n\n\n<p>\u201cConsidero que es una invasi\u00f3n, una intromisi\u00f3n al Poder Legislativo, le van a corregir la plana\u201d, sostuvo.<\/p>\n","protected":false},"excerpt":{"rendered":"<p>22 junio, 2023-. Con 9 votos a favor y dos en contra, los ministros de la Suprema Corte de Justicia de la Naci\u00f3n (SCJN) invalidaron la segunda parte del llamado \u201cPlan B\u201d de la reforma electoral del presidente Andr\u00e9s Manuel L\u00f3pez Obrador. El proyecto del ministro Javier Laynez Potisek se discuti\u00f3 este jueves en el [&hellip;]<\/p>\n","protected":false},"author":1,"featured_media":1365,"comment_status":"open","ping_status":"open","sticky":false,"template":"","format":"standard","meta":{"footnotes":""},"categories":[5],"tags":[],"class_list":["post-1364","post","type-post","status-publish","format-standard","has-post-thumbnail","hentry","category-nacional"],"blog_post_layout_featured_media_urls":{"thumbnail":["https:\/\/elregionaldigital.info\/wp-content\/uploads\/2023\/06\/Segunda-parte-Plan-B-electoral-1-150x150.jpg",150,150,true],"full":["https:\/\/elregionaldigital.info\/wp-content\/uploads\/2023\/06\/Segunda-parte-Plan-B-electoral-1.jpg",1280,720,false]},"categories_names":{"5":{"name":"Nacional","link":"https:\/\/elregionaldigital.info\/?cat=5"}},"tags_names":[],"comments_number":"0","wpmagazine_modules_lite_featured_media_urls":{"thumbnail":["https:\/\/elregionaldigital.info\/wp-content\/uploads\/2023\/06\/Segunda-parte-Plan-B-electoral-1-150x150.jpg",150,150,true],"cvmm-medium":["https:\/\/elregionaldigital.info\/wp-content\/uploads\/2023\/06\/Segunda-parte-Plan-B-electoral-1-300x300.jpg",300,300,true],"cvmm-medium-plus":["https:\/\/elregionaldigital.info\/wp-content\/uploads\/2023\/06\/Segunda-parte-Plan-B-electoral-1-305x207.jpg",305,207,true],"cvmm-portrait":["https:\/\/elregionaldigital.info\/wp-content\/uploads\/2023\/06\/Segunda-parte-Plan-B-electoral-1-400x600.jpg",400,600,true],"cvmm-medium-square":["https:\/\/elregionaldigital.info\/wp-content\/uploads\/2023\/06\/Segunda-parte-Plan-B-electoral-1-600x600.jpg",600,600,true],"cvmm-large":["https:\/\/elregionaldigital.info\/wp-content\/uploads\/2023\/06\/Segunda-parte-Plan-B-electoral-1-1024x720.jpg",1024,720,true],"cvmm-small":["https:\/\/elregionaldigital.info\/wp-content\/uploads\/2023\/06\/Segunda-parte-Plan-B-electoral-1-130x95.jpg",130,95,true],"full":["https:\/\/elregionaldigital.info\/wp-content\/uploads\/2023\/06\/Segunda-parte-Plan-B-electoral-1.jpg",1280,720,false]},"_links":{"self":[{"href":"https:\/\/elregionaldigital.info\/index.php?rest_route=\/wp\/v2\/posts\/1364","targetHints":{"allow":["GET"]}}],"collection":[{"href":"https:\/\/elregionaldigital.info\/index.php?rest_route=\/wp\/v2\/posts"}],"about":[{"href":"https:\/\/elregionaldigital.info\/index.php?rest_route=\/wp\/v2\/types\/post"}],"author":[{"embeddable":true,"href":"https:\/\/elregionaldigital.info\/index.php?rest_route=\/wp\/v2\/users\/1"}],"replies":[{"embeddable":true,"href":"https:\/\/elregionaldigital.info\/index.php?rest_route=%2Fwp%2Fv2%2Fcomments&post=1364"}],"version-history":[{"count":1,"href":"https:\/\/elregionaldigital.info\/index.php?rest_route=\/wp\/v2\/posts\/1364\/revisions"}],"predecessor-version":[{"id":1366,"href":"https:\/\/elregionaldigital.info\/index.php?rest_route=\/wp\/v2\/posts\/1364\/revisions\/1366"}],"wp:featuredmedia":[{"embeddable":true,"href":"https:\/\/elregionaldigital.info\/index.php?rest_route=\/wp\/v2\/media\/1365"}],"wp:attachment":[{"href":"https:\/\/elregionaldigital.info\/index.php?rest_route=%2Fwp%2Fv2%2Fmedia&parent=1364"}],"wp:term":[{"taxonomy":"category","embeddable":true,"href":"https:\/\/elregionaldigital.info\/index.php?rest_route=%2Fwp%2Fv2%2Fcategories&post=1364"},{"taxonomy":"post_tag","embeddable":true,"href":"https:\/\/elregionaldigital.info\/index.php?rest_route=%2Fwp%2Fv2%2Ftags&post=1364"}],"curies":[{"name":"wp","href":"https:\/\/api.w.org\/{rel}","templated":true}]}}