{"id":1361,"date":"2023-06-20T13:32:00","date_gmt":"2023-06-20T13:32:00","guid":{"rendered":"http:\/\/elregionaldigital.info\/?p=1361"},"modified":"2023-06-21T01:39:31","modified_gmt":"2023-06-21T01:39:31","slug":"bebe-rexha-es-golpeada-en-el-rostro-por-un-fan-durante-concierto","status":"publish","type":"post","link":"https:\/\/elregionaldigital.info\/?p=1361","title":{"rendered":"Bebe Rexha es golpeada en el rostro por un fan durante concierto"},"content":{"rendered":"\n<figure class=\"wp-block-image size-large\"><img loading=\"lazy\" decoding=\"async\" width=\"1024\" height=\"576\" src=\"http:\/\/elregionaldigital.info\/wp-content\/uploads\/2023\/06\/Bebe-Rexha-accidente-1024x576.jpg\" alt=\"\" class=\"wp-image-1362\" srcset=\"https:\/\/elregionaldigital.info\/wp-content\/uploads\/2023\/06\/Bebe-Rexha-accidente-1024x576.jpg 1024w, https:\/\/elregionaldigital.info\/wp-content\/uploads\/2023\/06\/Bebe-Rexha-accidente-300x169.jpg 300w, https:\/\/elregionaldigital.info\/wp-content\/uploads\/2023\/06\/Bebe-Rexha-accidente-768x432.jpg 768w, https:\/\/elregionaldigital.info\/wp-content\/uploads\/2023\/06\/Bebe-Rexha-accidente.jpg 1280w\" sizes=\"auto, (max-width: 1024px) 100vw, 1024px\" \/><\/figure>\n\n\n\n<p>20 junio, 2023-. La cantante report\u00f3 su estado de salud a trav\u00e9s de redes sociales<\/p>\n\n\n\n<p>La reconocida cantante estadounidense<strong>&nbsp;Bebe Rexha<\/strong>&nbsp;sufri\u00f3 una agresi\u00f3n violenta durante uno de sus conciertos en Nueva York, cuando un fan\u00e1tico le arroj\u00f3 un celular que impact\u00f3 en su rostro.<\/p>\n\n\n\n<p>El incidente ocurri\u00f3 recientemente y provoc\u00f3 una herida que requiri\u00f3 sutura inmediata, as\u00ed como la cancelaci\u00f3n del evento y el arresto del responsable.<\/p>\n\n\n\n<p>En videos que se han difundido a trav\u00e9s de las redes sociales, se puede observar a la artista de 33 a\u00f1os interpretando una canci\u00f3n cuando repentinamente es golpeada en la cara por el celular lanzado desde el p\u00fablico.<\/p>\n\n\n\n<p>Tras el impacto, Bebe Rexha cae al suelo y es atendida de inmediato por el equipo m\u00e9dico presente en el concierto.<\/p>\n\n\n\n<p>La persona responsable de arrojar el celular al escenario fue identificada y arrestada. Seg\u00fan informes, el individuo admiti\u00f3 que su intenci\u00f3n era golpear a la int\u00e9rprete, ya que consideraba que ser\u00eda \u201cdivertido\u201d. Cabe mencionar que, el agresor enfrenta m\u00faltiples cargos, incluyendo dos de asalto, uno de acoso, uno de acoso agravado y uno de intento de asalto.<\/p>\n","protected":false},"excerpt":{"rendered":"<p>20 junio, 2023-. La cantante report\u00f3 su estado de salud a trav\u00e9s de redes sociales La reconocida cantante estadounidense&nbsp;Bebe Rexha&nbsp;sufri\u00f3 una agresi\u00f3n violenta durante uno de sus conciertos en Nueva York, cuando un fan\u00e1tico le arroj\u00f3 un celular que impact\u00f3 en su rostro. El incidente ocurri\u00f3 recientemente y provoc\u00f3 una herida que requiri\u00f3 sutura inmediata, [&hellip;]<\/p>\n","protected":false},"author":1,"featured_media":1362,"comment_status":"open","ping_status":"open","sticky":false,"template":"","format":"standard","meta":{"footnotes":""},"categories":[1],"tags":[],"class_list":["post-1361","post","type-post","status-publish","format-standard","has-post-thumbnail","hentry","category-sin-categoria"],"blog_post_layout_featured_media_urls":{"thumbnail":["https:\/\/elregionaldigital.info\/wp-content\/uploads\/2023\/06\/Bebe-Rexha-accidente-150x150.jpg",150,150,true],"full":["https:\/\/elregionaldigital.info\/wp-content\/uploads\/2023\/06\/Bebe-Rexha-accidente.jpg",1280,720,false]},"categories_names":{"1":{"name":"Sin categor\u00eda","link":"https:\/\/elregionaldigital.info\/?cat=1"}},"tags_names":[],"comments_number":"0","wpmagazine_modules_lite_featured_media_urls":{"thumbnail":["https:\/\/elregionaldigital.info\/wp-content\/uploads\/2023\/06\/Bebe-Rexha-accidente-150x150.jpg",150,150,true],"cvmm-medium":["https:\/\/elregionaldigital.info\/wp-content\/uploads\/2023\/06\/Bebe-Rexha-accidente-300x300.jpg",300,300,true],"cvmm-medium-plus":["https:\/\/elregionaldigital.info\/wp-content\/uploads\/2023\/06\/Bebe-Rexha-accidente-305x207.jpg",305,207,true],"cvmm-portrait":["https:\/\/elregionaldigital.info\/wp-content\/uploads\/2023\/06\/Bebe-Rexha-accidente-400x600.jpg",400,600,true],"cvmm-medium-square":["https:\/\/elregionaldigital.info\/wp-content\/uploads\/2023\/06\/Bebe-Rexha-accidente-600x600.jpg",600,600,true],"cvmm-large":["https:\/\/elregionaldigital.info\/wp-content\/uploads\/2023\/06\/Bebe-Rexha-accidente-1024x720.jpg",1024,720,true],"cvmm-small":["https:\/\/elregionaldigital.info\/wp-content\/uploads\/2023\/06\/Bebe-Rexha-accidente-130x95.jpg",130,95,true],"full":["https:\/\/elregionaldigital.info\/wp-content\/uploads\/2023\/06\/Bebe-Rexha-accidente.jpg",1280,720,false]},"_links":{"self":[{"href":"https:\/\/elregionaldigital.info\/index.php?rest_route=\/wp\/v2\/posts\/1361","targetHints":{"allow":["GET"]}}],"collection":[{"href":"https:\/\/elregionaldigital.info\/index.php?rest_route=\/wp\/v2\/posts"}],"about":[{"href":"https:\/\/elregionaldigital.info\/index.php?rest_route=\/wp\/v2\/types\/post"}],"author":[{"embeddable":true,"href":"https:\/\/elregionaldigital.info\/index.php?rest_route=\/wp\/v2\/users\/1"}],"replies":[{"embeddable":true,"href":"https:\/\/elregionaldigital.info\/index.php?rest_route=%2Fwp%2Fv2%2Fcomments&post=1361"}],"version-history":[{"count":1,"href":"https:\/\/elregionaldigital.info\/index.php?rest_route=\/wp\/v2\/posts\/1361\/revisions"}],"predecessor-version":[{"id":1363,"href":"https:\/\/elregionaldigital.info\/index.php?rest_route=\/wp\/v2\/posts\/1361\/revisions\/1363"}],"wp:featuredmedia":[{"embeddable":true,"href":"https:\/\/elregionaldigital.info\/index.php?rest_route=\/wp\/v2\/media\/1362"}],"wp:attachment":[{"href":"https:\/\/elregionaldigital.info\/index.php?rest_route=%2Fwp%2Fv2%2Fmedia&parent=1361"}],"wp:term":[{"taxonomy":"category","embeddable":true,"href":"https:\/\/elregionaldigital.info\/index.php?rest_route=%2Fwp%2Fv2%2Fcategories&post=1361"},{"taxonomy":"post_tag","embeddable":true,"href":"https:\/\/elregionaldigital.info\/index.php?rest_route=%2Fwp%2Fv2%2Ftags&post=1361"}],"curies":[{"name":"wp","href":"https:\/\/api.w.org\/{rel}","templated":true}]}}