{"id":1358,"date":"2023-06-17T20:38:15","date_gmt":"2023-06-17T20:38:15","guid":{"rendered":"http:\/\/elregionaldigital.info\/?p=1358"},"modified":"2023-06-19T20:39:28","modified_gmt":"2023-06-19T20:39:28","slug":"prepara-uat-la-semana-de-sustentabilidad-2023","status":"publish","type":"post","link":"https:\/\/elregionaldigital.info\/?p=1358","title":{"rendered":"Prepara UAT la Semana de Sustentabilidad 2023"},"content":{"rendered":"\n<figure class=\"wp-block-image size-large\"><img loading=\"lazy\" decoding=\"async\" width=\"1024\" height=\"683\" src=\"http:\/\/elregionaldigital.info\/wp-content\/uploads\/2023\/06\/16-1-1024x683.jpg\" alt=\"\" class=\"wp-image-1359\" srcset=\"https:\/\/elregionaldigital.info\/wp-content\/uploads\/2023\/06\/16-1-1024x683.jpg 1024w, https:\/\/elregionaldigital.info\/wp-content\/uploads\/2023\/06\/16-1-300x200.jpg 300w, https:\/\/elregionaldigital.info\/wp-content\/uploads\/2023\/06\/16-1-768x512.jpg 768w, https:\/\/elregionaldigital.info\/wp-content\/uploads\/2023\/06\/16-1-1536x1024.jpg 1536w, https:\/\/elregionaldigital.info\/wp-content\/uploads\/2023\/06\/16-1-2048x1365.jpg 2048w\" sizes=\"auto, (max-width: 1024px) 100vw, 1024px\" \/><\/figure>\n\n\n\n<p>Ciudad Victoria, Tam.; 17 de junio de 2023.<\/p>\n\n\n\n<p><\/p>\n\n\n\n<p>La Universidad Aut\u00f3noma de Tamaulipas (UAT) realizar\u00e1, del 26 al 30 de junio, la Semana<br>de la Sustentabilidad, la cual incluye una serie de actividades orientadas al cuidado y<br>preservaci\u00f3n del medioambiente, as\u00ed como la sensibilizaci\u00f3n de las personas en torno al<br>tema.<br>El programa para este a\u00f1o integra m\u00e1s de quince eventos a desarrollarse en todo el<br>estado, en modalidad presencial y a distancia, entre actividades culturales, talleres,<br>conferencias cient\u00edficas, paneles, cuidado y mantenimiento de espacios verdes.<br>Al respecto, la Direcci\u00f3n de Sustentabilidad, dependiente de la Secretar\u00eda de<br>Investigaci\u00f3n y Posgrado de la UAT, dio a conocer la organizaci\u00f3n de las actividades en las<br>cuales se promueve la participaci\u00f3n de la comunidad universitaria y sociedad en general.<br>En dichas acciones se contar\u00e1 con la colaboraci\u00f3n de estudiantes, docentes y<br>trabajadores que integran la Red Universitaria de Sustentabilidad (RUS), quienes aportar\u00e1n<br>sus experiencias en diversos proyectos y soluciones pr\u00e1cticas para el desarrollo sostenible.<br>En ese contexto, las actividades inician el 26 de junio, con el taller de elaboraci\u00f3n<br>de gel antibacterial con aloe vera, en la Unidad Acad\u00e9mica Multidisciplinaria de Ciencias,<br>Educaci\u00f3n y Humanidades; tambi\u00e9n inicia el taller \u201cResponsabilidad social tecnol\u00f3gica:<br>una educaci\u00f3n sostenible\u201d, en la Facultad de Comercio y Administraci\u00f3n Victoria.<br>El segundo d\u00eda contempla el taller sobre da\u00f1os ocasionados por cr\u00edmenes y delitos<br>ambientales en M\u00e9xico, mediante videoconferencia desde la Unidad Acad\u00e9mica<br>Multidisciplinaria Reynosa Aztl\u00e1n; mientras que, de manera presencial, en el Campus<br>Victoria, se efectuar\u00e1 el taller sobre la utilizaci\u00f3n de subproductos de origen vegetal, el<br>taller te\u00f3rico-pr\u00e1ctico sobre agricultura urbana regenerativa y la conferencia \u201cUAT<br>sostenible\u201d.<br>Para el 28 de junio se ha preparado el taller de elaboraci\u00f3n de conservas de frutas y<br>hortalizas, en la Facultad de Derecho Victoria; mientras que en el Centro Universitario Sur<br>se efectuar\u00e1 el panel \u201cEl reto de los Objetivos de Desarrollo Sostenible (O.D.S.)\u201d, en el que<br>cinco cient\u00edficos de la UAT abordar\u00e1n l\u00edneas de investigaci\u00f3n relacionadas con el<br>cumplimiento de la Agenda 2030.<\/p>\n","protected":false},"excerpt":{"rendered":"<p>Ciudad Victoria, Tam.; 17 de junio de 2023. La Universidad Aut\u00f3noma de Tamaulipas (UAT) realizar\u00e1, del 26 al 30 de junio, la Semanade la Sustentabilidad, la cual incluye una serie de actividades orientadas al cuidado ypreservaci\u00f3n del medioambiente, as\u00ed como la sensibilizaci\u00f3n de las personas en torno altema.El programa para este a\u00f1o integra m\u00e1s de [&hellip;]<\/p>\n","protected":false},"author":1,"featured_media":1359,"comment_status":"open","ping_status":"open","sticky":false,"template":"","format":"standard","meta":{"footnotes":""},"categories":[4],"tags":[],"class_list":["post-1358","post","type-post","status-publish","format-standard","has-post-thumbnail","hentry","category-universidades"],"blog_post_layout_featured_media_urls":{"thumbnail":["https:\/\/elregionaldigital.info\/wp-content\/uploads\/2023\/06\/16-1-150x150.jpg",150,150,true],"full":["https:\/\/elregionaldigital.info\/wp-content\/uploads\/2023\/06\/16-1-scaled.jpg",2560,1707,false]},"categories_names":{"4":{"name":"Universidades","link":"https:\/\/elregionaldigital.info\/?cat=4"}},"tags_names":[],"comments_number":"0","wpmagazine_modules_lite_featured_media_urls":{"thumbnail":["https:\/\/elregionaldigital.info\/wp-content\/uploads\/2023\/06\/16-1-150x150.jpg",150,150,true],"cvmm-medium":["https:\/\/elregionaldigital.info\/wp-content\/uploads\/2023\/06\/16-1-300x300.jpg",300,300,true],"cvmm-medium-plus":["https:\/\/elregionaldigital.info\/wp-content\/uploads\/2023\/06\/16-1-305x207.jpg",305,207,true],"cvmm-portrait":["https:\/\/elregionaldigital.info\/wp-content\/uploads\/2023\/06\/16-1-400x600.jpg",400,600,true],"cvmm-medium-square":["https:\/\/elregionaldigital.info\/wp-content\/uploads\/2023\/06\/16-1-600x600.jpg",600,600,true],"cvmm-large":["https:\/\/elregionaldigital.info\/wp-content\/uploads\/2023\/06\/16-1-1024x1024.jpg",1024,1024,true],"cvmm-small":["https:\/\/elregionaldigital.info\/wp-content\/uploads\/2023\/06\/16-1-130x95.jpg",130,95,true],"full":["https:\/\/elregionaldigital.info\/wp-content\/uploads\/2023\/06\/16-1-scaled.jpg",2560,1707,false]},"_links":{"self":[{"href":"https:\/\/elregionaldigital.info\/index.php?rest_route=\/wp\/v2\/posts\/1358","targetHints":{"allow":["GET"]}}],"collection":[{"href":"https:\/\/elregionaldigital.info\/index.php?rest_route=\/wp\/v2\/posts"}],"about":[{"href":"https:\/\/elregionaldigital.info\/index.php?rest_route=\/wp\/v2\/types\/post"}],"author":[{"embeddable":true,"href":"https:\/\/elregionaldigital.info\/index.php?rest_route=\/wp\/v2\/users\/1"}],"replies":[{"embeddable":true,"href":"https:\/\/elregionaldigital.info\/index.php?rest_route=%2Fwp%2Fv2%2Fcomments&post=1358"}],"version-history":[{"count":1,"href":"https:\/\/elregionaldigital.info\/index.php?rest_route=\/wp\/v2\/posts\/1358\/revisions"}],"predecessor-version":[{"id":1360,"href":"https:\/\/elregionaldigital.info\/index.php?rest_route=\/wp\/v2\/posts\/1358\/revisions\/1360"}],"wp:featuredmedia":[{"embeddable":true,"href":"https:\/\/elregionaldigital.info\/index.php?rest_route=\/wp\/v2\/media\/1359"}],"wp:attachment":[{"href":"https:\/\/elregionaldigital.info\/index.php?rest_route=%2Fwp%2Fv2%2Fmedia&parent=1358"}],"wp:term":[{"taxonomy":"category","embeddable":true,"href":"https:\/\/elregionaldigital.info\/index.php?rest_route=%2Fwp%2Fv2%2Fcategories&post=1358"},{"taxonomy":"post_tag","embeddable":true,"href":"https:\/\/elregionaldigital.info\/index.php?rest_route=%2Fwp%2Fv2%2Ftags&post=1358"}],"curies":[{"name":"wp","href":"https:\/\/api.w.org\/{rel}","templated":true}]}}