{"id":1352,"date":"2023-06-05T20:30:24","date_gmt":"2023-06-05T20:30:24","guid":{"rendered":"http:\/\/elregionaldigital.info\/?p=1352"},"modified":"2023-06-19T20:34:21","modified_gmt":"2023-06-19T20:34:21","slug":"inicia-en-la-uat-el-periodo-de-clases-de-verano-2023","status":"publish","type":"post","link":"https:\/\/elregionaldigital.info\/?p=1352","title":{"rendered":"Inicia en la UAT el per\u00edodo de clases de verano 2023"},"content":{"rendered":"\n<figure class=\"wp-block-image size-large\"><img loading=\"lazy\" decoding=\"async\" width=\"1024\" height=\"683\" src=\"http:\/\/elregionaldigital.info\/wp-content\/uploads\/2023\/06\/6-4-2-1024x683.jpg\" alt=\"\" class=\"wp-image-1353\" srcset=\"https:\/\/elregionaldigital.info\/wp-content\/uploads\/2023\/06\/6-4-2-1024x683.jpg 1024w, https:\/\/elregionaldigital.info\/wp-content\/uploads\/2023\/06\/6-4-2-300x200.jpg 300w, https:\/\/elregionaldigital.info\/wp-content\/uploads\/2023\/06\/6-4-2-768x512.jpg 768w, https:\/\/elregionaldigital.info\/wp-content\/uploads\/2023\/06\/6-4-2-1536x1024.jpg 1536w, https:\/\/elregionaldigital.info\/wp-content\/uploads\/2023\/06\/6-4-2-2048x1365.jpg 2048w\" sizes=\"auto, (max-width: 1024px) 100vw, 1024px\" \/><\/figure>\n\n\n\n<p>Ciudad Victoria, Tam.; 5 de junio de 2023.<\/p>\n\n\n\n<p><\/p>\n\n\n\n<p>Conforme al calendario escolar y administrativo de la Universidad Aut\u00f3noma de<br>Tamaulipas (UAT), este 5 de junio, estudiantes y docentes regresaron de manera<br>presencial a las actividades acad\u00e9micas correspondientes al per\u00edodo de verano<br>2023 de la m\u00e1xima casa de estudios en la entidad.<br>Las actividades se iniciaron en las facultades y unidades acad\u00e9micas de la<br>UAT en todo el estado que durante este per\u00edodo brindan a sus estudiantes la<br>posibilidad de recuperar o adelantar asignaturas de su plan de estudios.<br>De acuerdo con el calendario escolar de la UAT, se estipul\u00f3 que del 1 al 15<br>de junio se mantendr\u00eda abierto el proceso de inscripciones para la comunidad<br>estudiantil universitaria mediante el portal oficial de la UAT, dando como fecha<br>l\u00edmite para el pago de colegiatura el 16 de junio.<br>El ciclo escolar consta de siete semanas de clases. Del 5 de junio al 21 de<br>julio se imparte un n\u00famero de materias determinadas por las unidades<br>acad\u00e9micas y facultades con el fin de proporcionarle al estudiantado alternativas<br>que beneficien su formaci\u00f3n mediante un servicio educativo pertinente y de<br>calidad que fomente la cobertura con equidad e inclusi\u00f3n.<br>Por otro lado, quienes aspiran a ingresar en el periodo de oto\u00f1o 2023 deben<br>saber que el examen de ingreso a licenciatura EXANI II del CENEVAL, requisito<br>indispensable para ingresar a la UAT, ser\u00e1 aplicado el 20 de julio en modalidad<br>presencial.<br>Los resultados del EXANI II ser\u00e1n publicados el 11 de agosto, y el inicio de<br>clases del per\u00edodo de oto\u00f1o se ha fijado para el 21 de agosto.<\/p>\n","protected":false},"excerpt":{"rendered":"<p>Ciudad Victoria, Tam.; 5 de junio de 2023. Conforme al calendario escolar y administrativo de la Universidad Aut\u00f3noma deTamaulipas (UAT), este 5 de junio, estudiantes y docentes regresaron de manerapresencial a las actividades acad\u00e9micas correspondientes al per\u00edodo de verano2023 de la m\u00e1xima casa de estudios en la entidad.Las actividades se iniciaron en las facultades y [&hellip;]<\/p>\n","protected":false},"author":1,"featured_media":1353,"comment_status":"open","ping_status":"open","sticky":false,"template":"","format":"standard","meta":{"footnotes":""},"categories":[4],"tags":[],"class_list":["post-1352","post","type-post","status-publish","format-standard","has-post-thumbnail","hentry","category-universidades"],"blog_post_layout_featured_media_urls":{"thumbnail":["https:\/\/elregionaldigital.info\/wp-content\/uploads\/2023\/06\/6-4-2-150x150.jpg",150,150,true],"full":["https:\/\/elregionaldigital.info\/wp-content\/uploads\/2023\/06\/6-4-2-scaled.jpg",2560,1707,false]},"categories_names":{"4":{"name":"Universidades","link":"https:\/\/elregionaldigital.info\/?cat=4"}},"tags_names":[],"comments_number":"0","wpmagazine_modules_lite_featured_media_urls":{"thumbnail":["https:\/\/elregionaldigital.info\/wp-content\/uploads\/2023\/06\/6-4-2-150x150.jpg",150,150,true],"cvmm-medium":["https:\/\/elregionaldigital.info\/wp-content\/uploads\/2023\/06\/6-4-2-300x300.jpg",300,300,true],"cvmm-medium-plus":["https:\/\/elregionaldigital.info\/wp-content\/uploads\/2023\/06\/6-4-2-305x207.jpg",305,207,true],"cvmm-portrait":["https:\/\/elregionaldigital.info\/wp-content\/uploads\/2023\/06\/6-4-2-400x600.jpg",400,600,true],"cvmm-medium-square":["https:\/\/elregionaldigital.info\/wp-content\/uploads\/2023\/06\/6-4-2-600x600.jpg",600,600,true],"cvmm-large":["https:\/\/elregionaldigital.info\/wp-content\/uploads\/2023\/06\/6-4-2-1024x1024.jpg",1024,1024,true],"cvmm-small":["https:\/\/elregionaldigital.info\/wp-content\/uploads\/2023\/06\/6-4-2-130x95.jpg",130,95,true],"full":["https:\/\/elregionaldigital.info\/wp-content\/uploads\/2023\/06\/6-4-2-scaled.jpg",2560,1707,false]},"_links":{"self":[{"href":"https:\/\/elregionaldigital.info\/index.php?rest_route=\/wp\/v2\/posts\/1352","targetHints":{"allow":["GET"]}}],"collection":[{"href":"https:\/\/elregionaldigital.info\/index.php?rest_route=\/wp\/v2\/posts"}],"about":[{"href":"https:\/\/elregionaldigital.info\/index.php?rest_route=\/wp\/v2\/types\/post"}],"author":[{"embeddable":true,"href":"https:\/\/elregionaldigital.info\/index.php?rest_route=\/wp\/v2\/users\/1"}],"replies":[{"embeddable":true,"href":"https:\/\/elregionaldigital.info\/index.php?rest_route=%2Fwp%2Fv2%2Fcomments&post=1352"}],"version-history":[{"count":1,"href":"https:\/\/elregionaldigital.info\/index.php?rest_route=\/wp\/v2\/posts\/1352\/revisions"}],"predecessor-version":[{"id":1354,"href":"https:\/\/elregionaldigital.info\/index.php?rest_route=\/wp\/v2\/posts\/1352\/revisions\/1354"}],"wp:featuredmedia":[{"embeddable":true,"href":"https:\/\/elregionaldigital.info\/index.php?rest_route=\/wp\/v2\/media\/1353"}],"wp:attachment":[{"href":"https:\/\/elregionaldigital.info\/index.php?rest_route=%2Fwp%2Fv2%2Fmedia&parent=1352"}],"wp:term":[{"taxonomy":"category","embeddable":true,"href":"https:\/\/elregionaldigital.info\/index.php?rest_route=%2Fwp%2Fv2%2Fcategories&post=1352"},{"taxonomy":"post_tag","embeddable":true,"href":"https:\/\/elregionaldigital.info\/index.php?rest_route=%2Fwp%2Fv2%2Ftags&post=1352"}],"curies":[{"name":"wp","href":"https:\/\/api.w.org\/{rel}","templated":true}]}}