{"id":1349,"date":"2023-06-19T20:19:24","date_gmt":"2023-06-19T20:19:24","guid":{"rendered":"http:\/\/elregionaldigital.info\/?p=1349"},"modified":"2023-06-19T20:19:24","modified_gmt":"2023-06-19T20:19:24","slug":"arranca-sebien-empleando-bienestar-en-tamaulipas","status":"publish","type":"post","link":"https:\/\/elregionaldigital.info\/?p=1349","title":{"rendered":"Arranca SEBIEN \u201cEmpleando bienestar\u201d en Tamaulipas"},"content":{"rendered":"\n<figure class=\"wp-block-image size-full\"><img loading=\"lazy\" decoding=\"async\" width=\"737\" height=\"450\" src=\"http:\/\/elregionaldigital.info\/wp-content\/uploads\/2023\/06\/imagen-107728.jpg\" alt=\"\" class=\"wp-image-1350\" srcset=\"https:\/\/elregionaldigital.info\/wp-content\/uploads\/2023\/06\/imagen-107728.jpg 737w, https:\/\/elregionaldigital.info\/wp-content\/uploads\/2023\/06\/imagen-107728-300x183.jpg 300w\" sizes=\"auto, (max-width: 737px) 100vw, 737px\" \/><\/figure>\n\n\n\n<p><strong>Ciudad Victoria, Tamaulipas.-<\/strong>&nbsp;El Gobierno del Estado de Tamaulipas que encabeza el gobernador Am\u00e9rico Villarreal Anaya, a trav\u00e9s de la Secretar\u00eda de Bienestar Social (SEBIEN), da inicio al programa &#8220;Primero los Pobres&#8221;, con su vertiente \u201cEmpleando bienestar\u201d, el cual atender\u00e1 a 30 municipios de la entidad en zonas prioritarias de alta vulnerabilidad, con lo cual se pretende fomentar la participaci\u00f3n de las y los titulares de derecho en actividades que realice la SEBIEN, mediante acciones que garanticen el mejoramiento de las condiciones de vida de las familias tamaulipecas.<\/p>\n\n\n\n<p>Se destinar\u00e1 un monto de 29 millones 856 mil 715 pesos para dar beneficio a un total de 7,302 personas, con lo cual se dar\u00e1 apoyo a quienes se encuentren en situaci\u00f3n de desempleo por m\u00e1s de 6 meses, fortaleciendo la econom\u00eda familiar, enfocado a mujeres y hombres jefes de familia que realizar\u00e1n acciones de mejoramiento en sus localidades, por lo cual se les brindar\u00e1 un apoyo econ\u00f3mico.<\/p>\n\n\n\n<p>Se busca llevar a cabo actividades encaminadas al mejoramiento y rehabilitaci\u00f3n del entorno social por medio de acciones enfocadas en la protecci\u00f3n, conservaci\u00f3n, restauraci\u00f3n, reforestaci\u00f3n, limpieza de espacios p\u00fablicos y aprovechamiento sustentable de los recursos naturales; as\u00ed como de actividades enfocadas en la prevenci\u00f3n, relacionadas con la salud como descacharrizaci\u00f3n, limpieza de drenes p\u00fablicos, drenajes, represas, aljibes, bordos, orillas de r\u00edos, lagunas, fuentes comunitarias, entre otras.<br><br>Al respecto, Ver\u00f3nica Adriana Aguirre de Los Santos, titular de la SEBIEN en Tamaulipas, se\u00f1al\u00f3 que con el programa \u201cPrimero los Pobres\u201d y su vertiente \u201cEmpleando bienestar\u201d, se busca beneficiar a personas que no cuentan con un empleo.<\/p>\n\n\n\n<p>\u201cExiste mucha necesidad de apoyar a las familias o a los ciudadanos que se encuentran en situaci\u00f3n de desempleo, entonces con \u201cEmpleando bienestar\u201d se busca que puedan hacer actividades dentro de su ejido, en su colonia, en el campo pesquero, y de esta manera reciban un apoyo econ\u00f3mico por parte del Gobierno del Estado que les ayude a sostenerse en lo que encuentran un empleo formal\u201d, asegur\u00f3 Aguirre de Los Santos.<\/p>\n\n\n\n<p>Con acciones encaminadas en mejorar la calidad de vida de las familias tamaulipecas y gracias a las pol\u00edticas p\u00fablicas humanistas y cercanas a la gente del gobernador Am\u00e9rico Villarreal Anaya, seguimos en la ruta de la transformaci\u00f3n del Presidente de M\u00e9xico, Andr\u00e9s Manuel L\u00f3pez Obrador, generando \u00a1bienestar para todos!<\/p>\n","protected":false},"excerpt":{"rendered":"<p>Ciudad Victoria, Tamaulipas.-&nbsp;El Gobierno del Estado de Tamaulipas que encabeza el gobernador Am\u00e9rico Villarreal Anaya, a trav\u00e9s de la Secretar\u00eda de Bienestar Social (SEBIEN), da inicio al programa &#8220;Primero los Pobres&#8221;, con su vertiente \u201cEmpleando bienestar\u201d, el cual atender\u00e1 a 30 municipios de la entidad en zonas prioritarias de alta vulnerabilidad, con lo cual se [&hellip;]<\/p>\n","protected":false},"author":1,"featured_media":1350,"comment_status":"open","ping_status":"open","sticky":false,"template":"","format":"standard","meta":{"footnotes":""},"categories":[2],"tags":[],"class_list":["post-1349","post","type-post","status-publish","format-standard","has-post-thumbnail","hentry","category-tamaulipas"],"blog_post_layout_featured_media_urls":{"thumbnail":["https:\/\/elregionaldigital.info\/wp-content\/uploads\/2023\/06\/imagen-107728-150x150.jpg",150,150,true],"full":["https:\/\/elregionaldigital.info\/wp-content\/uploads\/2023\/06\/imagen-107728.jpg",737,450,false]},"categories_names":{"2":{"name":"Tamaulipas","link":"https:\/\/elregionaldigital.info\/?cat=2"}},"tags_names":[],"comments_number":"0","wpmagazine_modules_lite_featured_media_urls":{"thumbnail":["https:\/\/elregionaldigital.info\/wp-content\/uploads\/2023\/06\/imagen-107728-150x150.jpg",150,150,true],"cvmm-medium":["https:\/\/elregionaldigital.info\/wp-content\/uploads\/2023\/06\/imagen-107728-300x300.jpg",300,300,true],"cvmm-medium-plus":["https:\/\/elregionaldigital.info\/wp-content\/uploads\/2023\/06\/imagen-107728-305x207.jpg",305,207,true],"cvmm-portrait":["https:\/\/elregionaldigital.info\/wp-content\/uploads\/2023\/06\/imagen-107728-400x450.jpg",400,450,true],"cvmm-medium-square":["https:\/\/elregionaldigital.info\/wp-content\/uploads\/2023\/06\/imagen-107728-600x450.jpg",600,450,true],"cvmm-large":["https:\/\/elregionaldigital.info\/wp-content\/uploads\/2023\/06\/imagen-107728.jpg",737,450,false],"cvmm-small":["https:\/\/elregionaldigital.info\/wp-content\/uploads\/2023\/06\/imagen-107728-130x95.jpg",130,95,true],"full":["https:\/\/elregionaldigital.info\/wp-content\/uploads\/2023\/06\/imagen-107728.jpg",737,450,false]},"_links":{"self":[{"href":"https:\/\/elregionaldigital.info\/index.php?rest_route=\/wp\/v2\/posts\/1349","targetHints":{"allow":["GET"]}}],"collection":[{"href":"https:\/\/elregionaldigital.info\/index.php?rest_route=\/wp\/v2\/posts"}],"about":[{"href":"https:\/\/elregionaldigital.info\/index.php?rest_route=\/wp\/v2\/types\/post"}],"author":[{"embeddable":true,"href":"https:\/\/elregionaldigital.info\/index.php?rest_route=\/wp\/v2\/users\/1"}],"replies":[{"embeddable":true,"href":"https:\/\/elregionaldigital.info\/index.php?rest_route=%2Fwp%2Fv2%2Fcomments&post=1349"}],"version-history":[{"count":1,"href":"https:\/\/elregionaldigital.info\/index.php?rest_route=\/wp\/v2\/posts\/1349\/revisions"}],"predecessor-version":[{"id":1351,"href":"https:\/\/elregionaldigital.info\/index.php?rest_route=\/wp\/v2\/posts\/1349\/revisions\/1351"}],"wp:featuredmedia":[{"embeddable":true,"href":"https:\/\/elregionaldigital.info\/index.php?rest_route=\/wp\/v2\/media\/1350"}],"wp:attachment":[{"href":"https:\/\/elregionaldigital.info\/index.php?rest_route=%2Fwp%2Fv2%2Fmedia&parent=1349"}],"wp:term":[{"taxonomy":"category","embeddable":true,"href":"https:\/\/elregionaldigital.info\/index.php?rest_route=%2Fwp%2Fv2%2Fcategories&post=1349"},{"taxonomy":"post_tag","embeddable":true,"href":"https:\/\/elregionaldigital.info\/index.php?rest_route=%2Fwp%2Fv2%2Ftags&post=1349"}],"curies":[{"name":"wp","href":"https:\/\/api.w.org\/{rel}","templated":true}]}}