{"id":1343,"date":"2023-06-13T19:09:15","date_gmt":"2023-06-13T19:09:15","guid":{"rendered":"http:\/\/elregionaldigital.info\/?p=1343"},"modified":"2023-06-19T20:00:53","modified_gmt":"2023-06-19T20:00:53","slug":"alicia-barcena-la-nueva-secretaria-de-relaciones-exteriores","status":"publish","type":"post","link":"https:\/\/elregionaldigital.info\/?p=1343","title":{"rendered":"Alicia B\u00e1rcena, la nueva secretaria de Relaciones Exteriores"},"content":{"rendered":"\n<figure class=\"wp-block-image size-large\"><img loading=\"lazy\" decoding=\"async\" width=\"1024\" height=\"683\" src=\"http:\/\/elregionaldigital.info\/wp-content\/uploads\/2023\/06\/ALICIABARCENA-1024x683.jpeg\" alt=\"\" class=\"wp-image-1344\" srcset=\"https:\/\/elregionaldigital.info\/wp-content\/uploads\/2023\/06\/ALICIABARCENA-1024x683.jpeg 1024w, https:\/\/elregionaldigital.info\/wp-content\/uploads\/2023\/06\/ALICIABARCENA-300x200.jpeg 300w, https:\/\/elregionaldigital.info\/wp-content\/uploads\/2023\/06\/ALICIABARCENA-768x512.jpeg 768w, https:\/\/elregionaldigital.info\/wp-content\/uploads\/2023\/06\/ALICIABARCENA.jpeg 1218w\" sizes=\"auto, (max-width: 1024px) 100vw, 1024px\" \/><\/figure>\n\n\n\n<p>13 de junio, 2023-. Alicia B\u00e1rcena ostenta una amplia trayectoria, su nombre destac\u00f3 cuando en 2006 fue nombrada jefa de Gabinete de la ONU<\/p>\n\n\n\n<h6 class=\"wp-block-heading\"><em>Alicia B\u00e1rcena ostenta una amplia trayectoria, su nombre destac\u00f3 cuando en 2006 fue nombrada jefa de Gabinete de la ONU<\/em><\/h6>\n\n\n\n<p>El presidente&nbsp;<a href=\"https:\/\/www.capital21.cdmx.gob.mx\/noticias\/?p=42672\">Andr\u00e9s Manuel L\u00f3pez Obrador<\/a>&nbsp;inform\u00f3 que&nbsp;<strong>Alicia B\u00e1rcena ser\u00e1 la nueva secretaria de Relaciones Exteriores&nbsp;<\/strong>(SRE) en sustituci\u00f3n de Marcelo Ebrard, quien present\u00f3 su renuncia para buscar la candidatura presidencial de Morena.&nbsp;<\/p>\n\n\n\n<p>B\u00e1rcena tomar\u00e1 posesi\u00f3n del cargo en 10 d\u00edas, ya que por ahora la encargada de la SRE es Carmen Moreno, subsecretaria de la dependencia.&nbsp;<\/p>\n\n\n\n<p><em>\u201cEs una profesional, una diplom\u00e1tica, una mujer con convicciones, con principios. Y nos va a ayudar en este \u00faltimo tramo del gobierno\u201d,&nbsp;<\/em>sostuvo L\u00f3pez Obrador.&nbsp;<\/p>\n\n\n\n<h2 class=\"wp-block-heading\" id=\"h-quien-es-alicia-barcena\"><strong>\u00bfQui\u00e9n es Alicia B\u00e1rcena?<\/strong><\/h2>\n\n\n\n<p>Bi\u00f3loga de profesi\u00f3n, con maestr\u00eda en Administraci\u00f3n P\u00fablica de la Universidad de Harvard, B\u00e1rcena ostenta una&nbsp;<strong>amplia trayectoria&nbsp;<\/strong>dentro del sector p\u00fablico.&nbsp;<\/p>\n\n\n\n<p>Su nombre destac\u00f3 cuando en 2006, el entonces secretario general de las Nacionales Unidas (<a href=\"https:\/\/twitter.com\/ONU_es\"><strong>ONU<\/strong><\/a>), Kofi Annan, la nombr\u00f3 Jefa de Gabinete.&nbsp;<\/p>\n\n\n\n<p>Fue su gran desempe\u00f1o lo que le abri\u00f3 la puerta a la Secretar\u00eda Ejecutiva de la Comisi\u00f3n Econ\u00f3mica para Am\u00e9rica Latina y el Caribe (<strong>Cepal<\/strong>), puesto que ocup\u00f3 desde 2008 hasta 2022.&nbsp;<\/p>\n\n\n\n<p>Ha sido coordinadora de las Naciones Unidas para el Desarrollo (<strong>PNUD<\/strong>) y coordinadora del Proyecto Ciudadan\u00eda Ambiental del Programa de las Naciones Unidas para el Medio Ambiente (<strong>PNUMA<\/strong>).<\/p>\n\n\n\n<p>B\u00e1rcena ha sido profesora e investigadora de la Universidad Nacional Aut\u00f3noma de M\u00e9xico (<strong>UNAM<\/strong>). Adem\u00e1s, ha publicado numerosos art\u00edculos sobre desarrollo sostenible, pol\u00edticas p\u00fablicas, medio ambiente y participaci\u00f3n p\u00fablica. Actualmente se desempe\u00f1a como embajadora de M\u00e9xico en Chile.<\/p>\n\n\n\n<p>Cabe recordar que B\u00e1rcena tambi\u00e9n ha sido activista social. En 1971, cuando a\u00fan era estudiante,&nbsp;<strong>fue dirigente del Comit\u00e9 de Lucha&nbsp;<\/strong>que exigi\u00f3 justicia por la masacre de estudiantes en manos \u2018Los Halcones\u2019.<\/p>\n","protected":false},"excerpt":{"rendered":"<p>13 de junio, 2023-. Alicia B\u00e1rcena ostenta una amplia trayectoria, su nombre destac\u00f3 cuando en 2006 fue nombrada jefa de Gabinete de la ONU Alicia B\u00e1rcena ostenta una amplia trayectoria, su nombre destac\u00f3 cuando en 2006 fue nombrada jefa de Gabinete de la ONU El presidente&nbsp;Andr\u00e9s Manuel L\u00f3pez Obrador&nbsp;inform\u00f3 que&nbsp;Alicia B\u00e1rcena ser\u00e1 la nueva secretaria [&hellip;]<\/p>\n","protected":false},"author":1,"featured_media":1344,"comment_status":"open","ping_status":"open","sticky":false,"template":"","format":"standard","meta":{"footnotes":""},"categories":[5],"tags":[],"class_list":["post-1343","post","type-post","status-publish","format-standard","has-post-thumbnail","hentry","category-nacional"],"blog_post_layout_featured_media_urls":{"thumbnail":["https:\/\/elregionaldigital.info\/wp-content\/uploads\/2023\/06\/ALICIABARCENA-150x150.jpeg",150,150,true],"full":["https:\/\/elregionaldigital.info\/wp-content\/uploads\/2023\/06\/ALICIABARCENA.jpeg",1218,812,false]},"categories_names":{"5":{"name":"Nacional","link":"https:\/\/elregionaldigital.info\/?cat=5"}},"tags_names":[],"comments_number":"0","wpmagazine_modules_lite_featured_media_urls":{"thumbnail":["https:\/\/elregionaldigital.info\/wp-content\/uploads\/2023\/06\/ALICIABARCENA-150x150.jpeg",150,150,true],"cvmm-medium":["https:\/\/elregionaldigital.info\/wp-content\/uploads\/2023\/06\/ALICIABARCENA-300x300.jpeg",300,300,true],"cvmm-medium-plus":["https:\/\/elregionaldigital.info\/wp-content\/uploads\/2023\/06\/ALICIABARCENA-305x207.jpeg",305,207,true],"cvmm-portrait":["https:\/\/elregionaldigital.info\/wp-content\/uploads\/2023\/06\/ALICIABARCENA-400x600.jpeg",400,600,true],"cvmm-medium-square":["https:\/\/elregionaldigital.info\/wp-content\/uploads\/2023\/06\/ALICIABARCENA-600x600.jpeg",600,600,true],"cvmm-large":["https:\/\/elregionaldigital.info\/wp-content\/uploads\/2023\/06\/ALICIABARCENA-1024x812.jpeg",1024,812,true],"cvmm-small":["https:\/\/elregionaldigital.info\/wp-content\/uploads\/2023\/06\/ALICIABARCENA-130x95.jpeg",130,95,true],"full":["https:\/\/elregionaldigital.info\/wp-content\/uploads\/2023\/06\/ALICIABARCENA.jpeg",1218,812,false]},"_links":{"self":[{"href":"https:\/\/elregionaldigital.info\/index.php?rest_route=\/wp\/v2\/posts\/1343","targetHints":{"allow":["GET"]}}],"collection":[{"href":"https:\/\/elregionaldigital.info\/index.php?rest_route=\/wp\/v2\/posts"}],"about":[{"href":"https:\/\/elregionaldigital.info\/index.php?rest_route=\/wp\/v2\/types\/post"}],"author":[{"embeddable":true,"href":"https:\/\/elregionaldigital.info\/index.php?rest_route=\/wp\/v2\/users\/1"}],"replies":[{"embeddable":true,"href":"https:\/\/elregionaldigital.info\/index.php?rest_route=%2Fwp%2Fv2%2Fcomments&post=1343"}],"version-history":[{"count":1,"href":"https:\/\/elregionaldigital.info\/index.php?rest_route=\/wp\/v2\/posts\/1343\/revisions"}],"predecessor-version":[{"id":1345,"href":"https:\/\/elregionaldigital.info\/index.php?rest_route=\/wp\/v2\/posts\/1343\/revisions\/1345"}],"wp:featuredmedia":[{"embeddable":true,"href":"https:\/\/elregionaldigital.info\/index.php?rest_route=\/wp\/v2\/media\/1344"}],"wp:attachment":[{"href":"https:\/\/elregionaldigital.info\/index.php?rest_route=%2Fwp%2Fv2%2Fmedia&parent=1343"}],"wp:term":[{"taxonomy":"category","embeddable":true,"href":"https:\/\/elregionaldigital.info\/index.php?rest_route=%2Fwp%2Fv2%2Fcategories&post=1343"},{"taxonomy":"post_tag","embeddable":true,"href":"https:\/\/elregionaldigital.info\/index.php?rest_route=%2Fwp%2Fv2%2Ftags&post=1343"}],"curies":[{"name":"wp","href":"https:\/\/api.w.org\/{rel}","templated":true}]}}