{"id":1340,"date":"2023-06-15T19:04:20","date_gmt":"2023-06-15T19:04:20","guid":{"rendered":"http:\/\/elregionaldigital.info\/?p=1340"},"modified":"2023-06-19T19:07:40","modified_gmt":"2023-06-19T19:07:40","slug":"proponen-a-marti-batres-como-nuevo-jefe-de-gobierno-de-la-cdmx","status":"publish","type":"post","link":"https:\/\/elregionaldigital.info\/?p=1340","title":{"rendered":"Proponen a Mart\u00ed Batres como nuevo jefe de gobierno de la CDMX"},"content":{"rendered":"\n<figure class=\"wp-block-image size-large\"><img loading=\"lazy\" decoding=\"async\" width=\"1024\" height=\"576\" src=\"http:\/\/elregionaldigital.info\/wp-content\/uploads\/2023\/06\/MARTI-BATRES-JEFE-DE-GOBIERNO-1536x864-1-1024x576.jpeg\" alt=\"\" class=\"wp-image-1341\" srcset=\"https:\/\/elregionaldigital.info\/wp-content\/uploads\/2023\/06\/MARTI-BATRES-JEFE-DE-GOBIERNO-1536x864-1-1024x576.jpeg 1024w, https:\/\/elregionaldigital.info\/wp-content\/uploads\/2023\/06\/MARTI-BATRES-JEFE-DE-GOBIERNO-1536x864-1-300x169.jpeg 300w, https:\/\/elregionaldigital.info\/wp-content\/uploads\/2023\/06\/MARTI-BATRES-JEFE-DE-GOBIERNO-1536x864-1-768x432.jpeg 768w, https:\/\/elregionaldigital.info\/wp-content\/uploads\/2023\/06\/MARTI-BATRES-JEFE-DE-GOBIERNO-1536x864-1.jpeg 1536w\" sizes=\"auto, (max-width: 1024px) 100vw, 1024px\" \/><\/figure>\n\n\n\n<p>15 de junio, 2023-. Sheinbaum aclar\u00f3 que su propuesta de que Batres la sustituya, deber\u00e1 ser aprobada por el Congreso de la Ciudad de M\u00e9xico<\/p>\n\n\n\n<h6 class=\"wp-block-heading\"><em>Sheinbaum aclar\u00f3 que su propuesta de que Batres la sustituya, deber\u00e1 ser aprobada por el Congreso de la Ciudad de M\u00e9xico<\/em><\/h6>\n\n\n\n<p><a href=\"https:\/\/twitter.com\/Claudiashein\">Claudia Sheinbaum Pardo<\/a>, jefa de gobierno de la Ciudad de M\u00e9xico, propuso a&nbsp;<strong>Mart\u00ed Batres Guadarrama<\/strong>, actual secretario de Gobierno, para que la sustituya al frente de la administraci\u00f3n capitalina.<\/p>\n\n\n\n<p>No obstante, la todav\u00eda mandataria local asegur\u00f3 que&nbsp;<strong>la propuesta deber\u00e1 ser aprobada por el Congreso de la Ciudad de M\u00e9xico<\/strong>, por lo que a\u00fan no es definitiva.&nbsp;<\/p>\n\n\n\n<p>En conferencia de prensa, Sheinbaum Pardo calific\u00f3 a&nbsp;<a href=\"https:\/\/www.capital21.cdmx.gob.mx\/noticias\/?p=38839\">Batres<\/a>&nbsp;como una persona honesta y conocedor de la capital del pa\u00eds. Asimismo, destac\u00f3 su&nbsp;<strong>trayectoria como servidor p\u00fablico<\/strong>.<\/p>\n\n\n\n<p>Por su parte, Batres agradeci\u00f3 a la mandataria capitalina por haberlo invitado a formar parte de su gobierno y destac\u00f3 que<strong>&nbsp;se va para jugar un papel muy importante en M\u00e9xico<\/strong>.&nbsp;<\/p>\n\n\n\n<p>En ese sentido, explic\u00f3 que, de ser aprobada la propuesta por el Congreso local, se enfocar\u00eda en:<\/p>\n\n\n\n<ul class=\"wp-block-list\">\n<li>Dar seguimiento a las obras que est\u00e1n en proceso.<\/li>\n\n\n\n<li>Cuidar y&nbsp;<strong>mantener la paz y seguridad<\/strong>.<\/li>\n\n\n\n<li>Dialogar con todas las fuerzas pol\u00edticas, sociales y econ\u00f3micas.&nbsp;<\/li>\n<\/ul>\n\n\n\n<p>Batres agreg\u00f3 que se debe trabajar y&nbsp;<strong>mantener la cercan\u00eda con la ciudadan\u00eda&nbsp;<\/strong>y todos los sectores de la sociedad.<\/p>\n\n\n\n<h2 class=\"wp-block-heading\" id=\"h-quien-es-marti-batres\"><strong>\u00bfQui\u00e9n es Mart\u00ed Batres?<\/strong><\/h2>\n\n\n\n<p>Es maestro en Trabajo Social por la Universidad Nacional Aut\u00f3noma de M\u00e9xico (UNAM) y licenciado en Derecho. Actualmente es&nbsp;<strong>doctorante&nbsp;<\/strong>de Estudios Latinoamericanos en la UNAM.&nbsp;<\/p>\n\n\n\n<p>Batres ha sido diputado federal en dos ocasiones. De 2006 a 2011 colabor\u00f3 como&nbsp;<strong>secretario de Desarrollo Social&nbsp;<\/strong>del entonces gobierno del Distrito Federal. De 2012 a 2015 fue presidente del Comit\u00e9 Ejecutivo Nacional de Morena.&nbsp;<\/p>\n\n\n\n<p>El 15 de julio de 2021, Batres dej\u00f3 su esca\u00f1o en el Senado de la Rep\u00fablica para ocupar el cargo de&nbsp;<strong>secretario de Gobierno de la Ciudad de M\u00e9xico<\/strong>&nbsp;en sustituci\u00f3n de Jos\u00e9 Alfonso Su\u00e1rez del Real.<\/p>\n","protected":false},"excerpt":{"rendered":"<p>15 de junio, 2023-. Sheinbaum aclar\u00f3 que su propuesta de que Batres la sustituya, deber\u00e1 ser aprobada por el Congreso de la Ciudad de M\u00e9xico Sheinbaum aclar\u00f3 que su propuesta de que Batres la sustituya, deber\u00e1 ser aprobada por el Congreso de la Ciudad de M\u00e9xico Claudia Sheinbaum Pardo, jefa de gobierno de la Ciudad [&hellip;]<\/p>\n","protected":false},"author":1,"featured_media":1341,"comment_status":"open","ping_status":"open","sticky":false,"template":"","format":"standard","meta":{"footnotes":""},"categories":[5],"tags":[],"class_list":["post-1340","post","type-post","status-publish","format-standard","has-post-thumbnail","hentry","category-nacional"],"blog_post_layout_featured_media_urls":{"thumbnail":["https:\/\/elregionaldigital.info\/wp-content\/uploads\/2023\/06\/MARTI-BATRES-JEFE-DE-GOBIERNO-1536x864-1-150x150.jpeg",150,150,true],"full":["https:\/\/elregionaldigital.info\/wp-content\/uploads\/2023\/06\/MARTI-BATRES-JEFE-DE-GOBIERNO-1536x864-1.jpeg",1536,864,false]},"categories_names":{"5":{"name":"Nacional","link":"https:\/\/elregionaldigital.info\/?cat=5"}},"tags_names":[],"comments_number":"0","wpmagazine_modules_lite_featured_media_urls":{"thumbnail":["https:\/\/elregionaldigital.info\/wp-content\/uploads\/2023\/06\/MARTI-BATRES-JEFE-DE-GOBIERNO-1536x864-1-150x150.jpeg",150,150,true],"cvmm-medium":["https:\/\/elregionaldigital.info\/wp-content\/uploads\/2023\/06\/MARTI-BATRES-JEFE-DE-GOBIERNO-1536x864-1-300x300.jpeg",300,300,true],"cvmm-medium-plus":["https:\/\/elregionaldigital.info\/wp-content\/uploads\/2023\/06\/MARTI-BATRES-JEFE-DE-GOBIERNO-1536x864-1-305x207.jpeg",305,207,true],"cvmm-portrait":["https:\/\/elregionaldigital.info\/wp-content\/uploads\/2023\/06\/MARTI-BATRES-JEFE-DE-GOBIERNO-1536x864-1-400x600.jpeg",400,600,true],"cvmm-medium-square":["https:\/\/elregionaldigital.info\/wp-content\/uploads\/2023\/06\/MARTI-BATRES-JEFE-DE-GOBIERNO-1536x864-1-600x600.jpeg",600,600,true],"cvmm-large":["https:\/\/elregionaldigital.info\/wp-content\/uploads\/2023\/06\/MARTI-BATRES-JEFE-DE-GOBIERNO-1536x864-1-1024x864.jpeg",1024,864,true],"cvmm-small":["https:\/\/elregionaldigital.info\/wp-content\/uploads\/2023\/06\/MARTI-BATRES-JEFE-DE-GOBIERNO-1536x864-1-130x95.jpeg",130,95,true],"full":["https:\/\/elregionaldigital.info\/wp-content\/uploads\/2023\/06\/MARTI-BATRES-JEFE-DE-GOBIERNO-1536x864-1.jpeg",1536,864,false]},"_links":{"self":[{"href":"https:\/\/elregionaldigital.info\/index.php?rest_route=\/wp\/v2\/posts\/1340","targetHints":{"allow":["GET"]}}],"collection":[{"href":"https:\/\/elregionaldigital.info\/index.php?rest_route=\/wp\/v2\/posts"}],"about":[{"href":"https:\/\/elregionaldigital.info\/index.php?rest_route=\/wp\/v2\/types\/post"}],"author":[{"embeddable":true,"href":"https:\/\/elregionaldigital.info\/index.php?rest_route=\/wp\/v2\/users\/1"}],"replies":[{"embeddable":true,"href":"https:\/\/elregionaldigital.info\/index.php?rest_route=%2Fwp%2Fv2%2Fcomments&post=1340"}],"version-history":[{"count":1,"href":"https:\/\/elregionaldigital.info\/index.php?rest_route=\/wp\/v2\/posts\/1340\/revisions"}],"predecessor-version":[{"id":1342,"href":"https:\/\/elregionaldigital.info\/index.php?rest_route=\/wp\/v2\/posts\/1340\/revisions\/1342"}],"wp:featuredmedia":[{"embeddable":true,"href":"https:\/\/elregionaldigital.info\/index.php?rest_route=\/wp\/v2\/media\/1341"}],"wp:attachment":[{"href":"https:\/\/elregionaldigital.info\/index.php?rest_route=%2Fwp%2Fv2%2Fmedia&parent=1340"}],"wp:term":[{"taxonomy":"category","embeddable":true,"href":"https:\/\/elregionaldigital.info\/index.php?rest_route=%2Fwp%2Fv2%2Fcategories&post=1340"},{"taxonomy":"post_tag","embeddable":true,"href":"https:\/\/elregionaldigital.info\/index.php?rest_route=%2Fwp%2Fv2%2Ftags&post=1340"}],"curies":[{"name":"wp","href":"https:\/\/api.w.org\/{rel}","templated":true}]}}