{"id":1332,"date":"2023-06-09T20:21:19","date_gmt":"2023-06-09T20:21:19","guid":{"rendered":"http:\/\/elregionaldigital.info\/?p=1332"},"modified":"2023-06-09T20:21:20","modified_gmt":"2023-06-09T20:21:20","slug":"xochitl-galvez-notifica-a-presidencia-que-asistira-el-lunes-a-la-mananera-de-amlo","status":"publish","type":"post","link":"https:\/\/elregionaldigital.info\/?p=1332","title":{"rendered":"X\u00f3chitl G\u00e1lvez notifica a Presidencia que asistir\u00e1 el lunes a la ma\u00f1anera de AMLO"},"content":{"rendered":"\n<figure class=\"wp-block-image size-full is-resized\"><img loading=\"lazy\" decoding=\"async\" src=\"http:\/\/elregionaldigital.info\/wp-content\/uploads\/2023\/06\/descarga-2.jpg\" alt=\"\" class=\"wp-image-1334\" width=\"580\" height=\"290\" srcset=\"https:\/\/elregionaldigital.info\/wp-content\/uploads\/2023\/06\/descarga-2.jpg 318w, https:\/\/elregionaldigital.info\/wp-content\/uploads\/2023\/06\/descarga-2-300x150.jpg 300w\" sizes=\"auto, (max-width: 580px) 100vw, 580px\" \/><\/figure>\n\n\n\n<p>La senadora\u00a0<a rel=\"noreferrer noopener\" href=\"https:\/\/www.eluniversal.com.mx\/tag\/xochitl-galvez\/\" target=\"_blank\"><strong>X\u00f3chitl G\u00e1lvez\u00a0<\/strong><\/a>notific\u00f3 este viernes que asistir\u00e1 el pr\u00f3ximo lunes 12 de junio a la ma\u00f1anera del presidente<strong>\u00a0Andr\u00e9s Manuel L\u00f3pez Obrador<\/strong>, para ejercer su derecho de r\u00e9plica.<\/p>\n\n\n\n<p>La senadora del PAN dirigi\u00f3 un oficio a&nbsp;<strong>Jes\u00fas Ram\u00edrez Cuevas<\/strong>, coordinador general de Comunicaci\u00f3n Social de Presidencia, en el que inform\u00f3 que el lunes asistir\u00e1 a las 05:30 horas para ejercer su derecho de r\u00e9plica, por lo que pidi\u00f3 el acceso al Sal\u00f3n Tesorer\u00eda.<\/p>\n\n\n\n<p>\u201cSabedores de lo que establece la ley, solicito el acceso al sal\u00f3n Tesorer\u00eda, durante la transmisi\u00f3n de la conferencia de prensa de ese d\u00eda, a fin de que se me otorgue la palabra en las mismas condiciones en las que fui aludida. Es decir, en el mismo horario y con caracter\u00edsticas similares a la transmisi\u00f3n en que se difundi\u00f3 la informaci\u00f3n falsa e inexacta sobre mi persona\u201d, se\u00f1al\u00f3 G\u00e1lvez.<\/p>\n\n\n\n<h2 class=\"wp-block-heading\">\u201cA HUEVO QUE VOY A IR A LA MA\u00d1ANERA\u201d<\/h2>\n\n\n\n<p>La&nbsp;<strong>senadora X\u00f3chitl G\u00e1lvez,<\/strong>&nbsp;quien obtuvo un amparo judicial que le permite ir a la conferencia ma\u00f1anera a ejercer su derecho de r\u00e9plica, lament\u00f3 las resistencias en Palacio Nacional y reiter\u00f3 \u201c<strong>a huevo que voy a ir a la ma\u00f1anera el pr\u00f3ximo lunes\u201d<\/strong>.<\/p>\n\n\n\n<p>Consultada sobre si esta lista para compartir micr\u00f3fono con el presidente Andr\u00e9s Manuel L\u00f3pez Obrador, respondi\u00f3 con esa frase coloquial y dijo que en caso de que no le permitan participar, estar\u00edan violando el amparo y sus derechos humanos.<\/p>\n\n\n\n<p>M\u00e1s tarde en Twitter, comunic\u00f3 su decisi\u00f3n de asistir este lunes a Palacio Nacional a ejercer su derecho de r\u00e9plica.<\/p>\n\n\n\n<p>\u201cRespetuosamente, he notificado a Palacio Nacional que asistir\u00e9 el lunes para ejercer mi Derecho de r\u00e9plica\u201d.<\/p>\n\n\n\n<p>Reiter\u00f3 que el pr\u00f3ximo lunes se apersonar\u00e1 en la conferencia ma\u00f1anera del presidente Andr\u00e9s Manuel L\u00f3pez Obrador, para ejercer su derecho de r\u00e9plica sobre los programas sociales que aplica esta administraci\u00f3n y advirti\u00f3 que si le niegan el acceso violar\u00e1n abiertamente sus derechos humanos.<\/p>\n\n\n\n<p>Ello a pesar de que el Presidente le pidi\u00f3 que desistiera de presentarse, porque en la ma\u00f1anera \u201cnos reservamos el derecho de admisi\u00f3n\u201d.<\/p>\n\n\n\n<p>\u201cElla es aspirante a candidata, es todo lo que anda buscando, es muy bueno que d\u00e9 sus conferencias. Pero, que no venga aqu\u00ed a querer utilizar este foro que es para informar y es para comunicar a la gente. Ya ser\u00eda el colmo que nosotros le hici\u00e9ramos la campa\u00f1a a los conservadores, les puedo dar consejos, pero hacerle la campa\u00f1a, es extremo\u201d, dijo en la ma\u00f1anera de ayer jueves.<\/p>\n\n\n\n<h2 class=\"wp-block-heading\">AMLO se reserva el &#8220;derecho de admisi\u00f3n&#8221;<\/h2>\n\n\n\n<p>El presidenteL\u00f3pez Obradorsostuvo en su conferencia matutina de este 8 de junio que se reservaba el \u201cderecho de admisi\u00f3n\u201d para dar derecho de r\u00e9plica a la senadora del<strong>&nbsp;PAN<\/strong>, luego de que un juez otorg\u00f3 un amparo para que la panista pueda acudir a Palacio Nacional.<\/p>\n\n\n\n<p>&#8220;La Ma\u00f1anera no es fiesta como para que reserven derecho de admisi\u00f3n. Palacio Nacional es la casa de los mexicanos&#8221;, expres\u00f3 la legisladora.<\/p>\n\n\n\n<figure class=\"wp-block-image size-full\"><img loading=\"lazy\" decoding=\"async\" width=\"649\" height=\"900\" src=\"http:\/\/elregionaldigital.info\/wp-content\/uploads\/2023\/06\/image.png\" alt=\"\" class=\"wp-image-1333\" srcset=\"https:\/\/elregionaldigital.info\/wp-content\/uploads\/2023\/06\/image.png 649w, https:\/\/elregionaldigital.info\/wp-content\/uploads\/2023\/06\/image-216x300.png 216w\" sizes=\"auto, (max-width: 649px) 100vw, 649px\" \/><\/figure>\n","protected":false},"excerpt":{"rendered":"<p>La senadora\u00a0X\u00f3chitl G\u00e1lvez\u00a0notific\u00f3 este viernes que asistir\u00e1 el pr\u00f3ximo lunes 12 de junio a la ma\u00f1anera del presidente\u00a0Andr\u00e9s Manuel L\u00f3pez Obrador, para ejercer su derecho de r\u00e9plica. La senadora del PAN dirigi\u00f3 un oficio a&nbsp;Jes\u00fas Ram\u00edrez Cuevas, coordinador general de Comunicaci\u00f3n Social de Presidencia, en el que inform\u00f3 que el lunes asistir\u00e1 a las 05:30 [&hellip;]<\/p>\n","protected":false},"author":1,"featured_media":1334,"comment_status":"open","ping_status":"open","sticky":false,"template":"","format":"standard","meta":{"footnotes":""},"categories":[5],"tags":[],"class_list":["post-1332","post","type-post","status-publish","format-standard","has-post-thumbnail","hentry","category-nacional"],"blog_post_layout_featured_media_urls":{"thumbnail":["https:\/\/elregionaldigital.info\/wp-content\/uploads\/2023\/06\/descarga-2-150x150.jpg",150,150,true],"full":["https:\/\/elregionaldigital.info\/wp-content\/uploads\/2023\/06\/descarga-2.jpg",318,159,false]},"categories_names":{"5":{"name":"Nacional","link":"https:\/\/elregionaldigital.info\/?cat=5"}},"tags_names":[],"comments_number":"0","wpmagazine_modules_lite_featured_media_urls":{"thumbnail":["https:\/\/elregionaldigital.info\/wp-content\/uploads\/2023\/06\/descarga-2-150x150.jpg",150,150,true],"cvmm-medium":["https:\/\/elregionaldigital.info\/wp-content\/uploads\/2023\/06\/descarga-2-300x159.jpg",300,159,true],"cvmm-medium-plus":["https:\/\/elregionaldigital.info\/wp-content\/uploads\/2023\/06\/descarga-2-305x159.jpg",305,159,true],"cvmm-portrait":["https:\/\/elregionaldigital.info\/wp-content\/uploads\/2023\/06\/descarga-2.jpg",318,159,false],"cvmm-medium-square":["https:\/\/elregionaldigital.info\/wp-content\/uploads\/2023\/06\/descarga-2.jpg",318,159,false],"cvmm-large":["https:\/\/elregionaldigital.info\/wp-content\/uploads\/2023\/06\/descarga-2.jpg",318,159,false],"cvmm-small":["https:\/\/elregionaldigital.info\/wp-content\/uploads\/2023\/06\/descarga-2-130x95.jpg",130,95,true],"full":["https:\/\/elregionaldigital.info\/wp-content\/uploads\/2023\/06\/descarga-2.jpg",318,159,false]},"_links":{"self":[{"href":"https:\/\/elregionaldigital.info\/index.php?rest_route=\/wp\/v2\/posts\/1332","targetHints":{"allow":["GET"]}}],"collection":[{"href":"https:\/\/elregionaldigital.info\/index.php?rest_route=\/wp\/v2\/posts"}],"about":[{"href":"https:\/\/elregionaldigital.info\/index.php?rest_route=\/wp\/v2\/types\/post"}],"author":[{"embeddable":true,"href":"https:\/\/elregionaldigital.info\/index.php?rest_route=\/wp\/v2\/users\/1"}],"replies":[{"embeddable":true,"href":"https:\/\/elregionaldigital.info\/index.php?rest_route=%2Fwp%2Fv2%2Fcomments&post=1332"}],"version-history":[{"count":1,"href":"https:\/\/elregionaldigital.info\/index.php?rest_route=\/wp\/v2\/posts\/1332\/revisions"}],"predecessor-version":[{"id":1335,"href":"https:\/\/elregionaldigital.info\/index.php?rest_route=\/wp\/v2\/posts\/1332\/revisions\/1335"}],"wp:featuredmedia":[{"embeddable":true,"href":"https:\/\/elregionaldigital.info\/index.php?rest_route=\/wp\/v2\/media\/1334"}],"wp:attachment":[{"href":"https:\/\/elregionaldigital.info\/index.php?rest_route=%2Fwp%2Fv2%2Fmedia&parent=1332"}],"wp:term":[{"taxonomy":"category","embeddable":true,"href":"https:\/\/elregionaldigital.info\/index.php?rest_route=%2Fwp%2Fv2%2Fcategories&post=1332"},{"taxonomy":"post_tag","embeddable":true,"href":"https:\/\/elregionaldigital.info\/index.php?rest_route=%2Fwp%2Fv2%2Ftags&post=1332"}],"curies":[{"name":"wp","href":"https:\/\/api.w.org\/{rel}","templated":true}]}}