{"id":1329,"date":"2023-06-08T16:36:37","date_gmt":"2023-06-08T16:36:37","guid":{"rendered":"http:\/\/elregionaldigital.info\/?p=1329"},"modified":"2023-06-09T16:38:12","modified_gmt":"2023-06-09T16:38:12","slug":"consolida-la-uat-calidad-de-su-oferta-educativa","status":"publish","type":"post","link":"https:\/\/elregionaldigital.info\/?p=1329","title":{"rendered":"Consolida la UAT calidad de su oferta educativa"},"content":{"rendered":"\n<figure class=\"wp-block-image size-large\"><img loading=\"lazy\" decoding=\"async\" width=\"1024\" height=\"683\" src=\"http:\/\/elregionaldigital.info\/wp-content\/uploads\/2023\/06\/6-11-1024x683.jpg\" alt=\"\" class=\"wp-image-1330\" srcset=\"https:\/\/elregionaldigital.info\/wp-content\/uploads\/2023\/06\/6-11-1024x683.jpg 1024w, https:\/\/elregionaldigital.info\/wp-content\/uploads\/2023\/06\/6-11-300x200.jpg 300w, https:\/\/elregionaldigital.info\/wp-content\/uploads\/2023\/06\/6-11-768x512.jpg 768w, https:\/\/elregionaldigital.info\/wp-content\/uploads\/2023\/06\/6-11-1536x1024.jpg 1536w, https:\/\/elregionaldigital.info\/wp-content\/uploads\/2023\/06\/6-11-2048x1365.jpg 2048w\" sizes=\"auto, (max-width: 1024px) 100vw, 1024px\" \/><\/figure>\n\n\n\n<p>Ciudad Victoria, Tam.; 8 de junio de 2023.<\/p>\n\n\n\n<p>Consolida la UAT calidad de su oferta educativa<br>\uf0b7 Entrega rector Guillermo Mendoza reconocimientos a treinta programas<br>acad\u00e9micos evaluados y acreditados por organismos nacionales.<\/p>\n\n\n\n<p>El C. P. Guillermo Mendoza Cavazos, rector de la Universidad Aut\u00f3noma de<br>Tamaulipas (UAT), entreg\u00f3 reconocimientos a treinta programas educativos que<br>fueron evaluados y acreditados, del a\u00f1o 2021 a la fecha, por organismos<br>nacionales, reconocidos ante la Secretar\u00eda de Educaci\u00f3n P\u00fablica (SEP).<br>Durante el evento realizado en el auditorio del Centro de Excelencia del<br>Campus Victoria, el rector estuvo acompa\u00f1ado por el Dr. Eduardo Arvizu S\u00e1nchez,<br>secretario general; la Dra. Rosa Issel Acosta Gonz\u00e1lez, secretaria acad\u00e9mica; y la<br>Dra. Cinthya Patricia Ibarra Gonz\u00e1lez, secretaria de Gesti\u00f3n Escolar.<br>En su mensaje, el rector felicit\u00f3 a las facultades y unidades acad\u00e9micas por<br>el trabajo desarrollado para lograr esa importante meta, que garantiza que sus<br>estudiantes tengan los perfiles deseables y el pleno dominio de los conocimientos,<br>aptitudes y actitudes para un desempe\u00f1o profesional competitivo.<br>\u201cComo instituci\u00f3n p\u00fablica esta responsabilidad adquiere un sentido social<br>m\u00e1s amplio, debido a que los recursos con que operamos provienen de la<br>sociedad, y a ella nos debemos. Lo que nuestros egresados aportan a su<br>comunidad es la retribuci\u00f3n, por ello, nuestros estudiantes deben contar con la<br>preparaci\u00f3n que posibilita ese crecimiento social\u201d, indic\u00f3.<br>Destac\u00f3 el compromiso de seguir manteniendo en alto ese estandarte, y<br>que la UAT tiene la firme convicci\u00f3n de responder al llamado de educar para<br>atender y dar soluciones a las problem\u00e1ticas sociales, con una perspectiva global,<br>para ser referentes del desarrollo regional y nacional.<\/p>\n\n\n\n<p>En la ceremonia, la Dra. Rosa Issel Acosta Gonz\u00e1lez coment\u00f3 que se<br>entregan los reconocimientos a treinta programas que obtuvieron su acreditaci\u00f3n y<br>que hab\u00edan estado pendientes, debido a la pandemia, desde 2021.<br>Subray\u00f3 que el cumplimiento de esa meta responde a los lineamientos de<br>los modelos educativo y acad\u00e9mico, respecto a los ejes sustantivos de<br>estudiantes, docencia, transferencia y conocimiento, para consolidar una oferta<br>educativa pertinente y humanista.<br>Los reconocimientos se entregaron a titulares y coordinaciones de carrera<br>de las siguientes dependencias educativas de la UAT, en la zona norte: Unidad<br>Acad\u00e9mica Multidisciplinaria Matamoros; Facultad de Enfermer\u00eda Nuevo Laredo;<br>Facultad de Comercio, Administraci\u00f3n y Ciencias Sociales; y las unidades<br>acad\u00e9micas Reynosa Rodhe, Reynosa Aztl\u00e1n, R\u00edo Bravo y Valle Hermoso.<br>En la zona centro: Facultad de Derecho y Ciencias Sociales Victoria,<br>Facultad de Ingenier\u00eda y Ciencias, Facultad de Comercio y Administraci\u00f3n Victoria<br>y la Unidad Acad\u00e9mica Multidisciplinaria Mante Centro. Y en la zona sur: Facultad<br>de Derecho y Ciencias Sociales Tampico y la Facultad de Arquitectura, Dise\u00f1o y<br>Urbanismo.<br>El proceso de evaluaci\u00f3n y la posterior acreditaci\u00f3n y reconocimiento a la<br>calidad estuvo a cargo de organismos como los Comit\u00e9s Interinstitucionales para<br>la Evaluaci\u00f3n de la Educaci\u00f3n Superior (CIEES) y organizaciones avaladas por el<br>Consejo para la Acreditaci\u00f3n de la Educaci\u00f3n Superior (COPAES).<\/p>\n","protected":false},"excerpt":{"rendered":"<p>Ciudad Victoria, Tam.; 8 de junio de 2023. Consolida la UAT calidad de su oferta educativa\uf0b7 Entrega rector Guillermo Mendoza reconocimientos a treinta programasacad\u00e9micos evaluados y acreditados por organismos nacionales. El C. P. Guillermo Mendoza Cavazos, rector de la Universidad Aut\u00f3noma deTamaulipas (UAT), entreg\u00f3 reconocimientos a treinta programas educativos quefueron evaluados y acreditados, del a\u00f1o [&hellip;]<\/p>\n","protected":false},"author":1,"featured_media":1330,"comment_status":"open","ping_status":"open","sticky":false,"template":"","format":"standard","meta":{"footnotes":""},"categories":[4],"tags":[],"class_list":["post-1329","post","type-post","status-publish","format-standard","has-post-thumbnail","hentry","category-universidades"],"blog_post_layout_featured_media_urls":{"thumbnail":["https:\/\/elregionaldigital.info\/wp-content\/uploads\/2023\/06\/6-11-150x150.jpg",150,150,true],"full":["https:\/\/elregionaldigital.info\/wp-content\/uploads\/2023\/06\/6-11-scaled.jpg",2560,1707,false]},"categories_names":{"4":{"name":"Universidades","link":"https:\/\/elregionaldigital.info\/?cat=4"}},"tags_names":[],"comments_number":"0","wpmagazine_modules_lite_featured_media_urls":{"thumbnail":["https:\/\/elregionaldigital.info\/wp-content\/uploads\/2023\/06\/6-11-150x150.jpg",150,150,true],"cvmm-medium":["https:\/\/elregionaldigital.info\/wp-content\/uploads\/2023\/06\/6-11-300x300.jpg",300,300,true],"cvmm-medium-plus":["https:\/\/elregionaldigital.info\/wp-content\/uploads\/2023\/06\/6-11-305x207.jpg",305,207,true],"cvmm-portrait":["https:\/\/elregionaldigital.info\/wp-content\/uploads\/2023\/06\/6-11-400x600.jpg",400,600,true],"cvmm-medium-square":["https:\/\/elregionaldigital.info\/wp-content\/uploads\/2023\/06\/6-11-600x600.jpg",600,600,true],"cvmm-large":["https:\/\/elregionaldigital.info\/wp-content\/uploads\/2023\/06\/6-11-1024x1024.jpg",1024,1024,true],"cvmm-small":["https:\/\/elregionaldigital.info\/wp-content\/uploads\/2023\/06\/6-11-130x95.jpg",130,95,true],"full":["https:\/\/elregionaldigital.info\/wp-content\/uploads\/2023\/06\/6-11-scaled.jpg",2560,1707,false]},"_links":{"self":[{"href":"https:\/\/elregionaldigital.info\/index.php?rest_route=\/wp\/v2\/posts\/1329","targetHints":{"allow":["GET"]}}],"collection":[{"href":"https:\/\/elregionaldigital.info\/index.php?rest_route=\/wp\/v2\/posts"}],"about":[{"href":"https:\/\/elregionaldigital.info\/index.php?rest_route=\/wp\/v2\/types\/post"}],"author":[{"embeddable":true,"href":"https:\/\/elregionaldigital.info\/index.php?rest_route=\/wp\/v2\/users\/1"}],"replies":[{"embeddable":true,"href":"https:\/\/elregionaldigital.info\/index.php?rest_route=%2Fwp%2Fv2%2Fcomments&post=1329"}],"version-history":[{"count":1,"href":"https:\/\/elregionaldigital.info\/index.php?rest_route=\/wp\/v2\/posts\/1329\/revisions"}],"predecessor-version":[{"id":1331,"href":"https:\/\/elregionaldigital.info\/index.php?rest_route=\/wp\/v2\/posts\/1329\/revisions\/1331"}],"wp:featuredmedia":[{"embeddable":true,"href":"https:\/\/elregionaldigital.info\/index.php?rest_route=\/wp\/v2\/media\/1330"}],"wp:attachment":[{"href":"https:\/\/elregionaldigital.info\/index.php?rest_route=%2Fwp%2Fv2%2Fmedia&parent=1329"}],"wp:term":[{"taxonomy":"category","embeddable":true,"href":"https:\/\/elregionaldigital.info\/index.php?rest_route=%2Fwp%2Fv2%2Fcategories&post=1329"},{"taxonomy":"post_tag","embeddable":true,"href":"https:\/\/elregionaldigital.info\/index.php?rest_route=%2Fwp%2Fv2%2Ftags&post=1329"}],"curies":[{"name":"wp","href":"https:\/\/api.w.org\/{rel}","templated":true}]}}