{"id":1326,"date":"2023-06-06T16:04:34","date_gmt":"2023-06-06T16:04:34","guid":{"rendered":"http:\/\/elregionaldigital.info\/?p=1326"},"modified":"2023-06-07T16:07:12","modified_gmt":"2023-06-07T16:07:12","slug":"esconde-auditor-cuentas-de-la-uat-y-de-cdv","status":"publish","type":"post","link":"https:\/\/elregionaldigital.info\/?p=1326","title":{"rendered":"\u2018Esconde\u2019 Auditor cuentas de la UAT y de CDV"},"content":{"rendered":"\n<figure class=\"wp-block-image size-full\"><img loading=\"lazy\" decoding=\"async\" width=\"750\" height=\"500\" src=\"http:\/\/elregionaldigital.info\/wp-content\/uploads\/2023\/06\/ursula-salazar.jpg\" alt=\"\" class=\"wp-image-1327\" srcset=\"https:\/\/elregionaldigital.info\/wp-content\/uploads\/2023\/06\/ursula-salazar.jpg 750w, https:\/\/elregionaldigital.info\/wp-content\/uploads\/2023\/06\/ursula-salazar-300x200.jpg 300w\" sizes=\"auto, (max-width: 750px) 100vw, 750px\" \/><\/figure>\n\n\n\n<p>6 de junio <strong>Ciudad Victoria, Tamaulipas.-\u00a0<\/strong>La Auditor\u00eda Superior del Estado -ASE- decidi\u00f3 \u2018dejar bajo candado\u2019, las cuentas p\u00fablicas aprobadas del 2021 sobre el Poder Ejecutivo, Fiscal\u00eda General de Justicia, Poder Judicial, UAT, Comapa del sur de Tamaulipas, Servicios de Salud de Tamaulipas y DIF Tamaulipas, para no ser entregadas al Congreso del Estado.<\/p>\n\n\n\n<p>\u00darsula Salazar Mojica, Presidenta de la Junta de Coordinaci\u00f3n Pol\u00edtica, precis\u00f3 que si bien entreg\u00f3 35 de las 42 Cuentas P\u00fablicas, el Auditor Jorge Espino Ascanio mantuvo un proceso de \u201cobstaculizaci\u00f3n\u201d para que los legisladores no puedan acceder a la revisi\u00f3n de los gastos que hicieron los poderes y la misma Universidad Aut\u00f3noma de Tamaulipas, la Comapa, Salud y DIF.<\/p>\n\n\n\n<p>Como ejemplo, sobre la importancia de evaluar el trabajo del Auditor Superior del Estado, es para saber que, el Poder Ejecutivo, \u201ctan solo en el cap\u00edtulo mil, donde se habla de sueldos y salarios \u00bfcu\u00e1ntas cajas crees que pueda traer?\u2026 y con lo que han tra\u00eddo son tres cajas de esto\u201d y muestra al menos seis documentos tama\u00f1o carta.<\/p>\n\n\n\n<p>Dijo que es evidente que hay algo que est\u00e1 faltando a la informaci\u00f3n por parte de la Auditor\u00eda y quien pareciera \u201cque toma un curso intensivo de maquillaje\u201d, dice la legisladora, ante el ocultamiento de las cuentas p\u00fablicas que les falta por conocer y que el auditor no les entrega.<\/p>\n\n\n\n<p>Por el momento, ha entregado 35 informes de resultados y sus expedientes y algunas cuentas p\u00fablicas de los 42 que se exigieron.<\/p>\n\n\n\n<p>La diputada Salazar, dijo que se pretende hacer una evaluaci\u00f3n al trabajo del auditor porque, \u201chasta hoy sigue obstruyendo la labor a la que est\u00e1 obligado y por ello se le dict\u00f3 una primera llamada de apremio convertida a una amonestaci\u00f3n de 100 UMAs diarias.<\/p>\n\n\n\n<p>\u201cVamos a tomar las acciones necesarias hasta que decida cumplir con la agencia que le est\u00e1 dando, porque se trata de responsabilidad y de \u00e9tica adem\u00e1s de actuar con responsabilidad\u201d.<\/p>\n\n\n\n<p>El Auditor ha ido entregando Cuentas P\u00fablicas y le restan 7 de las 42 que se le pidieron pero entreg\u00f3 informes de resultados el a\u00f1o pasado, sin observaciones pero ahora se habla de secrec\u00eda y por ello entreg\u00f3 s\u00f3lo informaci\u00f3n de programas, Ayuntamientos como Ciudad Madero, Tampico, El Mante, Xicot\u00e9ncatl, Altamira y G\u00f3mez Farias.<\/p>\n\n\n\n<p>Sin embargo, en lo que falta de entregar, como la Cuenta de la Secretar\u00eda de Salud, el DIF, la UAT es donde m\u00e1s se\u00f1alamientos se han generado por supuesto manejo de recursos para obras de salud, dinero para las campa\u00f1as y n\u00f3minas y programas alterados.<\/p>\n","protected":false},"excerpt":{"rendered":"<p>6 de junio Ciudad Victoria, Tamaulipas.-\u00a0La Auditor\u00eda Superior del Estado -ASE- decidi\u00f3 \u2018dejar bajo candado\u2019, las cuentas p\u00fablicas aprobadas del 2021 sobre el Poder Ejecutivo, Fiscal\u00eda General de Justicia, Poder Judicial, UAT, Comapa del sur de Tamaulipas, Servicios de Salud de Tamaulipas y DIF Tamaulipas, para no ser entregadas al Congreso del Estado. \u00darsula Salazar [&hellip;]<\/p>\n","protected":false},"author":1,"featured_media":1327,"comment_status":"open","ping_status":"open","sticky":false,"template":"","format":"standard","meta":{"footnotes":""},"categories":[2],"tags":[],"class_list":["post-1326","post","type-post","status-publish","format-standard","has-post-thumbnail","hentry","category-tamaulipas"],"blog_post_layout_featured_media_urls":{"thumbnail":["https:\/\/elregionaldigital.info\/wp-content\/uploads\/2023\/06\/ursula-salazar-150x150.jpg",150,150,true],"full":["https:\/\/elregionaldigital.info\/wp-content\/uploads\/2023\/06\/ursula-salazar.jpg",750,500,false]},"categories_names":{"2":{"name":"Tamaulipas","link":"https:\/\/elregionaldigital.info\/?cat=2"}},"tags_names":[],"comments_number":"0","wpmagazine_modules_lite_featured_media_urls":{"thumbnail":["https:\/\/elregionaldigital.info\/wp-content\/uploads\/2023\/06\/ursula-salazar-150x150.jpg",150,150,true],"cvmm-medium":["https:\/\/elregionaldigital.info\/wp-content\/uploads\/2023\/06\/ursula-salazar-300x300.jpg",300,300,true],"cvmm-medium-plus":["https:\/\/elregionaldigital.info\/wp-content\/uploads\/2023\/06\/ursula-salazar-305x207.jpg",305,207,true],"cvmm-portrait":["https:\/\/elregionaldigital.info\/wp-content\/uploads\/2023\/06\/ursula-salazar-400x500.jpg",400,500,true],"cvmm-medium-square":["https:\/\/elregionaldigital.info\/wp-content\/uploads\/2023\/06\/ursula-salazar-600x500.jpg",600,500,true],"cvmm-large":["https:\/\/elregionaldigital.info\/wp-content\/uploads\/2023\/06\/ursula-salazar.jpg",750,500,false],"cvmm-small":["https:\/\/elregionaldigital.info\/wp-content\/uploads\/2023\/06\/ursula-salazar-130x95.jpg",130,95,true],"full":["https:\/\/elregionaldigital.info\/wp-content\/uploads\/2023\/06\/ursula-salazar.jpg",750,500,false]},"_links":{"self":[{"href":"https:\/\/elregionaldigital.info\/index.php?rest_route=\/wp\/v2\/posts\/1326","targetHints":{"allow":["GET"]}}],"collection":[{"href":"https:\/\/elregionaldigital.info\/index.php?rest_route=\/wp\/v2\/posts"}],"about":[{"href":"https:\/\/elregionaldigital.info\/index.php?rest_route=\/wp\/v2\/types\/post"}],"author":[{"embeddable":true,"href":"https:\/\/elregionaldigital.info\/index.php?rest_route=\/wp\/v2\/users\/1"}],"replies":[{"embeddable":true,"href":"https:\/\/elregionaldigital.info\/index.php?rest_route=%2Fwp%2Fv2%2Fcomments&post=1326"}],"version-history":[{"count":1,"href":"https:\/\/elregionaldigital.info\/index.php?rest_route=\/wp\/v2\/posts\/1326\/revisions"}],"predecessor-version":[{"id":1328,"href":"https:\/\/elregionaldigital.info\/index.php?rest_route=\/wp\/v2\/posts\/1326\/revisions\/1328"}],"wp:featuredmedia":[{"embeddable":true,"href":"https:\/\/elregionaldigital.info\/index.php?rest_route=\/wp\/v2\/media\/1327"}],"wp:attachment":[{"href":"https:\/\/elregionaldigital.info\/index.php?rest_route=%2Fwp%2Fv2%2Fmedia&parent=1326"}],"wp:term":[{"taxonomy":"category","embeddable":true,"href":"https:\/\/elregionaldigital.info\/index.php?rest_route=%2Fwp%2Fv2%2Fcategories&post=1326"},{"taxonomy":"post_tag","embeddable":true,"href":"https:\/\/elregionaldigital.info\/index.php?rest_route=%2Fwp%2Fv2%2Ftags&post=1326"}],"curies":[{"name":"wp","href":"https:\/\/api.w.org\/{rel}","templated":true}]}}