{"id":1308,"date":"2023-06-03T13:53:43","date_gmt":"2023-06-03T13:53:43","guid":{"rendered":"http:\/\/elregionaldigital.info\/?p=1308"},"modified":"2023-06-07T13:57:16","modified_gmt":"2023-06-07T13:57:16","slug":"lopez-gatell-explica-eliminacion-35-normas-sobre-cancer-de-mama","status":"publish","type":"post","link":"https:\/\/elregionaldigital.info\/?p=1308","title":{"rendered":"L\u00f3pez-Gatell explica eliminaci\u00f3n 35 normas sobre c\u00e1ncer de mama"},"content":{"rendered":"\n<figure class=\"wp-block-image size-large\"><img loading=\"lazy\" decoding=\"async\" width=\"1024\" height=\"624\" src=\"http:\/\/elregionaldigital.info\/wp-content\/uploads\/2023\/06\/Lopez-gatell-cancer-de-mama-1024x624.jpg\" alt=\"\" class=\"wp-image-1309\" srcset=\"https:\/\/elregionaldigital.info\/wp-content\/uploads\/2023\/06\/Lopez-gatell-cancer-de-mama-1024x624.jpg 1024w, https:\/\/elregionaldigital.info\/wp-content\/uploads\/2023\/06\/Lopez-gatell-cancer-de-mama-300x183.jpg 300w, https:\/\/elregionaldigital.info\/wp-content\/uploads\/2023\/06\/Lopez-gatell-cancer-de-mama-768x468.jpg 768w, https:\/\/elregionaldigital.info\/wp-content\/uploads\/2023\/06\/Lopez-gatell-cancer-de-mama.jpg 1280w\" sizes=\"auto, (max-width: 1024px) 100vw, 1024px\" \/><\/figure>\n\n\n\n<p>Afirm\u00f3 que no se depende de las NOM<\/p>\n\n\n\n<p>El subsecretario de Prevenci\u00f3n y Promoci\u00f3n de la Salud, Hugo L\u00f3pez-Gatell, explic\u00f3 que la eliminaci\u00f3n de 35 Normas Oficiales Mexicanas (NOM) se debe a que consideran que no son necesarias en la regulaci\u00f3n de la prescripci\u00f3n, terap\u00e9utica y diagn\u00f3stico de enfermedades.<\/p>\n\n\n\n<p>Seg\u00fan L\u00f3pez-Gatell, la atenci\u00f3n m\u00e9dica se brinda de manera integral para cubrir estas enfermedades, sin depender de las NOM.<\/p>\n\n\n\n<p>Esta medida ha generado cr\u00edticas por parte de legisladores del Partido Acci\u00f3n Nacional (PAN), encabezados por el diputado \u00c9ctor Jaime, secretario de la Comisi\u00f3n de Salud, quienes argumentan que afectar\u00e1 a millones de mujeres mexicanas que requieren diagn\u00f3stico y tratamiento para el c\u00e1ncer de mama.<\/p>\n\n\n\n<p>L\u00f3pez-Gatell se\u00f1al\u00f3 que la cancelaci\u00f3n de las NOM no implica una eliminaci\u00f3n inmediata de las normas existentes. Adem\u00e1s, sugiri\u00f3 que aquellos que difunden informaci\u00f3n falsa sobre esta medida podr\u00edan tener intereses comerciales directos en empresas relacionadas, y propuso investigar cualquier v\u00ednculo entre estos actores y la elaboraci\u00f3n de las normas, o las intenciones de perpetuar un enfoque centrado en intereses privados en lugar de proteger y promover el inter\u00e9s p\u00fablico.<\/p>\n","protected":false},"excerpt":{"rendered":"<p>Afirm\u00f3 que no se depende de las NOM El subsecretario de Prevenci\u00f3n y Promoci\u00f3n de la Salud, Hugo L\u00f3pez-Gatell, explic\u00f3 que la eliminaci\u00f3n de 35 Normas Oficiales Mexicanas (NOM) se debe a que consideran que no son necesarias en la regulaci\u00f3n de la prescripci\u00f3n, terap\u00e9utica y diagn\u00f3stico de enfermedades. Seg\u00fan L\u00f3pez-Gatell, la atenci\u00f3n m\u00e9dica se [&hellip;]<\/p>\n","protected":false},"author":1,"featured_media":1309,"comment_status":"open","ping_status":"open","sticky":false,"template":"","format":"standard","meta":{"footnotes":""},"categories":[5,2],"tags":[],"class_list":["post-1308","post","type-post","status-publish","format-standard","has-post-thumbnail","hentry","category-nacional","category-tamaulipas"],"blog_post_layout_featured_media_urls":{"thumbnail":["https:\/\/elregionaldigital.info\/wp-content\/uploads\/2023\/06\/Lopez-gatell-cancer-de-mama-150x150.jpg",150,150,true],"full":["https:\/\/elregionaldigital.info\/wp-content\/uploads\/2023\/06\/Lopez-gatell-cancer-de-mama.jpg",1280,780,false]},"categories_names":{"5":{"name":"Nacional","link":"https:\/\/elregionaldigital.info\/?cat=5"},"2":{"name":"Tamaulipas","link":"https:\/\/elregionaldigital.info\/?cat=2"}},"tags_names":[],"comments_number":"0","wpmagazine_modules_lite_featured_media_urls":{"thumbnail":["https:\/\/elregionaldigital.info\/wp-content\/uploads\/2023\/06\/Lopez-gatell-cancer-de-mama-150x150.jpg",150,150,true],"cvmm-medium":["https:\/\/elregionaldigital.info\/wp-content\/uploads\/2023\/06\/Lopez-gatell-cancer-de-mama-300x300.jpg",300,300,true],"cvmm-medium-plus":["https:\/\/elregionaldigital.info\/wp-content\/uploads\/2023\/06\/Lopez-gatell-cancer-de-mama-305x207.jpg",305,207,true],"cvmm-portrait":["https:\/\/elregionaldigital.info\/wp-content\/uploads\/2023\/06\/Lopez-gatell-cancer-de-mama-400x600.jpg",400,600,true],"cvmm-medium-square":["https:\/\/elregionaldigital.info\/wp-content\/uploads\/2023\/06\/Lopez-gatell-cancer-de-mama-600x600.jpg",600,600,true],"cvmm-large":["https:\/\/elregionaldigital.info\/wp-content\/uploads\/2023\/06\/Lopez-gatell-cancer-de-mama-1024x780.jpg",1024,780,true],"cvmm-small":["https:\/\/elregionaldigital.info\/wp-content\/uploads\/2023\/06\/Lopez-gatell-cancer-de-mama-130x95.jpg",130,95,true],"full":["https:\/\/elregionaldigital.info\/wp-content\/uploads\/2023\/06\/Lopez-gatell-cancer-de-mama.jpg",1280,780,false]},"_links":{"self":[{"href":"https:\/\/elregionaldigital.info\/index.php?rest_route=\/wp\/v2\/posts\/1308","targetHints":{"allow":["GET"]}}],"collection":[{"href":"https:\/\/elregionaldigital.info\/index.php?rest_route=\/wp\/v2\/posts"}],"about":[{"href":"https:\/\/elregionaldigital.info\/index.php?rest_route=\/wp\/v2\/types\/post"}],"author":[{"embeddable":true,"href":"https:\/\/elregionaldigital.info\/index.php?rest_route=\/wp\/v2\/users\/1"}],"replies":[{"embeddable":true,"href":"https:\/\/elregionaldigital.info\/index.php?rest_route=%2Fwp%2Fv2%2Fcomments&post=1308"}],"version-history":[{"count":1,"href":"https:\/\/elregionaldigital.info\/index.php?rest_route=\/wp\/v2\/posts\/1308\/revisions"}],"predecessor-version":[{"id":1310,"href":"https:\/\/elregionaldigital.info\/index.php?rest_route=\/wp\/v2\/posts\/1308\/revisions\/1310"}],"wp:featuredmedia":[{"embeddable":true,"href":"https:\/\/elregionaldigital.info\/index.php?rest_route=\/wp\/v2\/media\/1309"}],"wp:attachment":[{"href":"https:\/\/elregionaldigital.info\/index.php?rest_route=%2Fwp%2Fv2%2Fmedia&parent=1308"}],"wp:term":[{"taxonomy":"category","embeddable":true,"href":"https:\/\/elregionaldigital.info\/index.php?rest_route=%2Fwp%2Fv2%2Fcategories&post=1308"},{"taxonomy":"post_tag","embeddable":true,"href":"https:\/\/elregionaldigital.info\/index.php?rest_route=%2Fwp%2Fv2%2Ftags&post=1308"}],"curies":[{"name":"wp","href":"https:\/\/api.w.org\/{rel}","templated":true}]}}