{"id":1300,"date":"2023-06-06T13:37:05","date_gmt":"2023-06-06T13:37:05","guid":{"rendered":"http:\/\/elregionaldigital.info\/?p=1300"},"modified":"2023-06-07T13:43:35","modified_gmt":"2023-06-07T13:43:35","slug":"ebrard-madruga-a-corcholatas-y-da-el-primer-paso-para-contender-por-la-candidatura-presidencial","status":"publish","type":"post","link":"https:\/\/elregionaldigital.info\/?p=1300","title":{"rendered":"Ebrard madruga a \u201ccorcholatas\u201d y da el primer paso para contender por la candidatura presidencial"},"content":{"rendered":"\n<figure class=\"wp-block-image size-large\"><img loading=\"lazy\" decoding=\"async\" width=\"1024\" height=\"576\" src=\"http:\/\/elregionaldigital.info\/wp-content\/uploads\/2023\/06\/Marcelo-Ebrard-1024x576.jpeg\" alt=\"\" class=\"wp-image-1301\" srcset=\"https:\/\/elregionaldigital.info\/wp-content\/uploads\/2023\/06\/Marcelo-Ebrard-1024x576.jpeg 1024w, https:\/\/elregionaldigital.info\/wp-content\/uploads\/2023\/06\/Marcelo-Ebrard-300x169.jpeg 300w, https:\/\/elregionaldigital.info\/wp-content\/uploads\/2023\/06\/Marcelo-Ebrard-768x432.jpeg 768w, https:\/\/elregionaldigital.info\/wp-content\/uploads\/2023\/06\/Marcelo-Ebrard.jpeg 1280w\" sizes=\"auto, (max-width: 1024px) 100vw, 1024px\" \/><\/figure>\n\n\n\n<p>El canciller anunci\u00f3 que presentar\u00e1 su renuncia al cargo<\/p>\n\n\n\n<p>6 junio, 2023<\/p>\n\n\n\n<p><strong>Marcelo Ebrard,<\/strong>&nbsp;present\u00f3 este martes su renuncia al gabinete del presidente&nbsp;<strong>Andr\u00e9s Manuel L\u00f3pez Obrador,&nbsp;<\/strong>para dedicar sus esfuerzos en el proceso de selecci\u00f3n de candidato presidencial por parte de Morena para las elecciones de 2024.<\/p>\n\n\n\n<p>El anuncio, se hizo unos d\u00edas antes de que Morena anuncie el m\u00e9todo por el cual definir\u00e1n a su candidato para la presidencia en 2024.<\/p>\n\n\n\n<p>\u201cHe resuelto solicitar y presentar mi renuncia a la Secretar\u00eda de Relaciones Exteriores a partir del lunes 12 de junio a primera hora, con el prop\u00f3sito de dedicarme de lleno con alegr\u00eda y resoluci\u00f3n a defender el proyecto que encabeza el presidente Andr\u00e9s Manuel L\u00f3pez Obrador\u201d, asegur\u00f3 en una breve conferencia de prensa en el hotel Hilton Alameda a la que fueron citados los medios de comunicaci\u00f3n este martes.<\/p>\n\n\n\n<p>Adelant\u00e1ndose al&nbsp;<strong>Consejo Nacional del partido,<\/strong>&nbsp;que se realizar\u00e1 este domingo 11 de junio, el canciller expuso su propuesta del m\u00e9todo el cual consider\u00f3 deber\u00eda basarse en una sola pregunta para elegir al abanderado, aunque afirm\u00f3 que participar\u00e1 en unidad junto con los otros aspirantes.<\/p>\n\n\n\n<p><em>\u201cNuestro movimiento, tiene y sostendr\u00e1 su autoridad moral\u201d, e<\/em>xpres\u00f3.<\/p>\n\n\n\n<p>Marcelo Ebrard deline\u00f3 los pasos que seguir\u00e1 a partir de su renuncia a la Secretar\u00eda de Relaciones Exteriores que incluir\u00e1 el encuentro con ciudadanas y ciudadanos.<\/p>\n\n\n\n<p>Poco antes de su anuncio, el a\u00fan canciller se reuni\u00f3 con senadores, diputados federales y liderazgos de expresi\u00f3n que apoyan sus aspiraciones presidenciales.<\/p>\n","protected":false},"excerpt":{"rendered":"<p>El canciller anunci\u00f3 que presentar\u00e1 su renuncia al cargo 6 junio, 2023 Marcelo Ebrard,&nbsp;present\u00f3 este martes su renuncia al gabinete del presidente&nbsp;Andr\u00e9s Manuel L\u00f3pez Obrador,&nbsp;para dedicar sus esfuerzos en el proceso de selecci\u00f3n de candidato presidencial por parte de Morena para las elecciones de 2024. El anuncio, se hizo unos d\u00edas antes de que Morena [&hellip;]<\/p>\n","protected":false},"author":1,"featured_media":1301,"comment_status":"open","ping_status":"open","sticky":false,"template":"","format":"standard","meta":{"footnotes":""},"categories":[5],"tags":[],"class_list":["post-1300","post","type-post","status-publish","format-standard","has-post-thumbnail","hentry","category-nacional"],"blog_post_layout_featured_media_urls":{"thumbnail":["https:\/\/elregionaldigital.info\/wp-content\/uploads\/2023\/06\/Marcelo-Ebrard-150x150.jpeg",150,150,true],"full":["https:\/\/elregionaldigital.info\/wp-content\/uploads\/2023\/06\/Marcelo-Ebrard.jpeg",1280,720,false]},"categories_names":{"5":{"name":"Nacional","link":"https:\/\/elregionaldigital.info\/?cat=5"}},"tags_names":[],"comments_number":"0","wpmagazine_modules_lite_featured_media_urls":{"thumbnail":["https:\/\/elregionaldigital.info\/wp-content\/uploads\/2023\/06\/Marcelo-Ebrard-150x150.jpeg",150,150,true],"cvmm-medium":["https:\/\/elregionaldigital.info\/wp-content\/uploads\/2023\/06\/Marcelo-Ebrard-300x300.jpeg",300,300,true],"cvmm-medium-plus":["https:\/\/elregionaldigital.info\/wp-content\/uploads\/2023\/06\/Marcelo-Ebrard-305x207.jpeg",305,207,true],"cvmm-portrait":["https:\/\/elregionaldigital.info\/wp-content\/uploads\/2023\/06\/Marcelo-Ebrard-400x600.jpeg",400,600,true],"cvmm-medium-square":["https:\/\/elregionaldigital.info\/wp-content\/uploads\/2023\/06\/Marcelo-Ebrard-600x600.jpeg",600,600,true],"cvmm-large":["https:\/\/elregionaldigital.info\/wp-content\/uploads\/2023\/06\/Marcelo-Ebrard-1024x720.jpeg",1024,720,true],"cvmm-small":["https:\/\/elregionaldigital.info\/wp-content\/uploads\/2023\/06\/Marcelo-Ebrard-130x95.jpeg",130,95,true],"full":["https:\/\/elregionaldigital.info\/wp-content\/uploads\/2023\/06\/Marcelo-Ebrard.jpeg",1280,720,false]},"_links":{"self":[{"href":"https:\/\/elregionaldigital.info\/index.php?rest_route=\/wp\/v2\/posts\/1300","targetHints":{"allow":["GET"]}}],"collection":[{"href":"https:\/\/elregionaldigital.info\/index.php?rest_route=\/wp\/v2\/posts"}],"about":[{"href":"https:\/\/elregionaldigital.info\/index.php?rest_route=\/wp\/v2\/types\/post"}],"author":[{"embeddable":true,"href":"https:\/\/elregionaldigital.info\/index.php?rest_route=\/wp\/v2\/users\/1"}],"replies":[{"embeddable":true,"href":"https:\/\/elregionaldigital.info\/index.php?rest_route=%2Fwp%2Fv2%2Fcomments&post=1300"}],"version-history":[{"count":1,"href":"https:\/\/elregionaldigital.info\/index.php?rest_route=\/wp\/v2\/posts\/1300\/revisions"}],"predecessor-version":[{"id":1302,"href":"https:\/\/elregionaldigital.info\/index.php?rest_route=\/wp\/v2\/posts\/1300\/revisions\/1302"}],"wp:featuredmedia":[{"embeddable":true,"href":"https:\/\/elregionaldigital.info\/index.php?rest_route=\/wp\/v2\/media\/1301"}],"wp:attachment":[{"href":"https:\/\/elregionaldigital.info\/index.php?rest_route=%2Fwp%2Fv2%2Fmedia&parent=1300"}],"wp:term":[{"taxonomy":"category","embeddable":true,"href":"https:\/\/elregionaldigital.info\/index.php?rest_route=%2Fwp%2Fv2%2Fcategories&post=1300"},{"taxonomy":"post_tag","embeddable":true,"href":"https:\/\/elregionaldigital.info\/index.php?rest_route=%2Fwp%2Fv2%2Ftags&post=1300"}],"curies":[{"name":"wp","href":"https:\/\/api.w.org\/{rel}","templated":true}]}}