{"id":1297,"date":"2023-05-31T13:33:02","date_gmt":"2023-05-31T13:33:02","guid":{"rendered":"http:\/\/elregionaldigital.info\/?p=1297"},"modified":"2023-06-07T13:37:00","modified_gmt":"2023-06-07T13:37:00","slug":"se-llega-a-un-buen-arreglo-con-grupo-mexico-amlo","status":"publish","type":"post","link":"https:\/\/elregionaldigital.info\/?p=1297","title":{"rendered":"Se llega a un \u2018buen arreglo\u2019 con Grupo M\u00e9xico: AMLO"},"content":{"rendered":"\n<figure class=\"wp-block-image size-large\"><img loading=\"lazy\" decoding=\"async\" width=\"1024\" height=\"576\" src=\"http:\/\/elregionaldigital.info\/wp-content\/uploads\/2023\/06\/AMLOGrupoMex-1024x576.jpg\" alt=\"\" class=\"wp-image-1298\" srcset=\"https:\/\/elregionaldigital.info\/wp-content\/uploads\/2023\/06\/AMLOGrupoMex-1024x576.jpg 1024w, https:\/\/elregionaldigital.info\/wp-content\/uploads\/2023\/06\/AMLOGrupoMex-300x169.jpg 300w, https:\/\/elregionaldigital.info\/wp-content\/uploads\/2023\/06\/AMLOGrupoMex-768x432.jpg 768w, https:\/\/elregionaldigital.info\/wp-content\/uploads\/2023\/06\/AMLOGrupoMex.jpg 1280w\" sizes=\"auto, (max-width: 1024px) 100vw, 1024px\" \/><\/figure>\n\n\n\n<p>El mandatario indic\u00f3 que ampliar\u00e1 los detalles de este acuerdo en su conferencia de ma\u00f1ana<\/p>\n\n\n\n<p>el\u00a031 mayo, 2023<\/p>\n\n\n\n<p>El presidente Andr\u00e9s Manuel L\u00f3pez Obrador anunci\u00f3 que \u201cse lleg\u00f3 a un buen arreglo\u201d con Grupo M\u00e9xico en relaci\u00f3n a la ocupaci\u00f3n de tres tramos ferroviarios de Ferrosur.<\/p>\n\n\n\n<p>Durante su visita al Hospital General de Tamaulipas, el mandatario indic\u00f3 que ampliar\u00e1 los detalles de este acuerdo en su conferencia de ma\u00f1ana, y se neg\u00f3 a comentar sobre la posible compensaci\u00f3n econ\u00f3mica que podr\u00eda estar involucrada, manifestando que prefer\u00eda abordar el tema ya que el acuerdo este firmado.<\/p>\n\n\n\n<p><\/p>\n\n\n\n<blockquote class=\"wp-block-quote is-layout-flow wp-block-quote-is-layout-flow\">\n<p>\u201cEn mi opini\u00f3n, los t\u00e9rminos del acuerdo son beneficiosos para ambas partes. Hemos llegado a un entendimiento mutuo, pero a\u00fan estamos esperando la firma del documento. Mejor ser\u00e1 que hablemos de ello ma\u00f1ana, cuando est\u00e9 completamente formalizado\u201d, expres\u00f3 L\u00f3pez Obrador.<\/p>\n<\/blockquote>\n\n\n\n<p>El 19 de Mayo, la Secretar\u00eda de Marina emiti\u00f3 un decreto para la ocupaci\u00f3n temporal de 120 kil\u00f3metros del ferrocarril del Istmo de Tehuantepec, en Veracruz, que se encontraba bajo la propiedad de Ferrosur, debido a problemas econ\u00f3micos y fallas en su operaci\u00f3n.<\/p>\n\n\n\n<p>Una de las razones fundamentales para llevar a cabo esta ocupaci\u00f3n, de acuerdo con las autoridades, es asegurar el control y la administraci\u00f3n de todas las l\u00edneas ferroviarias que forman parte del Corredor Interoce\u00e1nico del Istmo de Tehuantepec, con el fin de garantizar un funcionamiento eficiente de la plataforma log\u00edstica.<\/p>\n\n\n\n<p>Se inform\u00f3 que, como parte de este proceso, se llevar\u00e1 a cabo una compensaci\u00f3n econ\u00f3mica basada en el valor de mercado a Ferrosur, que forma parte de Grupo M\u00e9xico.<\/p>\n\n\n\n<p>El Instituto de Administraci\u00f3n y Aval\u00faos de Bienes Nacionales ser\u00e1 el encargado de realizar la evaluaci\u00f3n correspondiente.<\/p>\n","protected":false},"excerpt":{"rendered":"<p>El mandatario indic\u00f3 que ampliar\u00e1 los detalles de este acuerdo en su conferencia de ma\u00f1ana el\u00a031 mayo, 2023 El presidente Andr\u00e9s Manuel L\u00f3pez Obrador anunci\u00f3 que \u201cse lleg\u00f3 a un buen arreglo\u201d con Grupo M\u00e9xico en relaci\u00f3n a la ocupaci\u00f3n de tres tramos ferroviarios de Ferrosur. Durante su visita al Hospital General de Tamaulipas, el [&hellip;]<\/p>\n","protected":false},"author":1,"featured_media":0,"comment_status":"open","ping_status":"open","sticky":false,"template":"","format":"standard","meta":{"footnotes":""},"categories":[5],"tags":[],"class_list":["post-1297","post","type-post","status-publish","format-standard","hentry","category-nacional"],"blog_post_layout_featured_media_urls":{"thumbnail":"","full":""},"categories_names":{"5":{"name":"Nacional","link":"https:\/\/elregionaldigital.info\/?cat=5"}},"tags_names":[],"comments_number":"0","wpmagazine_modules_lite_featured_media_urls":{"thumbnail":"","cvmm-medium":"","cvmm-medium-plus":"","cvmm-portrait":"","cvmm-medium-square":"","cvmm-large":"","cvmm-small":"","full":""},"_links":{"self":[{"href":"https:\/\/elregionaldigital.info\/index.php?rest_route=\/wp\/v2\/posts\/1297","targetHints":{"allow":["GET"]}}],"collection":[{"href":"https:\/\/elregionaldigital.info\/index.php?rest_route=\/wp\/v2\/posts"}],"about":[{"href":"https:\/\/elregionaldigital.info\/index.php?rest_route=\/wp\/v2\/types\/post"}],"author":[{"embeddable":true,"href":"https:\/\/elregionaldigital.info\/index.php?rest_route=\/wp\/v2\/users\/1"}],"replies":[{"embeddable":true,"href":"https:\/\/elregionaldigital.info\/index.php?rest_route=%2Fwp%2Fv2%2Fcomments&post=1297"}],"version-history":[{"count":1,"href":"https:\/\/elregionaldigital.info\/index.php?rest_route=\/wp\/v2\/posts\/1297\/revisions"}],"predecessor-version":[{"id":1299,"href":"https:\/\/elregionaldigital.info\/index.php?rest_route=\/wp\/v2\/posts\/1297\/revisions\/1299"}],"wp:attachment":[{"href":"https:\/\/elregionaldigital.info\/index.php?rest_route=%2Fwp%2Fv2%2Fmedia&parent=1297"}],"wp:term":[{"taxonomy":"category","embeddable":true,"href":"https:\/\/elregionaldigital.info\/index.php?rest_route=%2Fwp%2Fv2%2Fcategories&post=1297"},{"taxonomy":"post_tag","embeddable":true,"href":"https:\/\/elregionaldigital.info\/index.php?rest_route=%2Fwp%2Fv2%2Ftags&post=1297"}],"curies":[{"name":"wp","href":"https:\/\/api.w.org\/{rel}","templated":true}]}}