{"id":1287,"date":"2023-03-27T12:58:00","date_gmt":"2023-03-27T12:58:00","guid":{"rendered":"http:\/\/elregionaldigital.info\/?p=1287"},"modified":"2023-05-29T13:00:52","modified_gmt":"2023-05-29T13:00:52","slug":"reconoce-rector-esfuerzo-de-enfermeras-y-enfermeros-de-la-uat-para-laborar-en-alemania","status":"publish","type":"post","link":"https:\/\/elregionaldigital.info\/?p=1287","title":{"rendered":"Reconoce rector esfuerzo de enfermeras y enfermeros de la UAT para laborar en Alemania"},"content":{"rendered":"\n<p><\/p>\n\n\n\n<figure class=\"wp-block-image size-large\"><img loading=\"lazy\" decoding=\"async\" width=\"1024\" height=\"683\" src=\"http:\/\/elregionaldigital.info\/wp-content\/uploads\/2023\/05\/6-7-1024x683.jpg\" alt=\"\" class=\"wp-image-1288\" srcset=\"https:\/\/elregionaldigital.info\/wp-content\/uploads\/2023\/05\/6-7-1024x683.jpg 1024w, https:\/\/elregionaldigital.info\/wp-content\/uploads\/2023\/05\/6-7-300x200.jpg 300w, https:\/\/elregionaldigital.info\/wp-content\/uploads\/2023\/05\/6-7-768x512.jpg 768w, https:\/\/elregionaldigital.info\/wp-content\/uploads\/2023\/05\/6-7-1536x1024.jpg 1536w, https:\/\/elregionaldigital.info\/wp-content\/uploads\/2023\/05\/6-7-2048x1365.jpg 2048w\" sizes=\"auto, (max-width: 1024px) 100vw, 1024px\" \/><\/figure>\n\n\n\n<p>Ciudad Victoria, Tam.; 27 de marzo de 2023.<br>Reconoce rector esfuerzo de enfermeras y enfermeros de la UAT<\/p>\n\n\n\n<p>para laborar en Alemania<\/p>\n\n\n\n<p>\uf0b7 Cuarenta y un profesionales de Enfermer\u00eda de la UAT participan en<br>proceso de reclutamiento y selecci\u00f3n de personal que realiza la Secretar\u00eda<br>del Trabajo en Tamaulipas, en conjunto con la Agencia Federal de Empleo<br>Alemana.<\/p>\n\n\n\n<p>El C. P. Guillermo Mendoza Cavazos, rector de la Universidad Aut\u00f3noma de<br>Tamaulipas (UAT), reconoci\u00f3 el esfuerzo de egresados de la Licenciatura de<br>Enfermer\u00eda de esta casa de estudios, quienes, luego de concluir su formaci\u00f3n en<br>la UAT, participan para trabajar en Alemania.<br>El rector estuvo presente en la inauguraci\u00f3n del evento Reclutamiento y<br>Selecci\u00f3n de Licenciadas y Licenciados en Enfermer\u00eda, que realiza la Secretar\u00eda<br>del Trabajo de Tamaulipas, en conjunto con la Agencia Federal de Empleo<br>Alemana, donde est\u00e1n siendo evaluados ochenta y cuatro profesionales, de los<br>cuales cuarenta y uno son egresados de las distintas facultades y unidades<br>acad\u00e9micas de la UAT.<br>En el evento, desarrollado en el Polyforum de esta capital, el rector subray\u00f3<br>que los egresados de la UAT cuentan con una formaci\u00f3n integral, que les ha<br>permitido competir no solo a nivel regional o nacional, sino que est\u00e1n preparados<br>para competir en planos internacionales, donde poco a poco han ido ganando<br>espacios.<br>El acto de apertura estuvo a cargo de la Mtra. Olga Patricia Sosa Ru\u00edz,<br>secretaria del Trabajo. En dicha ocasi\u00f3n, el rector estuvo acompa\u00f1ado de la Dra.<br>Cinthya Patricia Ibarra Gonz\u00e1lez, secretaria de Gesti\u00f3n Escolar; as\u00ed como de la<\/p>\n\n\n\n<p>Dra. Laura Roxana de los Reyes Nieto, directora de la Facultad de Enfermer\u00eda<br>Victoria.<br>Cabe se\u00f1alar que ese evento constituye la \u00faltima etapa de selecci\u00f3n para el<br>grupo de j\u00f3venes profesionistas que aspiran a laborar en la Cl\u00ednica Helios, que<br>cuenta con hospitales en las localidades de Rottweil, Schwerin, Brisgovia y Bonn-<br>Rhein-Sieg en Alemania.<br>Dicha parte del proceso comprende entrevistas a los candidatos<br>previamente perfilados de acuerdo con los requisitos de participaci\u00f3n para<br>contratar a cincuenta enfermeros.<br>El proyecto de reclutamiento fue presentado por Thomas Gemperlein,<br>director de la Agencia Federal de Empleo Alemana, quien hizo referencia a que el<br>sector salud de su pa\u00eds conf\u00eda en los egresados de la UAT, debido a la excelente<br>formaci\u00f3n con que cuentan, y sostuvo que quienes logren aprobar la selecci\u00f3n<br>pueden conseguir una homologaci\u00f3n de su t\u00edtulo profesional en Alemania, entre<br>otros beneficios.<br>Seg\u00fan el programa, los profesionales de la enfermer\u00eda que sean<br>seleccionados contar\u00e1n con las mejores condiciones laborales en hospitales de<br>cinco localidades de Alemania.<br>En esta ocasi\u00f3n asisten por primera vez a Tamaulipas empleadores de<br>cl\u00ednicas y hospitales para entrevistar personalmente a los candidatos.<br>A quienes sean contratados se les proporcionar\u00e1, por parte de los<br>empleadores alemanes, lo siguiente: curso de alem\u00e1n en M\u00e9xico y Alemania,<br>vuelo M\u00e9xico-Alemania, certificaci\u00f3n en Alemania, seguro de consulta m\u00e9dica,<br>servicio de comida y contrato por tiempo indeterminado.<\/p>\n","protected":false},"excerpt":{"rendered":"<p>Ciudad Victoria, Tam.; 27 de marzo de 2023.Reconoce rector esfuerzo de enfermeras y enfermeros de la UAT para laborar en Alemania \uf0b7 Cuarenta y un profesionales de Enfermer\u00eda de la UAT participan enproceso de reclutamiento y selecci\u00f3n de personal que realiza la Secretar\u00edadel Trabajo en Tamaulipas, en conjunto con la Agencia Federal de EmpleoAlemana. El [&hellip;]<\/p>\n","protected":false},"author":1,"featured_media":1288,"comment_status":"open","ping_status":"open","sticky":false,"template":"","format":"standard","meta":{"footnotes":""},"categories":[4],"tags":[],"class_list":["post-1287","post","type-post","status-publish","format-standard","has-post-thumbnail","hentry","category-universidades"],"blog_post_layout_featured_media_urls":{"thumbnail":["https:\/\/elregionaldigital.info\/wp-content\/uploads\/2023\/05\/6-7-150x150.jpg",150,150,true],"full":["https:\/\/elregionaldigital.info\/wp-content\/uploads\/2023\/05\/6-7-scaled.jpg",2560,1707,false]},"categories_names":{"4":{"name":"Universidades","link":"https:\/\/elregionaldigital.info\/?cat=4"}},"tags_names":[],"comments_number":"0","wpmagazine_modules_lite_featured_media_urls":{"thumbnail":["https:\/\/elregionaldigital.info\/wp-content\/uploads\/2023\/05\/6-7-150x150.jpg",150,150,true],"cvmm-medium":["https:\/\/elregionaldigital.info\/wp-content\/uploads\/2023\/05\/6-7-300x300.jpg",300,300,true],"cvmm-medium-plus":["https:\/\/elregionaldigital.info\/wp-content\/uploads\/2023\/05\/6-7-305x207.jpg",305,207,true],"cvmm-portrait":["https:\/\/elregionaldigital.info\/wp-content\/uploads\/2023\/05\/6-7-400x600.jpg",400,600,true],"cvmm-medium-square":["https:\/\/elregionaldigital.info\/wp-content\/uploads\/2023\/05\/6-7-600x600.jpg",600,600,true],"cvmm-large":["https:\/\/elregionaldigital.info\/wp-content\/uploads\/2023\/05\/6-7-1024x1024.jpg",1024,1024,true],"cvmm-small":["https:\/\/elregionaldigital.info\/wp-content\/uploads\/2023\/05\/6-7-130x95.jpg",130,95,true],"full":["https:\/\/elregionaldigital.info\/wp-content\/uploads\/2023\/05\/6-7-scaled.jpg",2560,1707,false]},"_links":{"self":[{"href":"https:\/\/elregionaldigital.info\/index.php?rest_route=\/wp\/v2\/posts\/1287","targetHints":{"allow":["GET"]}}],"collection":[{"href":"https:\/\/elregionaldigital.info\/index.php?rest_route=\/wp\/v2\/posts"}],"about":[{"href":"https:\/\/elregionaldigital.info\/index.php?rest_route=\/wp\/v2\/types\/post"}],"author":[{"embeddable":true,"href":"https:\/\/elregionaldigital.info\/index.php?rest_route=\/wp\/v2\/users\/1"}],"replies":[{"embeddable":true,"href":"https:\/\/elregionaldigital.info\/index.php?rest_route=%2Fwp%2Fv2%2Fcomments&post=1287"}],"version-history":[{"count":1,"href":"https:\/\/elregionaldigital.info\/index.php?rest_route=\/wp\/v2\/posts\/1287\/revisions"}],"predecessor-version":[{"id":1289,"href":"https:\/\/elregionaldigital.info\/index.php?rest_route=\/wp\/v2\/posts\/1287\/revisions\/1289"}],"wp:featuredmedia":[{"embeddable":true,"href":"https:\/\/elregionaldigital.info\/index.php?rest_route=\/wp\/v2\/media\/1288"}],"wp:attachment":[{"href":"https:\/\/elregionaldigital.info\/index.php?rest_route=%2Fwp%2Fv2%2Fmedia&parent=1287"}],"wp:term":[{"taxonomy":"category","embeddable":true,"href":"https:\/\/elregionaldigital.info\/index.php?rest_route=%2Fwp%2Fv2%2Fcategories&post=1287"},{"taxonomy":"post_tag","embeddable":true,"href":"https:\/\/elregionaldigital.info\/index.php?rest_route=%2Fwp%2Fv2%2Ftags&post=1287"}],"curies":[{"name":"wp","href":"https:\/\/api.w.org\/{rel}","templated":true}]}}