{"id":1269,"date":"2023-03-03T12:35:04","date_gmt":"2023-03-03T12:35:04","guid":{"rendered":"http:\/\/elregionaldigital.info\/?p=1269"},"modified":"2023-05-29T12:37:15","modified_gmt":"2023-05-29T12:37:15","slug":"inaugura-rector-guillermo-mendoza-la-copa-uat-2023","status":"publish","type":"post","link":"https:\/\/elregionaldigital.info\/?p=1269","title":{"rendered":"Inaugura Rector Guillermo Mendoza la Copa UAT 2023"},"content":{"rendered":"\n<figure class=\"wp-block-image size-large\"><img loading=\"lazy\" decoding=\"async\" width=\"1024\" height=\"683\" src=\"http:\/\/elregionaldigital.info\/wp-content\/uploads\/2023\/05\/Copa-UAT-1024x683.jpg\" alt=\"\" class=\"wp-image-1270\" srcset=\"https:\/\/elregionaldigital.info\/wp-content\/uploads\/2023\/05\/Copa-UAT-1024x683.jpg 1024w, https:\/\/elregionaldigital.info\/wp-content\/uploads\/2023\/05\/Copa-UAT-300x200.jpg 300w, https:\/\/elregionaldigital.info\/wp-content\/uploads\/2023\/05\/Copa-UAT-768x512.jpg 768w, https:\/\/elregionaldigital.info\/wp-content\/uploads\/2023\/05\/Copa-UAT-1536x1024.jpg 1536w, https:\/\/elregionaldigital.info\/wp-content\/uploads\/2023\/05\/Copa-UAT-2048x1365.jpg 2048w\" sizes=\"auto, (max-width: 1024px) 100vw, 1024px\" \/><\/figure>\n\n\n\n<p>\uf0b7 La liga de futbol infantil y juvenil universitaria re\u00fane m\u00e1s de 150 equipos en<br>la capital del estado.<\/p>\n\n\n\n<p>El C. P. Guillermo Mendoza Cavazos, rector de la Universidad Aut\u00f3noma de<br>Tamaulipas (UAT), inaugur\u00f3 la edici\u00f3n 39 de la Liga de Futbol Infantil y Juvenil<br>\u201cCopa UAT\u201d, torneo que a partir de este a\u00f1o se ha abierto en otros municipios,<br>como una forma de ofrecer m\u00e1s espacios de esparcimiento a los ni\u00f1os y j\u00f3venes<br>de la entidad.<br>En el Gimnasio Multidisciplinario Victoria, el rector Guillermo Mendoza<br>Cavazos puso en marcha las actividades de la Copa UAT 2023 acompa\u00f1ado del<br>Prof. Manuel Raga Navarro, director de Deportes del Gobierno de Tamaulipas,<br>quien acudi\u00f3 adem\u00e1s en representaci\u00f3n del gobernador del estado, Dr. Am\u00e9rico<br>Villarreal Anaya. Completaron el pres\u00eddium el Mtro. Mauricio Pimentel, secretario<br>de Vinculaci\u00f3n de la UAT, y el Arq. David Mart\u00ednez Hern\u00e1ndez, director general del<br>Club de F\u00fatbol Correcaminos.<br>Al dar la bienvenida a quienes competir\u00e1n en el torneo de f\u00fatbol soccer, el<br>rector se\u00f1al\u00f3 que el prop\u00f3sito de la Copa UAT es generar y crear espacios de<br>recreaci\u00f3n para la ni\u00f1ez y juventud de Tamaulipas.<br>Agreg\u00f3 que, por ello, a partir de este a\u00f1o la competencia se ampliar\u00e1 a<br>diversos municipios del estado donde la Universidad tiene presencia, habiendo<br>iniciado ya en Ciudad Mante; y se\u00f1al\u00f3 que en Ciudad Victoria jugar\u00e1n m\u00e1s de<br>ciento cincuenta equipos conformados por m\u00e1s de mil seiscientos deportistas.<\/p>\n\n\n\n<p>El rector agradeci\u00f3 al gobernador Am\u00e9rico Villarreal Anaya por el apoyo que<br>brinda a la UAT a trav\u00e9s de su infraestructura deportiva para llevar a cabo el<br>torneo.<br>Por su parte, el Prof. Manuel Raga Navarro, a nombre del gobernador,<br>coment\u00f3 que para el Gobierno del Estado es muy importante el fomento a las<br>actividades deportivas como una manera de formar buenos ciudadanos, y destac\u00f3<br>que la Copa UAT ha sido formadora de buenos jugadores de talla nacional e<br>internacional.<br>En su turno, el Mtro. Mauricio Pimentel, secretario de Vinculaci\u00f3n de la<br>UAT, agradeci\u00f3 el apoyo del contador Guillermo Mendoza Cavazos para la<br>realizaci\u00f3n de la competencia y destac\u00f3 la importancia de este torneo, que es un<br>semillero muy importante de deportistas.<br>Al evento tambi\u00e9n asisti\u00f3 el Ing. Miguel \u00c1ngel Ramos M\u00e1rquez, director del<br>Gimnasio Multidisciplinario Victoria, as\u00ed como jugadores del Club de Futbol<br>Correcaminos.<\/p>\n","protected":false},"excerpt":{"rendered":"<p>\uf0b7 La liga de futbol infantil y juvenil universitaria re\u00fane m\u00e1s de 150 equipos enla capital del estado. El C. P. Guillermo Mendoza Cavazos, rector de la Universidad Aut\u00f3noma deTamaulipas (UAT), inaugur\u00f3 la edici\u00f3n 39 de la Liga de Futbol Infantil y Juvenil\u201cCopa UAT\u201d, torneo que a partir de este a\u00f1o se ha abierto en [&hellip;]<\/p>\n","protected":false},"author":1,"featured_media":1270,"comment_status":"open","ping_status":"open","sticky":false,"template":"","format":"standard","meta":{"footnotes":""},"categories":[4],"tags":[],"class_list":["post-1269","post","type-post","status-publish","format-standard","has-post-thumbnail","hentry","category-universidades"],"blog_post_layout_featured_media_urls":{"thumbnail":["https:\/\/elregionaldigital.info\/wp-content\/uploads\/2023\/05\/Copa-UAT-150x150.jpg",150,150,true],"full":["https:\/\/elregionaldigital.info\/wp-content\/uploads\/2023\/05\/Copa-UAT-scaled.jpg",2560,1707,false]},"categories_names":{"4":{"name":"Universidades","link":"https:\/\/elregionaldigital.info\/?cat=4"}},"tags_names":[],"comments_number":"0","wpmagazine_modules_lite_featured_media_urls":{"thumbnail":["https:\/\/elregionaldigital.info\/wp-content\/uploads\/2023\/05\/Copa-UAT-150x150.jpg",150,150,true],"cvmm-medium":["https:\/\/elregionaldigital.info\/wp-content\/uploads\/2023\/05\/Copa-UAT-300x300.jpg",300,300,true],"cvmm-medium-plus":["https:\/\/elregionaldigital.info\/wp-content\/uploads\/2023\/05\/Copa-UAT-305x207.jpg",305,207,true],"cvmm-portrait":["https:\/\/elregionaldigital.info\/wp-content\/uploads\/2023\/05\/Copa-UAT-400x600.jpg",400,600,true],"cvmm-medium-square":["https:\/\/elregionaldigital.info\/wp-content\/uploads\/2023\/05\/Copa-UAT-600x600.jpg",600,600,true],"cvmm-large":["https:\/\/elregionaldigital.info\/wp-content\/uploads\/2023\/05\/Copa-UAT-1024x1024.jpg",1024,1024,true],"cvmm-small":["https:\/\/elregionaldigital.info\/wp-content\/uploads\/2023\/05\/Copa-UAT-130x95.jpg",130,95,true],"full":["https:\/\/elregionaldigital.info\/wp-content\/uploads\/2023\/05\/Copa-UAT-scaled.jpg",2560,1707,false]},"_links":{"self":[{"href":"https:\/\/elregionaldigital.info\/index.php?rest_route=\/wp\/v2\/posts\/1269","targetHints":{"allow":["GET"]}}],"collection":[{"href":"https:\/\/elregionaldigital.info\/index.php?rest_route=\/wp\/v2\/posts"}],"about":[{"href":"https:\/\/elregionaldigital.info\/index.php?rest_route=\/wp\/v2\/types\/post"}],"author":[{"embeddable":true,"href":"https:\/\/elregionaldigital.info\/index.php?rest_route=\/wp\/v2\/users\/1"}],"replies":[{"embeddable":true,"href":"https:\/\/elregionaldigital.info\/index.php?rest_route=%2Fwp%2Fv2%2Fcomments&post=1269"}],"version-history":[{"count":1,"href":"https:\/\/elregionaldigital.info\/index.php?rest_route=\/wp\/v2\/posts\/1269\/revisions"}],"predecessor-version":[{"id":1271,"href":"https:\/\/elregionaldigital.info\/index.php?rest_route=\/wp\/v2\/posts\/1269\/revisions\/1271"}],"wp:featuredmedia":[{"embeddable":true,"href":"https:\/\/elregionaldigital.info\/index.php?rest_route=\/wp\/v2\/media\/1270"}],"wp:attachment":[{"href":"https:\/\/elregionaldigital.info\/index.php?rest_route=%2Fwp%2Fv2%2Fmedia&parent=1269"}],"wp:term":[{"taxonomy":"category","embeddable":true,"href":"https:\/\/elregionaldigital.info\/index.php?rest_route=%2Fwp%2Fv2%2Fcategories&post=1269"},{"taxonomy":"post_tag","embeddable":true,"href":"https:\/\/elregionaldigital.info\/index.php?rest_route=%2Fwp%2Fv2%2Ftags&post=1269"}],"curies":[{"name":"wp","href":"https:\/\/api.w.org\/{rel}","templated":true}]}}