{"id":1265,"date":"2023-05-19T18:24:00","date_gmt":"2023-05-19T18:24:00","guid":{"rendered":"http:\/\/elregionaldigital.info\/?p=1265"},"modified":"2023-05-29T06:29:27","modified_gmt":"2023-05-29T06:29:27","slug":"confirmado-despues-de-nodal-belinda-ya-tiene-nuevo-novio","status":"publish","type":"post","link":"https:\/\/elregionaldigital.info\/?p=1265","title":{"rendered":"Confirmado: Despu\u00e9s de Nodal, Belinda ya tiene nuevo novio"},"content":{"rendered":"\n<figure class=\"wp-block-image size-full\"><img loading=\"lazy\" decoding=\"async\" width=\"698\" height=\"530\" src=\"http:\/\/elregionaldigital.info\/wp-content\/uploads\/2023\/05\/belinda_y_su_romance.png_448653958.webp\" alt=\"\" class=\"wp-image-1266\" srcset=\"https:\/\/elregionaldigital.info\/wp-content\/uploads\/2023\/05\/belinda_y_su_romance.png_448653958.webp 698w, https:\/\/elregionaldigital.info\/wp-content\/uploads\/2023\/05\/belinda_y_su_romance.png_448653958-300x228.webp 300w, https:\/\/elregionaldigital.info\/wp-content\/uploads\/2023\/05\/belinda_y_su_romance.png_448653958-136x102.webp 136w\" sizes=\"auto, (max-width: 698px) 100vw, 698px\" \/><\/figure>\n\n\n\n<p>La cantante de &#8220;Sapito&#8221; estrena nuevo romance; te decimos los detalles\u00a0<\/p>\n\n\n\n<p>Luego del episodio por el que pas\u00f3 la cantante&nbsp;<strong>Belinda&nbsp;<\/strong>tras su ruptura con el int\u00e9rprete Christian Nodal,&nbsp;<strong>el coraz\u00f3n de Belinda palpita nuevamente<\/strong>.&nbsp;Pero&nbsp;esta ocasi\u00f3n, se trata del&nbsp;empresario Gonzalo Hevia Baill\u00e8res&nbsp;el cual ha tenido \u00e9xito en prender una llama de amor en la famosa cantante.&nbsp;<\/p>\n\n\n\n<p>Los primeros rumores\u00a0que estaban circulando sobre la pareja fueron en septiembre del a\u00f1o pasado, cuando ambos fueron captados en algunos eventos, incluso la revista \u201c<strong>Qui\u00e9n<\/strong>\u201d se encarg\u00f3 de confesar este romance.\u00a0<\/p>\n\n\n\n<p>Acorde a la publicaci\u00f3n Hevia,\u00a0<strong>el empresario abord\u00f3 un avi\u00f3n con destino a Chihuahua<\/strong>, mismo lugar, donde la famosa Belinda se presentar\u00e1 en unas horas, adem\u00e1s de tener la compa\u00f1\u00eda de su suegra, Belinda Sch\u00fcll.<\/p>\n\n\n\n<p>\u00c9l decidi\u00f3 llegar a esa ciudad para acompa\u00f1ar a la artista pop en la presentaci\u00f3n que ser\u00e1 llevada a cabo en&nbsp;la tradicional \u201cFeria de Santa Rita\u201d, una fiesta muy grande en el estado de Chihuahua.&nbsp;<\/p>\n\n\n\n<p>Asimismo,<strong>\u00a0Belinda y Gonzalo el a\u00f1o pasado se conocieron<\/strong>, saliendo al ojo p\u00fablico varios videos donde estaban juntos conviviendo con familia y amigos cercanos a \u00e9l.\u00a0<\/p>\n\n\n\n<h2 class=\"wp-block-heading\">\u00bfQu\u00e9 procedencia tiene Gonzalo Hevia?<\/h2>\n\n\n\n<p><strong>Gonzalo Hevia Baill\u00e8res&nbsp;<\/strong>, es parte de una de las familias m\u00e1s ricas de M\u00e9xico. De hecho, el 2022 fueron posicionados como el cuarto clan (m\u00e1s rica) del pa\u00eds, seg\u00fan Forbes.<\/p>\n\n\n\n<p>Inclusive, el amado de Belinda<strong>&nbsp;es hijo de Tere Baill\u00e8res<\/strong>&nbsp;(la hija m\u00e1s chica) del Sr.&nbsp;<strong>Alberto Baill\u00e8res<\/strong>, due\u00f1o de Palacio de Hierro al igual que do\u00f1a Teresa Gual.<\/p>\n\n\n\n<p>&#8220;Hevia se ha vuelto una de las promesas m\u00e1s j\u00f3venes del mundo de los negocios, a pesar del \u00e9xito de sus familiares&#8221;.&nbsp;<\/p>\n\n\n\n<h2 class=\"wp-block-heading\">\u00bfA qu\u00e9 se dedica?&nbsp;<\/h2>\n\n\n\n<p>Es&nbsp;<strong>fundador&nbsp;<\/strong>y&nbsp;<strong>Ceo&nbsp;<\/strong>de&nbsp;<strong>Lok<\/strong>, un&nbsp;<strong>emprendimiento enfocado en la movilidad y log\u00edstica<\/strong>&nbsp;que busca procrear nuevas alternativas, como: lockers inteligentes en diferentes locaciones para otorgar a empresas y usuarios una manera m\u00e1s competente y segura de entregar, recibir y devolver compras realizadas en virtual.<\/p>\n\n\n\n<p>En otros datos,&nbsp;<strong>la misi\u00f3n de la empresa<\/strong>&nbsp;es convertirse en una red de estructura inteligente m\u00e1s amplia de Am\u00e9rica del Norte y Sur, indican algunos medios de circulaci\u00f3n nacional.&nbsp;<\/p>\n\n\n\n<figure class=\"wp-block-image size-full\"><img loading=\"lazy\" decoding=\"async\" width=\"770\" height=\"485\" src=\"http:\/\/elregionaldigital.info\/wp-content\/uploads\/2023\/05\/belinda_crop1684535500229.jpg_1970638775.webp\" alt=\"\" class=\"wp-image-1267\" srcset=\"https:\/\/elregionaldigital.info\/wp-content\/uploads\/2023\/05\/belinda_crop1684535500229.jpg_1970638775.webp 770w, https:\/\/elregionaldigital.info\/wp-content\/uploads\/2023\/05\/belinda_crop1684535500229.jpg_1970638775-300x189.webp 300w, https:\/\/elregionaldigital.info\/wp-content\/uploads\/2023\/05\/belinda_crop1684535500229.jpg_1970638775-768x484.webp 768w\" sizes=\"auto, (max-width: 770px) 100vw, 770px\" \/><\/figure>\n","protected":false},"excerpt":{"rendered":"<p>La cantante de &#8220;Sapito&#8221; estrena nuevo romance; te decimos los detalles\u00a0 Luego del episodio por el que pas\u00f3 la cantante&nbsp;Belinda&nbsp;tras su ruptura con el int\u00e9rprete Christian Nodal,&nbsp;el coraz\u00f3n de Belinda palpita nuevamente.&nbsp;Pero&nbsp;esta ocasi\u00f3n, se trata del&nbsp;empresario Gonzalo Hevia Baill\u00e8res&nbsp;el cual ha tenido \u00e9xito en prender una llama de amor en la famosa cantante.&nbsp; Los primeros [&hellip;]<\/p>\n","protected":false},"author":1,"featured_media":1267,"comment_status":"open","ping_status":"open","sticky":false,"template":"","format":"standard","meta":{"footnotes":""},"categories":[3],"tags":[],"class_list":["post-1265","post","type-post","status-publish","format-standard","has-post-thumbnail","hentry","category-entretenimiento"],"blog_post_layout_featured_media_urls":{"thumbnail":["https:\/\/elregionaldigital.info\/wp-content\/uploads\/2023\/05\/belinda_crop1684535500229.jpg_1970638775-150x150.webp",150,150,true],"full":["https:\/\/elregionaldigital.info\/wp-content\/uploads\/2023\/05\/belinda_crop1684535500229.jpg_1970638775.webp",770,485,false]},"categories_names":{"3":{"name":"Entretenimiento","link":"https:\/\/elregionaldigital.info\/?cat=3"}},"tags_names":[],"comments_number":"0","wpmagazine_modules_lite_featured_media_urls":{"thumbnail":["https:\/\/elregionaldigital.info\/wp-content\/uploads\/2023\/05\/belinda_crop1684535500229.jpg_1970638775-150x150.webp",150,150,true],"cvmm-medium":["https:\/\/elregionaldigital.info\/wp-content\/uploads\/2023\/05\/belinda_crop1684535500229.jpg_1970638775-300x300.webp",300,300,true],"cvmm-medium-plus":["https:\/\/elregionaldigital.info\/wp-content\/uploads\/2023\/05\/belinda_crop1684535500229.jpg_1970638775-305x207.webp",305,207,true],"cvmm-portrait":["https:\/\/elregionaldigital.info\/wp-content\/uploads\/2023\/05\/belinda_crop1684535500229.jpg_1970638775-400x485.webp",400,485,true],"cvmm-medium-square":["https:\/\/elregionaldigital.info\/wp-content\/uploads\/2023\/05\/belinda_crop1684535500229.jpg_1970638775-600x485.webp",600,485,true],"cvmm-large":["https:\/\/elregionaldigital.info\/wp-content\/uploads\/2023\/05\/belinda_crop1684535500229.jpg_1970638775.webp",770,485,false],"cvmm-small":["https:\/\/elregionaldigital.info\/wp-content\/uploads\/2023\/05\/belinda_crop1684535500229.jpg_1970638775-130x95.webp",130,95,true],"full":["https:\/\/elregionaldigital.info\/wp-content\/uploads\/2023\/05\/belinda_crop1684535500229.jpg_1970638775.webp",770,485,false]},"_links":{"self":[{"href":"https:\/\/elregionaldigital.info\/index.php?rest_route=\/wp\/v2\/posts\/1265","targetHints":{"allow":["GET"]}}],"collection":[{"href":"https:\/\/elregionaldigital.info\/index.php?rest_route=\/wp\/v2\/posts"}],"about":[{"href":"https:\/\/elregionaldigital.info\/index.php?rest_route=\/wp\/v2\/types\/post"}],"author":[{"embeddable":true,"href":"https:\/\/elregionaldigital.info\/index.php?rest_route=\/wp\/v2\/users\/1"}],"replies":[{"embeddable":true,"href":"https:\/\/elregionaldigital.info\/index.php?rest_route=%2Fwp%2Fv2%2Fcomments&post=1265"}],"version-history":[{"count":1,"href":"https:\/\/elregionaldigital.info\/index.php?rest_route=\/wp\/v2\/posts\/1265\/revisions"}],"predecessor-version":[{"id":1268,"href":"https:\/\/elregionaldigital.info\/index.php?rest_route=\/wp\/v2\/posts\/1265\/revisions\/1268"}],"wp:featuredmedia":[{"embeddable":true,"href":"https:\/\/elregionaldigital.info\/index.php?rest_route=\/wp\/v2\/media\/1267"}],"wp:attachment":[{"href":"https:\/\/elregionaldigital.info\/index.php?rest_route=%2Fwp%2Fv2%2Fmedia&parent=1265"}],"wp:term":[{"taxonomy":"category","embeddable":true,"href":"https:\/\/elregionaldigital.info\/index.php?rest_route=%2Fwp%2Fv2%2Fcategories&post=1265"},{"taxonomy":"post_tag","embeddable":true,"href":"https:\/\/elregionaldigital.info\/index.php?rest_route=%2Fwp%2Fv2%2Ftags&post=1265"}],"curies":[{"name":"wp","href":"https:\/\/api.w.org\/{rel}","templated":true}]}}