{"id":1262,"date":"2023-05-26T18:21:00","date_gmt":"2023-05-26T18:21:00","guid":{"rendered":"http:\/\/elregionaldigital.info\/?p=1262"},"modified":"2023-05-29T06:24:05","modified_gmt":"2023-05-29T06:24:05","slug":"aracely-arambula-explota-en-redes-sociales-porque-hablan-de-sus-hijos","status":"publish","type":"post","link":"https:\/\/elregionaldigital.info\/?p=1262","title":{"rendered":"Aracely Ar\u00e1mbula explota en redes sociales porque hablan de sus hijos"},"content":{"rendered":"\n<figure class=\"wp-block-image size-full\"><img loading=\"lazy\" decoding=\"async\" width=\"770\" height=\"485\" src=\"http:\/\/elregionaldigital.info\/wp-content\/uploads\/2023\/05\/luismi_y_arambu_crop1685139254990.jpg_1970638775.webp\" alt=\"\" class=\"wp-image-1263\" srcset=\"https:\/\/elregionaldigital.info\/wp-content\/uploads\/2023\/05\/luismi_y_arambu_crop1685139254990.jpg_1970638775.webp 770w, https:\/\/elregionaldigital.info\/wp-content\/uploads\/2023\/05\/luismi_y_arambu_crop1685139254990.jpg_1970638775-300x189.webp 300w, https:\/\/elregionaldigital.info\/wp-content\/uploads\/2023\/05\/luismi_y_arambu_crop1685139254990.jpg_1970638775-768x484.webp 768w\" sizes=\"auto, (max-width: 770px) 100vw, 770px\" \/><\/figure>\n\n\n\n<p>Aracely Ar\u00e1mbula ex de Luis Miguel asegura que ella se hizo responsable de los hijos en com\u00fan de ambos artistas<\/p>\n\n\n\n<p>Anteriormente, en el 2006&nbsp;se cre\u00eda que la actriz&nbsp;<strong>Aracely<\/strong>&nbsp;<strong>Ar\u00e1mbula&nbsp;<\/strong>y&nbsp;<strong>Luis Miguel&nbsp;<\/strong>llegar\u00edan hasta el altar, la pareja recordemos que estaba muy enamorada, desde cuando hicieron un viaje en un crucero acaparando las portadas del momento. Y en diciembre de ese mismo a\u00f1o ya esperaban su primer hijo, Miguelito.&nbsp;&nbsp;<\/p>\n\n\n\n<p>Despu\u00e9s, naci\u00f3 Daniel, pues en 2009 fue cuando las cosas cambiaron tanto que&nbsp;<strong>se separaron<\/strong>, incluso algunas versiones se\u00f1alaban que al cantante de \u201cLa Chica Del Bikini Azul\u201d no le agrad\u00f3 sentir vulnerada su privacidad con la formaci\u00f3n de una familia, por ende Aracely fue quien&nbsp;<strong>se hizo responsable de sus hijos<\/strong>, tema que maneja con privacidad.&nbsp;<\/p>\n\n\n\n<p>Por v\u00eda redes sociales la actriz seguido comparte mensajes con dedicatoria para sus hijos, as\u00ed como felicitaciones en sus cumplea\u00f1os, fechas donde tampoco se encuentra \u201c<strong>El Sol<\/strong>\u201d, ni siquiera por llamada, pues Ar\u00e1mbula, ha contado que Luis Mi ha sido un padre ausente.\u00a0<\/p>\n\n\n\n<h2 class=\"wp-block-heading\">Aracely Ar\u00e1mbula enfurece en redes<\/h2>\n\n\n\n<p>Por lo general,\u00a0Aracely Ar\u00e1mbula no suele aclarar sobre lo que se dice de ella y su ex Luis Miguel junto con sus hijos que tienen en com\u00fan, pero esta vez no fue as\u00ed. Resulta ser que la amiga cercana que qued\u00f3 viuda del exmanger Hugo L\u00f3pez de LuisMi, Luciana Miranda abri\u00f3 la boca de m\u00e1s asegurando que el cantante \u201c<strong>s\u00ed ve a sus hijos<\/strong>\u201d.\u00a0<\/p>\n\n\n\n<p>La \u201c<strong>chule<\/strong>\u201d apodo que tiene la actriz, en redes sociales de inmediato&nbsp;<strong>escribi\u00f3 un mensaje&nbsp;<\/strong>en el que hace hincapi\u00e9 que ella no miente cuando es tema sobre sus hijos y que era vergonzoso c\u00f3mo hab\u00eda personas que s\u00ed lo hac\u00edan.&nbsp;La protagonista de \u201c<strong>La Do\u00f1a<\/strong>\u201d, sin mencionar nombres se mostr\u00f3 molesta por la informaci\u00f3n que cataloga como falsa: \u201c<strong>\u00a1Incre\u00edble la poca verg\u00fcenza que tienen para mentir!, mientras se trate de mis hijos siempre hablar\u00e9 con la verdad&#8221;.<\/strong><\/p>\n\n\n\n<p>En otros temas, hace un par de d\u00edas Aracely&nbsp;Ar\u00e1mbula se volvi\u00f3 viral en redes&nbsp;por lo que mencion\u00f3 de Luis Miguel durante una conferencia motivacional impartida por el experto en relaciones humanas&nbsp;<strong>Jorge Lozano H<\/strong>., llamada Estado civil: ingobernable, ah\u00ed acudi\u00f3 con&nbsp;<strong>Michelle Vieth&nbsp;<\/strong>y cuando fue abordada por Lozano dio un mensaje sobre los &#8220;<strong>cucarachos<\/strong>&#8220;, es decir, sobre los hombres infames que aparecen en la vida de las mujeres.<\/p>\n","protected":false},"excerpt":{"rendered":"<p>Aracely Ar\u00e1mbula ex de Luis Miguel asegura que ella se hizo responsable de los hijos en com\u00fan de ambos artistas Anteriormente, en el 2006&nbsp;se cre\u00eda que la actriz&nbsp;Aracely&nbsp;Ar\u00e1mbula&nbsp;y&nbsp;Luis Miguel&nbsp;llegar\u00edan hasta el altar, la pareja recordemos que estaba muy enamorada, desde cuando hicieron un viaje en un crucero acaparando las portadas del momento. Y en diciembre [&hellip;]<\/p>\n","protected":false},"author":1,"featured_media":1263,"comment_status":"open","ping_status":"open","sticky":false,"template":"","format":"standard","meta":{"footnotes":""},"categories":[3],"tags":[],"class_list":["post-1262","post","type-post","status-publish","format-standard","has-post-thumbnail","hentry","category-entretenimiento"],"blog_post_layout_featured_media_urls":{"thumbnail":["https:\/\/elregionaldigital.info\/wp-content\/uploads\/2023\/05\/luismi_y_arambu_crop1685139254990.jpg_1970638775-150x150.webp",150,150,true],"full":["https:\/\/elregionaldigital.info\/wp-content\/uploads\/2023\/05\/luismi_y_arambu_crop1685139254990.jpg_1970638775.webp",770,485,false]},"categories_names":{"3":{"name":"Entretenimiento","link":"https:\/\/elregionaldigital.info\/?cat=3"}},"tags_names":[],"comments_number":"0","wpmagazine_modules_lite_featured_media_urls":{"thumbnail":["https:\/\/elregionaldigital.info\/wp-content\/uploads\/2023\/05\/luismi_y_arambu_crop1685139254990.jpg_1970638775-150x150.webp",150,150,true],"cvmm-medium":["https:\/\/elregionaldigital.info\/wp-content\/uploads\/2023\/05\/luismi_y_arambu_crop1685139254990.jpg_1970638775-300x300.webp",300,300,true],"cvmm-medium-plus":["https:\/\/elregionaldigital.info\/wp-content\/uploads\/2023\/05\/luismi_y_arambu_crop1685139254990.jpg_1970638775-305x207.webp",305,207,true],"cvmm-portrait":["https:\/\/elregionaldigital.info\/wp-content\/uploads\/2023\/05\/luismi_y_arambu_crop1685139254990.jpg_1970638775-400x485.webp",400,485,true],"cvmm-medium-square":["https:\/\/elregionaldigital.info\/wp-content\/uploads\/2023\/05\/luismi_y_arambu_crop1685139254990.jpg_1970638775-600x485.webp",600,485,true],"cvmm-large":["https:\/\/elregionaldigital.info\/wp-content\/uploads\/2023\/05\/luismi_y_arambu_crop1685139254990.jpg_1970638775.webp",770,485,false],"cvmm-small":["https:\/\/elregionaldigital.info\/wp-content\/uploads\/2023\/05\/luismi_y_arambu_crop1685139254990.jpg_1970638775-130x95.webp",130,95,true],"full":["https:\/\/elregionaldigital.info\/wp-content\/uploads\/2023\/05\/luismi_y_arambu_crop1685139254990.jpg_1970638775.webp",770,485,false]},"_links":{"self":[{"href":"https:\/\/elregionaldigital.info\/index.php?rest_route=\/wp\/v2\/posts\/1262","targetHints":{"allow":["GET"]}}],"collection":[{"href":"https:\/\/elregionaldigital.info\/index.php?rest_route=\/wp\/v2\/posts"}],"about":[{"href":"https:\/\/elregionaldigital.info\/index.php?rest_route=\/wp\/v2\/types\/post"}],"author":[{"embeddable":true,"href":"https:\/\/elregionaldigital.info\/index.php?rest_route=\/wp\/v2\/users\/1"}],"replies":[{"embeddable":true,"href":"https:\/\/elregionaldigital.info\/index.php?rest_route=%2Fwp%2Fv2%2Fcomments&post=1262"}],"version-history":[{"count":1,"href":"https:\/\/elregionaldigital.info\/index.php?rest_route=\/wp\/v2\/posts\/1262\/revisions"}],"predecessor-version":[{"id":1264,"href":"https:\/\/elregionaldigital.info\/index.php?rest_route=\/wp\/v2\/posts\/1262\/revisions\/1264"}],"wp:featuredmedia":[{"embeddable":true,"href":"https:\/\/elregionaldigital.info\/index.php?rest_route=\/wp\/v2\/media\/1263"}],"wp:attachment":[{"href":"https:\/\/elregionaldigital.info\/index.php?rest_route=%2Fwp%2Fv2%2Fmedia&parent=1262"}],"wp:term":[{"taxonomy":"category","embeddable":true,"href":"https:\/\/elregionaldigital.info\/index.php?rest_route=%2Fwp%2Fv2%2Fcategories&post=1262"},{"taxonomy":"post_tag","embeddable":true,"href":"https:\/\/elregionaldigital.info\/index.php?rest_route=%2Fwp%2Fv2%2Ftags&post=1262"}],"curies":[{"name":"wp","href":"https:\/\/api.w.org\/{rel}","templated":true}]}}