{"id":1259,"date":"2023-05-23T18:18:00","date_gmt":"2023-05-23T18:18:00","guid":{"rendered":"http:\/\/elregionaldigital.info\/?p=1259"},"modified":"2023-05-29T06:20:56","modified_gmt":"2023-05-29T06:20:56","slug":"karely-ruiz-y-santa-fe-klan-ponen-fin-a-su-relacion-amorosa","status":"publish","type":"post","link":"https:\/\/elregionaldigital.info\/?p=1259","title":{"rendered":"Karely Ruiz y Santa Fe Klan ponen fin a su relaci\u00f3n amorosa"},"content":{"rendered":"\n<figure class=\"wp-block-image size-full\"><img loading=\"lazy\" decoding=\"async\" width=\"770\" height=\"485\" src=\"http:\/\/elregionaldigital.info\/wp-content\/uploads\/2023\/05\/6438e50ac70a2_r_d_316-376-18750_crop1683296658636.jpeg_1970638775.webp\" alt=\"\" class=\"wp-image-1260\" srcset=\"https:\/\/elregionaldigital.info\/wp-content\/uploads\/2023\/05\/6438e50ac70a2_r_d_316-376-18750_crop1683296658636.jpeg_1970638775.webp 770w, https:\/\/elregionaldigital.info\/wp-content\/uploads\/2023\/05\/6438e50ac70a2_r_d_316-376-18750_crop1683296658636.jpeg_1970638775-300x189.webp 300w, https:\/\/elregionaldigital.info\/wp-content\/uploads\/2023\/05\/6438e50ac70a2_r_d_316-376-18750_crop1683296658636.jpeg_1970638775-768x484.webp 768w\" sizes=\"auto, (max-width: 770px) 100vw, 770px\" \/><\/figure>\n\n\n\n<p>Karely Ruiz dio por terminada su relaci\u00f3n con Santa Fe Klan luego de que ambos colaboraran en un tema musical y se dieran una oportunidad en el amor<\/p>\n\n\n\n<p>Hace apenas unos d\u00edas&nbsp;<strong>Karely Ruiz&nbsp;<\/strong>y<strong>&nbsp;Santa Fe Klan<\/strong>&nbsp;se convirtieron el centro de atenci\u00f3n en las diferentes redes sociales, luego de que ambos estrenaran una colaboraci\u00f3n musical llamada &#8220;Sabes&#8221; con la cual debut\u00f3 la joven influencer.&nbsp;<\/p>\n\n\n\n<p>Ante la colaboraci\u00f3n comenzaron los rumores sobre una relaci\u00f3n amorosa entre los famosos, pues en uno de los conciertos del int\u00e9rprete de\u00a0<strong>&#8220;As\u00ed soy&#8221;<\/strong>,<strong>\u00a0el cantante bes\u00f3 a\u00a0Karely\u00a0Ruiz en la boca, adem\u00e1s de que anteriormente se les hab\u00eda visto muy cari\u00f1osos.<\/strong><\/p>\n\n\n\n<p>D\u00edas despu\u00e9s la misma Karely Ruiz confirm\u00f3 que ella y Santa Fe Klan se estaban dando una oportunidad, sin embargo, la relaci\u00f3n como novios no funcion\u00f3 y decidieron seguir con la amistad.\u00a0<\/p>\n\n\n\n<p>Al principio s\u00ed fue la colaboraci\u00f3n, ahorita somos amigos, empezamos a hablar y pues a lo que se daba, vamos a dejar que fluya pero pues ahorita hay amistad nada m\u00e1s. Nos dimos la oportunidad pero creo que funcionamos m\u00e1s como amigos&#8221;.<\/p>\n\n\n\n<p>La influencer decidi\u00f3 romper el silencio y habl\u00f3 sobre lo pas\u00f3 con Santa Fe Klan, quien hasta el momento no ha dado ninguna declaraci\u00f3n al respecto de la ruptura.<\/p>\n\n\n\n<p>Fue en el podcast&nbsp;<strong>&#8220;El canal del Momo&#8221;<\/strong>&nbsp;en donde Karely Ruiz mencion\u00f3 que ella decidi\u00f3 terminar la relaci\u00f3n debido a que ambos ten\u00edan diversas actividades que les imped\u00eda verse.&nbsp;<\/p>\n\n\n\n<p>&#8220;\u00c9l anda en su trabajo y yo en mi trabajo, no tenemos tiempo. Le dije: &#8216;la verdad no&#8217;. S\u00ed lo platicamos pero pues m\u00e1s que nada por el tiempo, \u00e9l se va, yo me voy y pues creo que una relaci\u00f3n as\u00ed no iba a funcionar y m\u00e1s en esto de las redes pues le digo: &#8216;no tenemos tiempo de vernos&#8217; y mejor prefer\u00ed as\u00ed&#8221;, finaliz\u00f3 Karely Ruiz.<\/p>\n","protected":false},"excerpt":{"rendered":"<p>Karely Ruiz dio por terminada su relaci\u00f3n con Santa Fe Klan luego de que ambos colaboraran en un tema musical y se dieran una oportunidad en el amor Hace apenas unos d\u00edas&nbsp;Karely Ruiz&nbsp;y&nbsp;Santa Fe Klan&nbsp;se convirtieron el centro de atenci\u00f3n en las diferentes redes sociales, luego de que ambos estrenaran una colaboraci\u00f3n musical llamada &#8220;Sabes&#8221; [&hellip;]<\/p>\n","protected":false},"author":1,"featured_media":1260,"comment_status":"open","ping_status":"open","sticky":false,"template":"","format":"standard","meta":{"footnotes":""},"categories":[3],"tags":[],"class_list":["post-1259","post","type-post","status-publish","format-standard","has-post-thumbnail","hentry","category-entretenimiento"],"blog_post_layout_featured_media_urls":{"thumbnail":["https:\/\/elregionaldigital.info\/wp-content\/uploads\/2023\/05\/6438e50ac70a2_r_d_316-376-18750_crop1683296658636.jpeg_1970638775-150x150.webp",150,150,true],"full":["https:\/\/elregionaldigital.info\/wp-content\/uploads\/2023\/05\/6438e50ac70a2_r_d_316-376-18750_crop1683296658636.jpeg_1970638775.webp",770,485,false]},"categories_names":{"3":{"name":"Entretenimiento","link":"https:\/\/elregionaldigital.info\/?cat=3"}},"tags_names":[],"comments_number":"0","wpmagazine_modules_lite_featured_media_urls":{"thumbnail":["https:\/\/elregionaldigital.info\/wp-content\/uploads\/2023\/05\/6438e50ac70a2_r_d_316-376-18750_crop1683296658636.jpeg_1970638775-150x150.webp",150,150,true],"cvmm-medium":["https:\/\/elregionaldigital.info\/wp-content\/uploads\/2023\/05\/6438e50ac70a2_r_d_316-376-18750_crop1683296658636.jpeg_1970638775-300x300.webp",300,300,true],"cvmm-medium-plus":["https:\/\/elregionaldigital.info\/wp-content\/uploads\/2023\/05\/6438e50ac70a2_r_d_316-376-18750_crop1683296658636.jpeg_1970638775-305x207.webp",305,207,true],"cvmm-portrait":["https:\/\/elregionaldigital.info\/wp-content\/uploads\/2023\/05\/6438e50ac70a2_r_d_316-376-18750_crop1683296658636.jpeg_1970638775-400x485.webp",400,485,true],"cvmm-medium-square":["https:\/\/elregionaldigital.info\/wp-content\/uploads\/2023\/05\/6438e50ac70a2_r_d_316-376-18750_crop1683296658636.jpeg_1970638775-600x485.webp",600,485,true],"cvmm-large":["https:\/\/elregionaldigital.info\/wp-content\/uploads\/2023\/05\/6438e50ac70a2_r_d_316-376-18750_crop1683296658636.jpeg_1970638775.webp",770,485,false],"cvmm-small":["https:\/\/elregionaldigital.info\/wp-content\/uploads\/2023\/05\/6438e50ac70a2_r_d_316-376-18750_crop1683296658636.jpeg_1970638775-130x95.webp",130,95,true],"full":["https:\/\/elregionaldigital.info\/wp-content\/uploads\/2023\/05\/6438e50ac70a2_r_d_316-376-18750_crop1683296658636.jpeg_1970638775.webp",770,485,false]},"_links":{"self":[{"href":"https:\/\/elregionaldigital.info\/index.php?rest_route=\/wp\/v2\/posts\/1259","targetHints":{"allow":["GET"]}}],"collection":[{"href":"https:\/\/elregionaldigital.info\/index.php?rest_route=\/wp\/v2\/posts"}],"about":[{"href":"https:\/\/elregionaldigital.info\/index.php?rest_route=\/wp\/v2\/types\/post"}],"author":[{"embeddable":true,"href":"https:\/\/elregionaldigital.info\/index.php?rest_route=\/wp\/v2\/users\/1"}],"replies":[{"embeddable":true,"href":"https:\/\/elregionaldigital.info\/index.php?rest_route=%2Fwp%2Fv2%2Fcomments&post=1259"}],"version-history":[{"count":1,"href":"https:\/\/elregionaldigital.info\/index.php?rest_route=\/wp\/v2\/posts\/1259\/revisions"}],"predecessor-version":[{"id":1261,"href":"https:\/\/elregionaldigital.info\/index.php?rest_route=\/wp\/v2\/posts\/1259\/revisions\/1261"}],"wp:featuredmedia":[{"embeddable":true,"href":"https:\/\/elregionaldigital.info\/index.php?rest_route=\/wp\/v2\/media\/1260"}],"wp:attachment":[{"href":"https:\/\/elregionaldigital.info\/index.php?rest_route=%2Fwp%2Fv2%2Fmedia&parent=1259"}],"wp:term":[{"taxonomy":"category","embeddable":true,"href":"https:\/\/elregionaldigital.info\/index.php?rest_route=%2Fwp%2Fv2%2Fcategories&post=1259"},{"taxonomy":"post_tag","embeddable":true,"href":"https:\/\/elregionaldigital.info\/index.php?rest_route=%2Fwp%2Fv2%2Ftags&post=1259"}],"curies":[{"name":"wp","href":"https:\/\/api.w.org\/{rel}","templated":true}]}}