{"id":1256,"date":"2023-05-21T18:15:00","date_gmt":"2023-05-21T18:15:00","guid":{"rendered":"http:\/\/elregionaldigital.info\/?p=1256"},"modified":"2023-05-29T06:17:50","modified_gmt":"2023-05-29T06:17:50","slug":"ya-la-escuchaste-estrenan-ultima-cancion-de-julian-figueroa","status":"publish","type":"post","link":"https:\/\/elregionaldigital.info\/?p=1256","title":{"rendered":"\u00bfYa la escuchaste? Estrenan \u00faltima canci\u00f3n de Juli\u00e1n Figueroa"},"content":{"rendered":"\n<figure class=\"wp-block-image size-full\"><img loading=\"lazy\" decoding=\"async\" width=\"770\" height=\"485\" src=\"http:\/\/elregionaldigital.info\/wp-content\/uploads\/2023\/05\/f_elconfidencial_com_original_76f_c5b_bfc_76fc5bbfc5cdc25a08cecccf67426bbf_crop1684683659691.jpg_1970638775.webp\" alt=\"\" class=\"wp-image-1257\" srcset=\"https:\/\/elregionaldigital.info\/wp-content\/uploads\/2023\/05\/f_elconfidencial_com_original_76f_c5b_bfc_76fc5bbfc5cdc25a08cecccf67426bbf_crop1684683659691.jpg_1970638775.webp 770w, https:\/\/elregionaldigital.info\/wp-content\/uploads\/2023\/05\/f_elconfidencial_com_original_76f_c5b_bfc_76fc5bbfc5cdc25a08cecccf67426bbf_crop1684683659691.jpg_1970638775-300x189.webp 300w, https:\/\/elregionaldigital.info\/wp-content\/uploads\/2023\/05\/f_elconfidencial_com_original_76f_c5b_bfc_76fc5bbfc5cdc25a08cecccf67426bbf_crop1684683659691.jpg_1970638775-768x484.webp 768w\" sizes=\"auto, (max-width: 770px) 100vw, 770px\" \/><\/figure>\n\n\n\n<p>Juli\u00e1n Figueroa falleci\u00f3 hace m\u00e1s de un mes, pero su legado musical perdura, y as\u00ed queda demostrado con su nueva canci\u00f3n\u00a0<\/p>\n\n\n\n<p><strong>A poco m\u00e1s de un mes de la partida de Juli\u00e1n Figueroa, su legado musical ha comenzado a salir a la luz, y es que hace un par de d\u00edas fue lanzada uno de los \u00faltimos temas que el cantautor compuso y que lleva por t\u00edtulo &#8220;Ni 30 tequilas&#8221;.<\/strong><\/p>\n\n\n\n<p>El encargado de dar a conocer esta canci\u00f3n fue Fernando Corona, quien tambi\u00e9n particip\u00f3 en la creaci\u00f3n de la melod\u00eda, y<strong>&nbsp;revel\u00f3 que aunque los planes iniciales eran que Figueroa grabara parte de la letra, su inesperada partida<\/strong>&nbsp;hizo imposible que esto se llevara a cabo. &#8220;(Es) una rolita que compuse al lado de mi amigo Juli\u00e1n Figueroa, que se nos adelant\u00f3\u2026 incluso iba a ser un dueto, ya no alcanzamos a grabarlo, pero mira, nos dej\u00f3 su legado&#8221;, dijo en entrevista para el programa &#8220;Hoy&#8221;.<\/p>\n","protected":false},"excerpt":{"rendered":"<p>Juli\u00e1n Figueroa falleci\u00f3 hace m\u00e1s de un mes, pero su legado musical perdura, y as\u00ed queda demostrado con su nueva canci\u00f3n\u00a0 A poco m\u00e1s de un mes de la partida de Juli\u00e1n Figueroa, su legado musical ha comenzado a salir a la luz, y es que hace un par de d\u00edas fue lanzada uno de [&hellip;]<\/p>\n","protected":false},"author":1,"featured_media":1257,"comment_status":"open","ping_status":"open","sticky":false,"template":"","format":"standard","meta":{"footnotes":""},"categories":[3],"tags":[],"class_list":["post-1256","post","type-post","status-publish","format-standard","has-post-thumbnail","hentry","category-entretenimiento"],"blog_post_layout_featured_media_urls":{"thumbnail":["https:\/\/elregionaldigital.info\/wp-content\/uploads\/2023\/05\/f_elconfidencial_com_original_76f_c5b_bfc_76fc5bbfc5cdc25a08cecccf67426bbf_crop1684683659691.jpg_1970638775-150x150.webp",150,150,true],"full":["https:\/\/elregionaldigital.info\/wp-content\/uploads\/2023\/05\/f_elconfidencial_com_original_76f_c5b_bfc_76fc5bbfc5cdc25a08cecccf67426bbf_crop1684683659691.jpg_1970638775.webp",770,485,false]},"categories_names":{"3":{"name":"Entretenimiento","link":"https:\/\/elregionaldigital.info\/?cat=3"}},"tags_names":[],"comments_number":"0","wpmagazine_modules_lite_featured_media_urls":{"thumbnail":["https:\/\/elregionaldigital.info\/wp-content\/uploads\/2023\/05\/f_elconfidencial_com_original_76f_c5b_bfc_76fc5bbfc5cdc25a08cecccf67426bbf_crop1684683659691.jpg_1970638775-150x150.webp",150,150,true],"cvmm-medium":["https:\/\/elregionaldigital.info\/wp-content\/uploads\/2023\/05\/f_elconfidencial_com_original_76f_c5b_bfc_76fc5bbfc5cdc25a08cecccf67426bbf_crop1684683659691.jpg_1970638775-300x300.webp",300,300,true],"cvmm-medium-plus":["https:\/\/elregionaldigital.info\/wp-content\/uploads\/2023\/05\/f_elconfidencial_com_original_76f_c5b_bfc_76fc5bbfc5cdc25a08cecccf67426bbf_crop1684683659691.jpg_1970638775-305x207.webp",305,207,true],"cvmm-portrait":["https:\/\/elregionaldigital.info\/wp-content\/uploads\/2023\/05\/f_elconfidencial_com_original_76f_c5b_bfc_76fc5bbfc5cdc25a08cecccf67426bbf_crop1684683659691.jpg_1970638775-400x485.webp",400,485,true],"cvmm-medium-square":["https:\/\/elregionaldigital.info\/wp-content\/uploads\/2023\/05\/f_elconfidencial_com_original_76f_c5b_bfc_76fc5bbfc5cdc25a08cecccf67426bbf_crop1684683659691.jpg_1970638775-600x485.webp",600,485,true],"cvmm-large":["https:\/\/elregionaldigital.info\/wp-content\/uploads\/2023\/05\/f_elconfidencial_com_original_76f_c5b_bfc_76fc5bbfc5cdc25a08cecccf67426bbf_crop1684683659691.jpg_1970638775.webp",770,485,false],"cvmm-small":["https:\/\/elregionaldigital.info\/wp-content\/uploads\/2023\/05\/f_elconfidencial_com_original_76f_c5b_bfc_76fc5bbfc5cdc25a08cecccf67426bbf_crop1684683659691.jpg_1970638775-130x95.webp",130,95,true],"full":["https:\/\/elregionaldigital.info\/wp-content\/uploads\/2023\/05\/f_elconfidencial_com_original_76f_c5b_bfc_76fc5bbfc5cdc25a08cecccf67426bbf_crop1684683659691.jpg_1970638775.webp",770,485,false]},"_links":{"self":[{"href":"https:\/\/elregionaldigital.info\/index.php?rest_route=\/wp\/v2\/posts\/1256","targetHints":{"allow":["GET"]}}],"collection":[{"href":"https:\/\/elregionaldigital.info\/index.php?rest_route=\/wp\/v2\/posts"}],"about":[{"href":"https:\/\/elregionaldigital.info\/index.php?rest_route=\/wp\/v2\/types\/post"}],"author":[{"embeddable":true,"href":"https:\/\/elregionaldigital.info\/index.php?rest_route=\/wp\/v2\/users\/1"}],"replies":[{"embeddable":true,"href":"https:\/\/elregionaldigital.info\/index.php?rest_route=%2Fwp%2Fv2%2Fcomments&post=1256"}],"version-history":[{"count":1,"href":"https:\/\/elregionaldigital.info\/index.php?rest_route=\/wp\/v2\/posts\/1256\/revisions"}],"predecessor-version":[{"id":1258,"href":"https:\/\/elregionaldigital.info\/index.php?rest_route=\/wp\/v2\/posts\/1256\/revisions\/1258"}],"wp:featuredmedia":[{"embeddable":true,"href":"https:\/\/elregionaldigital.info\/index.php?rest_route=\/wp\/v2\/media\/1257"}],"wp:attachment":[{"href":"https:\/\/elregionaldigital.info\/index.php?rest_route=%2Fwp%2Fv2%2Fmedia&parent=1256"}],"wp:term":[{"taxonomy":"category","embeddable":true,"href":"https:\/\/elregionaldigital.info\/index.php?rest_route=%2Fwp%2Fv2%2Fcategories&post=1256"},{"taxonomy":"post_tag","embeddable":true,"href":"https:\/\/elregionaldigital.info\/index.php?rest_route=%2Fwp%2Fv2%2Ftags&post=1256"}],"curies":[{"name":"wp","href":"https:\/\/api.w.org\/{rel}","templated":true}]}}