{"id":1241,"date":"2023-05-08T17:41:00","date_gmt":"2023-05-08T17:41:00","guid":{"rendered":"http:\/\/elregionaldigital.info\/?p=1241"},"modified":"2023-05-29T05:44:48","modified_gmt":"2023-05-29T05:44:48","slug":"adan-augusto-dice-no-hay-de-otra-y-habra-plan-c-en-las-urnas","status":"publish","type":"post","link":"https:\/\/elregionaldigital.info\/?p=1241","title":{"rendered":"Ad\u00e1n Augusto dice no hay de otra y habr\u00e1 Plan C en las urnas"},"content":{"rendered":"\n<figure class=\"wp-block-image size-full\"><img loading=\"lazy\" decoding=\"async\" width=\"770\" height=\"485\" src=\"http:\/\/elregionaldigital.info\/wp-content\/uploads\/2023\/05\/oposicion_crop1683587181441.jpg_1970638775.webp\" alt=\"\" class=\"wp-image-1242\" srcset=\"https:\/\/elregionaldigital.info\/wp-content\/uploads\/2023\/05\/oposicion_crop1683587181441.jpg_1970638775.webp 770w, https:\/\/elregionaldigital.info\/wp-content\/uploads\/2023\/05\/oposicion_crop1683587181441.jpg_1970638775-300x189.webp 300w, https:\/\/elregionaldigital.info\/wp-content\/uploads\/2023\/05\/oposicion_crop1683587181441.jpg_1970638775-768x484.webp 768w\" sizes=\"auto, (max-width: 770px) 100vw, 770px\" \/><\/figure>\n\n\n\n<p>Hoy fue declarada inv\u00e1lida la primera parte del Plan B de la reforma electoral por&nbsp;los ministros de la Suprema Corte de Justicia de la Naci\u00f3n con 9 votos a favor<\/p>\n\n\n\n<p>Por:\u00a0<a href=\"https:\/\/www.informador.mx\/staff\/sun\">SUN .<\/a>8 de mayo de 2023 &#8211;<\/p>\n\n\n\n<p>Hoy fue declarada&nbsp;<strong>inv\u00e1lida la primera parte del Plan B de la reforma electoral<\/strong>&nbsp;por&nbsp;los ministros de la Suprema Corte de Justicia de la Naci\u00f3n (SCJN) con 9 votos a favor.<\/p>\n\n\n\n<p>Por esta raz\u00f3n,\u00a0<strong>legisladores de Morena y aliados<\/strong>, adem\u00e1s de la oposici\u00f3n manifestaron sus reacciones tanto en\u00a0<strong>contra como a favor<\/strong>.<\/p>\n\n\n\n<p>El titular de Gobernaci\u00f3n,\u00a0<strong>Ad\u00e1n Augusto L\u00f3pez<\/strong>, se\u00f1al\u00f3 a la Corte de proteger los intereses de particulares.\u00a0<strong>&#8220;Nueve ministros pasaron por encima de la voluntad democr\u00e1tica<\/strong>\u00a0expresada por los representantes populares&#8221;.<\/p>\n\n\n\n<p>Adem\u00e1s, de que asegur\u00f3 que&nbsp;<strong>habr\u00e1 un &#8220;Plan C en las urnas&#8221;<\/strong>.<\/p>\n\n\n\n<p><strong>&#8220;La SCJN se volvi\u00f3 la oposici\u00f3n&#8221;,<\/strong>\u00a0respondi\u00f3 la diputada de Morena,\u00a0<strong>Patricia Armend\u00e1riz<\/strong>, a la publicaci\u00f3n que hizo la Suprema Corte en Twitter.<\/p>\n\n\n\n<p>Mientras que&nbsp;<strong>senadores de oposici\u00f3n festejaron el fallo<\/strong>&nbsp;de la Suprema Corte por violaciones graves al procedimiento legislativo.<\/p>\n\n\n\n<p>El legislador&nbsp;<strong>Germ\u00e1n Mart\u00ednez C\u00e1zares<\/strong>&nbsp;afirm\u00f3 que&nbsp;<strong>con esta resoluci\u00f3n gana el pa\u00eds<\/strong>, porque &#8220;en la Constituci\u00f3n cabemos todos, porque M\u00e9xico es un diverso, es plural&#8221;.<\/p>\n\n\n\n<p><strong>El expanista y exsenador de Morena<\/strong>\u00a0record\u00f3 que en M\u00e9xico, para su ejercicio, el poder est\u00e1 dividido en Ejecutivo, Legislativo y Judicial, y\u00a0<strong>reprob\u00f3 que la mayor\u00eda legislativa de Morena y sus aliados hayan cedido<\/strong>\u00a0a los caprichos del Ejecutivo para aprobar una reforma ilegal.<\/p>\n\n\n\n<p><strong>&#8220;Por eso ganamos quienes abrazamos a la Constituci\u00f3n<\/strong>&nbsp;y no abrazamos, y repudiamos, a los caprichos personales. Por eso triunfamos los que creemos en una Rep\u00fablica verdadera, en una Rep\u00fablica&nbsp;<strong>donde no hay nadie distinto, ni un due\u00f1o, ni un patr\u00f3n<\/strong>, ni un rey, ni un monarca sexenal. Ganamos porque creemos en los derechos de todas y de todos&#8221;, enfatiz\u00f3.<\/p>\n\n\n\n<p><strong>&#8220;\u00a1\u00a1Nueve votos !! a favor del respeto al proceso legislativo<\/strong>\u00a0porque es parte del principio democr\u00e1tico de deliberaci\u00f3n parlamentaria&#8221;, escribi\u00f3 la diputada y exprimera dama\u00a0<strong>Margarita Zavala<\/strong>.<\/p>\n\n\n\n<p>Por su parte, el exconsejero presidente del INE,&nbsp;<strong>Lorenzo C\u00f3rdova, indic\u00f3 que la invalidez de la primera parte del Plan B electoral anticipa<\/strong>&nbsp;el destino de la segunda parte.<\/p>\n\n\n\n<p><strong>&#8220;La arbitrariedad del &#8216;plan B&#8217; sale de coma s\u00f3lo para recibir el acta formal de defunci\u00f3n&#8221;<\/strong>, manifest\u00f3 en Twitter el exconsejero, Ciro Murayama.<\/p>\n\n\n\n<p>Mientras que el ministro en retiro,&nbsp;<strong>Jos\u00e9 Ram\u00f3n Coss\u00edo destac\u00f3 que en la resoluci\u00f3n se mantuvo la congruencia<\/strong>&nbsp;con los precedentes.<\/p>\n","protected":false},"excerpt":{"rendered":"<p>Hoy fue declarada inv\u00e1lida la primera parte del Plan B de la reforma electoral por&nbsp;los ministros de la Suprema Corte de Justicia de la Naci\u00f3n con 9 votos a favor Por:\u00a0SUN .8 de mayo de 2023 &#8211; Hoy fue declarada&nbsp;inv\u00e1lida la primera parte del Plan B de la reforma electoral&nbsp;por&nbsp;los ministros de la Suprema Corte [&hellip;]<\/p>\n","protected":false},"author":1,"featured_media":1242,"comment_status":"open","ping_status":"open","sticky":false,"template":"","format":"standard","meta":{"footnotes":""},"categories":[5],"tags":[],"class_list":["post-1241","post","type-post","status-publish","format-standard","has-post-thumbnail","hentry","category-nacional"],"blog_post_layout_featured_media_urls":{"thumbnail":["https:\/\/elregionaldigital.info\/wp-content\/uploads\/2023\/05\/oposicion_crop1683587181441.jpg_1970638775-150x150.webp",150,150,true],"full":["https:\/\/elregionaldigital.info\/wp-content\/uploads\/2023\/05\/oposicion_crop1683587181441.jpg_1970638775.webp",770,485,false]},"categories_names":{"5":{"name":"Nacional","link":"https:\/\/elregionaldigital.info\/?cat=5"}},"tags_names":[],"comments_number":"0","wpmagazine_modules_lite_featured_media_urls":{"thumbnail":["https:\/\/elregionaldigital.info\/wp-content\/uploads\/2023\/05\/oposicion_crop1683587181441.jpg_1970638775-150x150.webp",150,150,true],"cvmm-medium":["https:\/\/elregionaldigital.info\/wp-content\/uploads\/2023\/05\/oposicion_crop1683587181441.jpg_1970638775-300x300.webp",300,300,true],"cvmm-medium-plus":["https:\/\/elregionaldigital.info\/wp-content\/uploads\/2023\/05\/oposicion_crop1683587181441.jpg_1970638775-305x207.webp",305,207,true],"cvmm-portrait":["https:\/\/elregionaldigital.info\/wp-content\/uploads\/2023\/05\/oposicion_crop1683587181441.jpg_1970638775-400x485.webp",400,485,true],"cvmm-medium-square":["https:\/\/elregionaldigital.info\/wp-content\/uploads\/2023\/05\/oposicion_crop1683587181441.jpg_1970638775-600x485.webp",600,485,true],"cvmm-large":["https:\/\/elregionaldigital.info\/wp-content\/uploads\/2023\/05\/oposicion_crop1683587181441.jpg_1970638775.webp",770,485,false],"cvmm-small":["https:\/\/elregionaldigital.info\/wp-content\/uploads\/2023\/05\/oposicion_crop1683587181441.jpg_1970638775-130x95.webp",130,95,true],"full":["https:\/\/elregionaldigital.info\/wp-content\/uploads\/2023\/05\/oposicion_crop1683587181441.jpg_1970638775.webp",770,485,false]},"_links":{"self":[{"href":"https:\/\/elregionaldigital.info\/index.php?rest_route=\/wp\/v2\/posts\/1241","targetHints":{"allow":["GET"]}}],"collection":[{"href":"https:\/\/elregionaldigital.info\/index.php?rest_route=\/wp\/v2\/posts"}],"about":[{"href":"https:\/\/elregionaldigital.info\/index.php?rest_route=\/wp\/v2\/types\/post"}],"author":[{"embeddable":true,"href":"https:\/\/elregionaldigital.info\/index.php?rest_route=\/wp\/v2\/users\/1"}],"replies":[{"embeddable":true,"href":"https:\/\/elregionaldigital.info\/index.php?rest_route=%2Fwp%2Fv2%2Fcomments&post=1241"}],"version-history":[{"count":1,"href":"https:\/\/elregionaldigital.info\/index.php?rest_route=\/wp\/v2\/posts\/1241\/revisions"}],"predecessor-version":[{"id":1243,"href":"https:\/\/elregionaldigital.info\/index.php?rest_route=\/wp\/v2\/posts\/1241\/revisions\/1243"}],"wp:featuredmedia":[{"embeddable":true,"href":"https:\/\/elregionaldigital.info\/index.php?rest_route=\/wp\/v2\/media\/1242"}],"wp:attachment":[{"href":"https:\/\/elregionaldigital.info\/index.php?rest_route=%2Fwp%2Fv2%2Fmedia&parent=1241"}],"wp:term":[{"taxonomy":"category","embeddable":true,"href":"https:\/\/elregionaldigital.info\/index.php?rest_route=%2Fwp%2Fv2%2Fcategories&post=1241"},{"taxonomy":"post_tag","embeddable":true,"href":"https:\/\/elregionaldigital.info\/index.php?rest_route=%2Fwp%2Fv2%2Ftags&post=1241"}],"curies":[{"name":"wp","href":"https:\/\/api.w.org\/{rel}","templated":true}]}}