{"id":1235,"date":"2023-05-15T17:31:00","date_gmt":"2023-05-15T17:31:00","guid":{"rendered":"http:\/\/elregionaldigital.info\/?p=1235"},"modified":"2023-05-29T05:34:23","modified_gmt":"2023-05-29T05:34:23","slug":"sheinbaum-celebra-aumento-al-salario-de-maestros-anunciado-por-amlo","status":"publish","type":"post","link":"https:\/\/elregionaldigital.info\/?p=1235","title":{"rendered":"Sheinbaum celebra aumento al salario de maestros anunciado por AMLO"},"content":{"rendered":"\n<figure class=\"wp-block-image size-full\"><img loading=\"lazy\" decoding=\"async\" width=\"770\" height=\"485\" src=\"http:\/\/elregionaldigital.info\/wp-content\/uploads\/2023\/05\/sheinbaum_crop1684192860806.jpeg_1970638775.webp\" alt=\"\" class=\"wp-image-1236\" srcset=\"https:\/\/elregionaldigital.info\/wp-content\/uploads\/2023\/05\/sheinbaum_crop1684192860806.jpeg_1970638775.webp 770w, https:\/\/elregionaldigital.info\/wp-content\/uploads\/2023\/05\/sheinbaum_crop1684192860806.jpeg_1970638775-300x189.webp 300w, https:\/\/elregionaldigital.info\/wp-content\/uploads\/2023\/05\/sheinbaum_crop1684192860806.jpeg_1970638775-768x484.webp 768w\" sizes=\"auto, (max-width: 770px) 100vw, 770px\" \/><\/figure>\n\n\n\n<p><strong>Claudia Sheinbaum celebr\u00f3 el incremento del 8.2 por ciento en el salario de los maestros y maestras\u00a0<\/strong>de M\u00e9xico, anunciado por el presidente Andr\u00e9s Manuel L\u00f3pez Obrador (AMLO), pues recalc\u00f3 que adem\u00e1s de ayudar acad\u00e9micamente, tambi\u00e9n brindan su apoyo en el crecimiento personal de cada individuo, haciendo de su trabajo algo memorable a trav\u00e9s del tiempo.<\/p>\n\n\n\n<p>Lo anterior, durante su conferencia de este lunes en la capital, donde se anunci\u00f3 un convenio de colaboraci\u00f3n entre la Secretar\u00eda de Movilidad de la Ciudad de M\u00e9xico y la Asociaci\u00f3n Mexicana de Instituciones de Seguros (AMIS) cuyo objetivo es brindar una mejor atenci\u00f3n a quienes sufren percances de tr\u00e1nsito sin v\u00edctimas.Asimismo,<\/p>\n\n\n\n<p>Sheinbaum&nbsp;<strong>hizo hincapi\u00e9 en seguir dando pasos hacia adelante a favor del futuro de los maestros y maestras al garantizar todos sus derechos<\/strong>. \u2018\u2019Nosotros tenemos nuestra formaci\u00f3n familiar, pero siempre recordamos quienes nos ense\u00f1\u00f3 a leer a escribir, quien nos ense\u00f1\u00f3 lo que sabemos\u2026 No solamente por lo que ense\u00f1an en t\u00e9rminos de las materias, sino por lo que representan para una persona, todo nuestro reconocimiento\u2019\u2019,&nbsp;coment\u00f3.<\/p>\n","protected":false},"excerpt":{"rendered":"<p>Claudia Sheinbaum celebr\u00f3 el incremento del 8.2 por ciento en el salario de los maestros y maestras\u00a0de M\u00e9xico, anunciado por el presidente Andr\u00e9s Manuel L\u00f3pez Obrador (AMLO), pues recalc\u00f3 que adem\u00e1s de ayudar acad\u00e9micamente, tambi\u00e9n brindan su apoyo en el crecimiento personal de cada individuo, haciendo de su trabajo algo memorable a trav\u00e9s del tiempo. [&hellip;]<\/p>\n","protected":false},"author":1,"featured_media":1236,"comment_status":"open","ping_status":"open","sticky":false,"template":"","format":"standard","meta":{"footnotes":""},"categories":[5],"tags":[],"class_list":["post-1235","post","type-post","status-publish","format-standard","has-post-thumbnail","hentry","category-nacional"],"blog_post_layout_featured_media_urls":{"thumbnail":["https:\/\/elregionaldigital.info\/wp-content\/uploads\/2023\/05\/sheinbaum_crop1684192860806.jpeg_1970638775-150x150.webp",150,150,true],"full":["https:\/\/elregionaldigital.info\/wp-content\/uploads\/2023\/05\/sheinbaum_crop1684192860806.jpeg_1970638775.webp",770,485,false]},"categories_names":{"5":{"name":"Nacional","link":"https:\/\/elregionaldigital.info\/?cat=5"}},"tags_names":[],"comments_number":"0","wpmagazine_modules_lite_featured_media_urls":{"thumbnail":["https:\/\/elregionaldigital.info\/wp-content\/uploads\/2023\/05\/sheinbaum_crop1684192860806.jpeg_1970638775-150x150.webp",150,150,true],"cvmm-medium":["https:\/\/elregionaldigital.info\/wp-content\/uploads\/2023\/05\/sheinbaum_crop1684192860806.jpeg_1970638775-300x300.webp",300,300,true],"cvmm-medium-plus":["https:\/\/elregionaldigital.info\/wp-content\/uploads\/2023\/05\/sheinbaum_crop1684192860806.jpeg_1970638775-305x207.webp",305,207,true],"cvmm-portrait":["https:\/\/elregionaldigital.info\/wp-content\/uploads\/2023\/05\/sheinbaum_crop1684192860806.jpeg_1970638775-400x485.webp",400,485,true],"cvmm-medium-square":["https:\/\/elregionaldigital.info\/wp-content\/uploads\/2023\/05\/sheinbaum_crop1684192860806.jpeg_1970638775-600x485.webp",600,485,true],"cvmm-large":["https:\/\/elregionaldigital.info\/wp-content\/uploads\/2023\/05\/sheinbaum_crop1684192860806.jpeg_1970638775.webp",770,485,false],"cvmm-small":["https:\/\/elregionaldigital.info\/wp-content\/uploads\/2023\/05\/sheinbaum_crop1684192860806.jpeg_1970638775-130x95.webp",130,95,true],"full":["https:\/\/elregionaldigital.info\/wp-content\/uploads\/2023\/05\/sheinbaum_crop1684192860806.jpeg_1970638775.webp",770,485,false]},"_links":{"self":[{"href":"https:\/\/elregionaldigital.info\/index.php?rest_route=\/wp\/v2\/posts\/1235","targetHints":{"allow":["GET"]}}],"collection":[{"href":"https:\/\/elregionaldigital.info\/index.php?rest_route=\/wp\/v2\/posts"}],"about":[{"href":"https:\/\/elregionaldigital.info\/index.php?rest_route=\/wp\/v2\/types\/post"}],"author":[{"embeddable":true,"href":"https:\/\/elregionaldigital.info\/index.php?rest_route=\/wp\/v2\/users\/1"}],"replies":[{"embeddable":true,"href":"https:\/\/elregionaldigital.info\/index.php?rest_route=%2Fwp%2Fv2%2Fcomments&post=1235"}],"version-history":[{"count":1,"href":"https:\/\/elregionaldigital.info\/index.php?rest_route=\/wp\/v2\/posts\/1235\/revisions"}],"predecessor-version":[{"id":1237,"href":"https:\/\/elregionaldigital.info\/index.php?rest_route=\/wp\/v2\/posts\/1235\/revisions\/1237"}],"wp:featuredmedia":[{"embeddable":true,"href":"https:\/\/elregionaldigital.info\/index.php?rest_route=\/wp\/v2\/media\/1236"}],"wp:attachment":[{"href":"https:\/\/elregionaldigital.info\/index.php?rest_route=%2Fwp%2Fv2%2Fmedia&parent=1235"}],"wp:term":[{"taxonomy":"category","embeddable":true,"href":"https:\/\/elregionaldigital.info\/index.php?rest_route=%2Fwp%2Fv2%2Fcategories&post=1235"},{"taxonomy":"post_tag","embeddable":true,"href":"https:\/\/elregionaldigital.info\/index.php?rest_route=%2Fwp%2Fv2%2Ftags&post=1235"}],"curies":[{"name":"wp","href":"https:\/\/api.w.org\/{rel}","templated":true}]}}