{"id":1226,"date":"2023-05-20T17:23:00","date_gmt":"2023-05-20T17:23:00","guid":{"rendered":"http:\/\/elregionaldigital.info\/?p=1226"},"modified":"2023-05-29T05:30:52","modified_gmt":"2023-05-29T05:30:52","slug":"si-el-volcan-popocatepetl-explotara-estas-serian-las-areas-de-riesgo","status":"publish","type":"post","link":"https:\/\/elregionaldigital.info\/?p=1226","title":{"rendered":"Si el volc\u00e1n Popocat\u00e9petl explotara, estas ser\u00edan las \u00e1reas de riesgo"},"content":{"rendered":"\n<figure class=\"wp-block-image size-full\"><img loading=\"lazy\" decoding=\"async\" width=\"770\" height=\"485\" src=\"http:\/\/elregionaldigital.info\/wp-content\/uploads\/2023\/05\/33fg6xj-preview_afp_crop1684612906794.jpg_1970638775.webp\" alt=\"\" class=\"wp-image-1233\" srcset=\"https:\/\/elregionaldigital.info\/wp-content\/uploads\/2023\/05\/33fg6xj-preview_afp_crop1684612906794.jpg_1970638775.webp 770w, https:\/\/elregionaldigital.info\/wp-content\/uploads\/2023\/05\/33fg6xj-preview_afp_crop1684612906794.jpg_1970638775-300x189.webp 300w, https:\/\/elregionaldigital.info\/wp-content\/uploads\/2023\/05\/33fg6xj-preview_afp_crop1684612906794.jpg_1970638775-768x484.webp 768w\" sizes=\"auto, (max-width: 770px) 100vw, 770px\" \/><\/figure>\n\n\n\n<p>Al momento, la alerta volc\u00e1nica por el Popocat\u00e9petl se encuentra en fase 2 y el sem\u00e1foro, en amarillo<\/p>\n\n\n\n<p>Por:\u00a0<a href=\"https:\/\/www.informador.mx\/staff\/sun\">SUN .<\/a>20 de mayo de 2023<\/p>\n\n\n\n<p>Esta ma\u00f1ana el Aeropuerto Internacional de la Ciudad de M\u00e9xico&nbsp;<a href=\"https:\/\/www.informador.mx\/aicm-t1990\" target=\"_blank\" rel=\"noreferrer noopener\"><strong>(AICM)<\/strong><\/a>&nbsp;cerr\u00f3, desde las 04:25 horas de este s\u00e1bado 20 de mayo 2023, sus operaciones debido a &#8220;presencia de ceniza volc\u00e1nica&#8221;, proveniente del volc\u00e1n&nbsp;<a href=\"https:\/\/www.informador.mx\/popocatepetl-t5885\" target=\"_blank\" rel=\"noreferrer noopener\"><strong>Popocat\u00e9petl<\/strong><\/a>, que la v\u00edspera registr\u00f3 actividad.<\/p>\n\n\n\n<p><strong>La alerta volc\u00e1nica por el Popocat\u00e9petl se encuentra en fase 2 y el sem\u00e1foro, en amarillo.<\/strong>&nbsp;Ese color indica que la poblaci\u00f3n debe permanecer atenta y prepararse ante una posible evacuaci\u00f3n, seg\u00fan el Centro Nacional de Prevenci\u00f3n de Desastres (CENAPRED).<\/p>\n\n\n\n<p>El Cenapred y la Universidad Nacional Aut\u00f3noma de M\u00e9xico (UNAM) realizan un monitoreo diario sobre la actividad del volc\u00e1n. Ambos organismos recomiendan a la poblaci\u00f3n realizar las siguientes acciones ante la ca\u00edda de ceniza:<\/p>\n\n\n\n<h2 class=\"wp-block-heading\">Recomendaciones por ca\u00edda de ceniza del volc\u00e1n Popocat\u00e9petl<\/h2>\n\n\n\n<ul class=\"wp-block-list\">\n<li>Cubrir nariz y boca con pa\u00f1uelo o cubrebocas.<\/li>\n\n\n\n<li>Limpiar ojos y garganta con agua pura.<\/li>\n\n\n\n<li>Utilizar lentes de armaz\u00f3n y evitar los de contacto para reducir la irritaci\u00f3n ocular.<\/li>\n\n\n\n<li>Cerrar ventanas o cubrirlas y permanecer lo m\u00e1s posible dentro de la casa.<\/li>\n<\/ul>\n\n\n\n<p><strong>El volc\u00e1n Popocat\u00e9petl se encuentra situado en los l\u00edmites territoriales de Morelos, Puebla, Estado de M\u00e9xico y cercano a Tlaxcala y la Ciudad de M\u00e9xico, que conforman el llamado Valle de M\u00e9xico, la zona poblacional m\u00e1s habitada del pa\u00eds.&nbsp;<\/strong>Tan s\u00f3lo en la CDMX viven 9 millones 209 mil 944 de mexicanos, mientras que en el Estado de M\u00e9xico, 16 millones 992 mil 418, seg\u00fan el Instituto Nacional de Estad\u00edstica y Geograf\u00eda (Inegi).<\/p>\n\n\n\n<h2 class=\"wp-block-heading\">Las \u00e1reas de riesgo por el volc\u00e1n Popocat\u00e9petl<\/h2>\n\n\n\n<p>La Secretar\u00eda de la Defensa Nacional (Sedena) public\u00f3 en el 2019 un plan Operaciones volc\u00e1n Popocat\u00e9petl para cuando &#8220;se incremente y se determine la evacuaci\u00f3n de las poblaciones de las \u00e1reas de riesgo, a fin de preservar a las personas, sus bienes y el entorno&#8221;.<\/p>\n\n\n\n<p>Como parte de este plan del Ej\u00e9rcito, el Comit\u00e9 Cient\u00edfico Asesor de dicho volc\u00e1n considera&nbsp;<strong>tres \u00e1reas de peligro<\/strong>, partiendo como eje central el cr\u00e1ter del volc\u00e1n:<\/p>\n\n\n\n<h3 class=\"wp-block-heading\">Zona de alto riesgo por volc\u00e1n Popocat\u00e9petl<\/h3>\n\n\n\n<p><strong>En un radio de 15 kil\u00f3metros &#8220;zona de alto riesgo&#8221;.<\/strong>&nbsp;Comprende&nbsp;<strong>16 municipios en el estado de Puebla, 6 en el estado de Morelos y 8 en el estado de M\u00e9xico.<\/strong><\/p>\n\n\n\n<h3 class=\"wp-block-heading\">Zona de riesgo medio por volc\u00e1n Popocat\u00e9petl<\/h3>\n\n\n\n<p><strong>En un radio de 30-60 kil\u00f3metros &#8220;zona de riesgo medio&#8221;.<\/strong>&nbsp;Comprende 22 municipios en el estado de Puebla, 9 en el estado de Morelos, 6 en el estado de M\u00e9xico y 18 en el estado de Tlaxcala.<\/p>\n\n\n\n<h3 class=\"wp-block-heading\">Zona de bajo riesgo por volc\u00e1n Popocat\u00e9petl<\/h3>\n\n\n\n<p><strong>En un radio mayor de 60-90 kil\u00f3metros &#8220;zona de bajo riesgo&#8221;.<\/strong>\u00a0Comprende el resto de las poblaciones cercanas al volc\u00e1n en los estados mencionados, en los que se incluyen el Estado de M\u00e9xico y la Ciudad de M\u00e9xico.<\/p>\n\n\n\n<p>&#8220;Consider\u00e1ndose evacuar, en caso de erupci\u00f3n del volc\u00e1n, 30 Municipios en la zona de alto riesgo y 56 en la de riesgo medio, calcul\u00e1ndose que la poblaci\u00f3n que se encuentra expuesta es de 3 millones 562 mil 596 personas; de las cuales 685 mil 776 se localizan en la zona de alto riesgo&#8221;, se\u00f1ala el plan del Ej\u00e9rcito ante una posible emergencia por el volc\u00e1n Popocat\u00e9petl.<\/p>\n\n\n\n<h2 class=\"wp-block-heading\">Mapa de peligros ante una eventual erupci\u00f3n del volc\u00e1n Popocat\u00e9petl<\/h2>\n\n\n\n<p>Ante una posible erupci\u00f3n del volc\u00e1n Popocat\u00e9petl, la Cenapred y la UNAM elaboraron mapas\u00a0de peligros.\u00a0<\/p>\n\n\n\n<figure class=\"wp-block-image size-large\"><img loading=\"lazy\" decoding=\"async\" width=\"636\" height=\"1024\" src=\"http:\/\/elregionaldigital.info\/wp-content\/uploads\/2023\/05\/mapa1_x1x_crop1684612543348.jpg_1487028270-636x1024.webp\" alt=\"\" class=\"wp-image-1227\" srcset=\"https:\/\/elregionaldigital.info\/wp-content\/uploads\/2023\/05\/mapa1_x1x_crop1684612543348.jpg_1487028270-636x1024.webp 636w, https:\/\/elregionaldigital.info\/wp-content\/uploads\/2023\/05\/mapa1_x1x_crop1684612543348.jpg_1487028270-186x300.webp 186w, https:\/\/elregionaldigital.info\/wp-content\/uploads\/2023\/05\/mapa1_x1x_crop1684612543348.jpg_1487028270-768x1236.webp 768w, https:\/\/elregionaldigital.info\/wp-content\/uploads\/2023\/05\/mapa1_x1x_crop1684612543348.jpg_1487028270.webp 800w\" sizes=\"auto, (max-width: 636px) 100vw, 636px\" \/><\/figure>\n\n\n\n<figure class=\"wp-block-image size-full\"><img loading=\"lazy\" decoding=\"async\" width=\"800\" height=\"900\" src=\"http:\/\/elregionaldigital.info\/wp-content\/uploads\/2023\/05\/mapa4_crop1684612735550.jpg_675589074.webp\" alt=\"\" class=\"wp-image-1228\" srcset=\"https:\/\/elregionaldigital.info\/wp-content\/uploads\/2023\/05\/mapa4_crop1684612735550.jpg_675589074.webp 800w, https:\/\/elregionaldigital.info\/wp-content\/uploads\/2023\/05\/mapa4_crop1684612735550.jpg_675589074-267x300.webp 267w, https:\/\/elregionaldigital.info\/wp-content\/uploads\/2023\/05\/mapa4_crop1684612735550.jpg_675589074-768x864.webp 768w\" sizes=\"auto, (max-width: 800px) 100vw, 800px\" \/><\/figure>\n\n\n\n<figure class=\"wp-block-image size-large\"><img loading=\"lazy\" decoding=\"async\" width=\"574\" height=\"1024\" src=\"http:\/\/elregionaldigital.info\/wp-content\/uploads\/2023\/05\/mapa2_crop1684612595507.jpg_76829563-574x1024.webp\" alt=\"\" class=\"wp-image-1229\" srcset=\"https:\/\/elregionaldigital.info\/wp-content\/uploads\/2023\/05\/mapa2_crop1684612595507.jpg_76829563-574x1024.webp 574w, https:\/\/elregionaldigital.info\/wp-content\/uploads\/2023\/05\/mapa2_crop1684612595507.jpg_76829563-168x300.webp 168w, https:\/\/elregionaldigital.info\/wp-content\/uploads\/2023\/05\/mapa2_crop1684612595507.jpg_76829563.webp 681w\" sizes=\"auto, (max-width: 574px) 100vw, 574px\" \/><\/figure>\n\n\n\n<figure class=\"wp-block-image size-full\"><img loading=\"lazy\" decoding=\"async\" width=\"800\" height=\"944\" src=\"http:\/\/elregionaldigital.info\/wp-content\/uploads\/2023\/05\/mapa3_crop1684612613512.jpg_557378386.webp\" alt=\"\" class=\"wp-image-1230\" srcset=\"https:\/\/elregionaldigital.info\/wp-content\/uploads\/2023\/05\/mapa3_crop1684612613512.jpg_557378386.webp 800w, https:\/\/elregionaldigital.info\/wp-content\/uploads\/2023\/05\/mapa3_crop1684612613512.jpg_557378386-254x300.webp 254w, https:\/\/elregionaldigital.info\/wp-content\/uploads\/2023\/05\/mapa3_crop1684612613512.jpg_557378386-768x906.webp 768w\" sizes=\"auto, (max-width: 800px) 100vw, 800px\" \/><\/figure>\n\n\n\n<figure class=\"wp-block-image size-full\"><img loading=\"lazy\" decoding=\"async\" width=\"800\" height=\"658\" src=\"http:\/\/elregionaldigital.info\/wp-content\/uploads\/2023\/05\/mapa7_crop1684612764632.jpg_1107401102.webp\" alt=\"\" class=\"wp-image-1231\" srcset=\"https:\/\/elregionaldigital.info\/wp-content\/uploads\/2023\/05\/mapa7_crop1684612764632.jpg_1107401102.webp 800w, https:\/\/elregionaldigital.info\/wp-content\/uploads\/2023\/05\/mapa7_crop1684612764632.jpg_1107401102-300x247.webp 300w, https:\/\/elregionaldigital.info\/wp-content\/uploads\/2023\/05\/mapa7_crop1684612764632.jpg_1107401102-768x632.webp 768w\" sizes=\"auto, (max-width: 800px) 100vw, 800px\" \/><\/figure>\n\n\n\n<figure class=\"wp-block-image size-large\"><img loading=\"lazy\" decoding=\"async\" width=\"652\" height=\"1024\" src=\"http:\/\/elregionaldigital.info\/wp-content\/uploads\/2023\/05\/mapa8_crop1684612700302.jpg_1529317227-1-652x1024.webp\" alt=\"\" class=\"wp-image-1232\" srcset=\"https:\/\/elregionaldigital.info\/wp-content\/uploads\/2023\/05\/mapa8_crop1684612700302.jpg_1529317227-1-652x1024.webp 652w, https:\/\/elregionaldigital.info\/wp-content\/uploads\/2023\/05\/mapa8_crop1684612700302.jpg_1529317227-1-191x300.webp 191w, https:\/\/elregionaldigital.info\/wp-content\/uploads\/2023\/05\/mapa8_crop1684612700302.jpg_1529317227-1.webp 693w\" sizes=\"auto, (max-width: 652px) 100vw, 652px\" \/><\/figure>\n","protected":false},"excerpt":{"rendered":"<p>Al momento, la alerta volc\u00e1nica por el Popocat\u00e9petl se encuentra en fase 2 y el sem\u00e1foro, en amarillo Por:\u00a0SUN .20 de mayo de 2023 Esta ma\u00f1ana el Aeropuerto Internacional de la Ciudad de M\u00e9xico&nbsp;(AICM)&nbsp;cerr\u00f3, desde las 04:25 horas de este s\u00e1bado 20 de mayo 2023, sus operaciones debido a &#8220;presencia de ceniza volc\u00e1nica&#8221;, proveniente del [&hellip;]<\/p>\n","protected":false},"author":1,"featured_media":1233,"comment_status":"open","ping_status":"open","sticky":false,"template":"","format":"standard","meta":{"footnotes":""},"categories":[5],"tags":[],"class_list":["post-1226","post","type-post","status-publish","format-standard","has-post-thumbnail","hentry","category-nacional"],"blog_post_layout_featured_media_urls":{"thumbnail":["https:\/\/elregionaldigital.info\/wp-content\/uploads\/2023\/05\/33fg6xj-preview_afp_crop1684612906794.jpg_1970638775-150x150.webp",150,150,true],"full":["https:\/\/elregionaldigital.info\/wp-content\/uploads\/2023\/05\/33fg6xj-preview_afp_crop1684612906794.jpg_1970638775.webp",770,485,false]},"categories_names":{"5":{"name":"Nacional","link":"https:\/\/elregionaldigital.info\/?cat=5"}},"tags_names":[],"comments_number":"0","wpmagazine_modules_lite_featured_media_urls":{"thumbnail":["https:\/\/elregionaldigital.info\/wp-content\/uploads\/2023\/05\/33fg6xj-preview_afp_crop1684612906794.jpg_1970638775-150x150.webp",150,150,true],"cvmm-medium":["https:\/\/elregionaldigital.info\/wp-content\/uploads\/2023\/05\/33fg6xj-preview_afp_crop1684612906794.jpg_1970638775-300x300.webp",300,300,true],"cvmm-medium-plus":["https:\/\/elregionaldigital.info\/wp-content\/uploads\/2023\/05\/33fg6xj-preview_afp_crop1684612906794.jpg_1970638775-305x207.webp",305,207,true],"cvmm-portrait":["https:\/\/elregionaldigital.info\/wp-content\/uploads\/2023\/05\/33fg6xj-preview_afp_crop1684612906794.jpg_1970638775-400x485.webp",400,485,true],"cvmm-medium-square":["https:\/\/elregionaldigital.info\/wp-content\/uploads\/2023\/05\/33fg6xj-preview_afp_crop1684612906794.jpg_1970638775-600x485.webp",600,485,true],"cvmm-large":["https:\/\/elregionaldigital.info\/wp-content\/uploads\/2023\/05\/33fg6xj-preview_afp_crop1684612906794.jpg_1970638775.webp",770,485,false],"cvmm-small":["https:\/\/elregionaldigital.info\/wp-content\/uploads\/2023\/05\/33fg6xj-preview_afp_crop1684612906794.jpg_1970638775-130x95.webp",130,95,true],"full":["https:\/\/elregionaldigital.info\/wp-content\/uploads\/2023\/05\/33fg6xj-preview_afp_crop1684612906794.jpg_1970638775.webp",770,485,false]},"_links":{"self":[{"href":"https:\/\/elregionaldigital.info\/index.php?rest_route=\/wp\/v2\/posts\/1226","targetHints":{"allow":["GET"]}}],"collection":[{"href":"https:\/\/elregionaldigital.info\/index.php?rest_route=\/wp\/v2\/posts"}],"about":[{"href":"https:\/\/elregionaldigital.info\/index.php?rest_route=\/wp\/v2\/types\/post"}],"author":[{"embeddable":true,"href":"https:\/\/elregionaldigital.info\/index.php?rest_route=\/wp\/v2\/users\/1"}],"replies":[{"embeddable":true,"href":"https:\/\/elregionaldigital.info\/index.php?rest_route=%2Fwp%2Fv2%2Fcomments&post=1226"}],"version-history":[{"count":1,"href":"https:\/\/elregionaldigital.info\/index.php?rest_route=\/wp\/v2\/posts\/1226\/revisions"}],"predecessor-version":[{"id":1234,"href":"https:\/\/elregionaldigital.info\/index.php?rest_route=\/wp\/v2\/posts\/1226\/revisions\/1234"}],"wp:featuredmedia":[{"embeddable":true,"href":"https:\/\/elregionaldigital.info\/index.php?rest_route=\/wp\/v2\/media\/1233"}],"wp:attachment":[{"href":"https:\/\/elregionaldigital.info\/index.php?rest_route=%2Fwp%2Fv2%2Fmedia&parent=1226"}],"wp:term":[{"taxonomy":"category","embeddable":true,"href":"https:\/\/elregionaldigital.info\/index.php?rest_route=%2Fwp%2Fv2%2Fcategories&post=1226"},{"taxonomy":"post_tag","embeddable":true,"href":"https:\/\/elregionaldigital.info\/index.php?rest_route=%2Fwp%2Fv2%2Ftags&post=1226"}],"curies":[{"name":"wp","href":"https:\/\/api.w.org\/{rel}","templated":true}]}}