{"id":1220,"date":"2023-05-23T16:52:00","date_gmt":"2023-05-23T16:52:00","guid":{"rendered":"http:\/\/elregionaldigital.info\/?p=1220"},"modified":"2023-05-29T04:55:46","modified_gmt":"2023-05-29T04:55:46","slug":"giran-orden-de-aprehension-contra-esposa-y-hermanos-de-garcia-luna","status":"publish","type":"post","link":"https:\/\/elregionaldigital.info\/?p=1220","title":{"rendered":"Giran orden de aprehensi\u00f3n contra esposa y hermanos de Garc\u00eda Luna"},"content":{"rendered":"\n<figure class=\"wp-block-image size-full\"><img loading=\"lazy\" decoding=\"async\" width=\"770\" height=\"485\" src=\"http:\/\/elregionaldigital.info\/wp-content\/uploads\/2023\/05\/esposa_x1x_crop1684900374023.jpg_1970638775.webp\" alt=\"\" class=\"wp-image-1221\" srcset=\"https:\/\/elregionaldigital.info\/wp-content\/uploads\/2023\/05\/esposa_x1x_crop1684900374023.jpg_1970638775.webp 770w, https:\/\/elregionaldigital.info\/wp-content\/uploads\/2023\/05\/esposa_x1x_crop1684900374023.jpg_1970638775-300x189.webp 300w, https:\/\/elregionaldigital.info\/wp-content\/uploads\/2023\/05\/esposa_x1x_crop1684900374023.jpg_1970638775-768x484.webp 768w\" sizes=\"auto, (max-width: 770px) 100vw, 770px\" \/><\/figure>\n\n\n\n<p>Los familiares habr\u00edan estado relacionados con un presunto desv\u00edo de 5 mil 112 millones de pesos<\/p>\n\n\n\n<p>Por su presunta participaci\u00f3n en el&nbsp;<strong>desv\u00edo de m\u00e1s de 5 mil millones de pesos mediante contratos de prisiones&nbsp;<\/strong><strong>federales,&nbsp;<\/strong>un juez federal&nbsp;orden\u00f3 la&nbsp;<strong>aprehensi\u00f3n de Linda Cristina Pereyra&nbsp;G\u00e1lvez<\/strong>, esposa del extitular de la Secretar\u00eda de Seguridad P\u00fablica,&nbsp;Genaro Garc\u00eda Luna, as\u00ed como&nbsp;<strong>cuatro hermanos del funcionario<\/strong>.<\/p>\n\n\n\n<p>Seg\u00fan datos hasta este momento,&nbsp;<strong>los otros involucrados ser\u00edan Esperanza, Luz Mar\u00eda, Gloria y Humberto Garc\u00eda Luna<\/strong>, adem\u00e1s de Oswaldo Luna Alderrabano, quien fue el Oficial Mayor de la Polic\u00eda Federal Preventiva (PFP).<\/p>\n\n\n\n<p>La noticia se dio un d\u00eda despu\u00e9s de que la\u00a0<strong>Fiscal\u00eda<\/strong>\u00a0General de la Rep\u00fablica (FGR) dio a conocer que obtuvo\u00a0<strong>61\u00a0\u00f3rdenes de aprehensi\u00f3n<\/strong>\u00a0contra personas que probablemente estuvieron involucradas en contratos con el exfuncionario.<\/p>\n\n\n\n<p>Previo a que se confirmara la informaci\u00f3n por medios como&nbsp;Milenio,&nbsp;<strong>horas antes el periodista Ciro G\u00f3mez Leyva&nbsp;filtr\u00f3 la lista de los posibles integrantes<\/strong>&nbsp;en donde se pudo leer los nombres de Garc\u00eda Luna, su esposa, sus cuatro hermanos,&nbsp;<strong>incluso algunos colaboradores cercanos<\/strong>.<\/p>\n\n\n\n<p>No obstante,\u00a0<strong>fue mediante un comunicado de prensa<\/strong>\u00a0que la Fiscal\u00eda notific\u00f3 que entre la lista se encuentran servidores p\u00fablicos y particulares,\u00a0<strong>supuestamente vinculados con el delito de\u00a0peculado<\/strong>, operaciones con\u00a0recursos de procedencia il\u00edcita\u00a0y\u00a0delincuencia organizada, pero no dio m\u00e1s detalles al respecto<\/p>\n\n\n\n<p><strong>\u201cA fin de canalizar esos recursos il\u00edcitos a empresas controladas por Genaro \u2018G\u2019<\/strong>, sus socios y c\u00f3mplices, tanto del sector p\u00fablico como del privado,&nbsp;a trav\u00e9s de&nbsp;<strong>10 contratos il\u00edcitos, por la suma de 5 mil 112 millones de pesos,<\/strong>&nbsp;que fueron sustra\u00eddos a trav\u00e9s de diversas triangulaciones criminales a nivel internacional\u201d, se pudo leer.<\/p>\n\n\n\n<p>Se hab\u00eda dado a conocer que las autoridades mexicanas\u00a0ya\u00a0<strong>hab\u00edan solicitado la ficha roja de la Interpol\u00a0para dar con el paradero de aquellos que se encuentren fuera del pa\u00eds<\/strong>\u00a0y se solicite la asistencia jur\u00eddica internacional para obtener la devoluci\u00f3n de los bienes.<\/p>\n\n\n\n<p><strong>Se notific\u00f3 que el procedimiento penal que inici\u00f3 la FGR es independiente<\/strong>&nbsp;a la denuncia que present\u00f3 la Unidad de Inteligencia Financiera (UIF), perteneciente a la Secretar\u00eda de Hacienda y Cr\u00e9dito P\u00fablico (SHCP), respecto a&nbsp;<strong>otro presunto despojo millonario<\/strong>&nbsp;en contra de la Polic\u00eda Federal.<\/p>\n\n\n\n<p>\u201cRespecto a este nuevo procedimiento,\u00a0<strong>ya se est\u00e1n recabando todas las pruebas necesarias\u00a0<\/strong>para proceder a la vinculaci\u00f3n penal correspondiente y a la recuperaci\u00f3n de los bienes sustra\u00eddos\u201d, finaliz\u00f3 el comunicado oficial que emiti\u00f3 la FGR al respecto.<\/p>\n\n\n\n<p>La UIF apunt\u00f3 que la&nbsp;<strong>actual directora de Administraci\u00f3n del Consejo de la Judicatura<\/strong>&nbsp;Federal, Sonia Vargas Terreno,&nbsp;<strong>habr\u00eda firmado contratos&nbsp;<\/strong>relacionados a la adquisici\u00f3n, mantenimiento, prestaci\u00f3n de servicios e infraestructura de la Polic\u00eda Federal Preventiva con&nbsp;<strong>empresas supuestamente ligadas a Garc\u00eda Luna<\/strong>.<\/p>\n\n\n\n<p><strong>\u201cSonia Vargas es responsable de la firma de contratos por 71 millones 600 mil d\u00f3lares<\/strong>&nbsp;de Estados Unidos. Todos los contratos fueron hechos en d\u00f3lares\u201d.<\/p>\n","protected":false},"excerpt":{"rendered":"<p>Los familiares habr\u00edan estado relacionados con un presunto desv\u00edo de 5 mil 112 millones de pesos Por su presunta participaci\u00f3n en el&nbsp;desv\u00edo de m\u00e1s de 5 mil millones de pesos mediante contratos de prisiones&nbsp;federales,&nbsp;un juez federal&nbsp;orden\u00f3 la&nbsp;aprehensi\u00f3n de Linda Cristina Pereyra&nbsp;G\u00e1lvez, esposa del extitular de la Secretar\u00eda de Seguridad P\u00fablica,&nbsp;Genaro Garc\u00eda Luna, as\u00ed como&nbsp;cuatro hermanos [&hellip;]<\/p>\n","protected":false},"author":1,"featured_media":1221,"comment_status":"open","ping_status":"open","sticky":false,"template":"","format":"standard","meta":{"footnotes":""},"categories":[5],"tags":[],"class_list":["post-1220","post","type-post","status-publish","format-standard","has-post-thumbnail","hentry","category-nacional"],"blog_post_layout_featured_media_urls":{"thumbnail":["https:\/\/elregionaldigital.info\/wp-content\/uploads\/2023\/05\/esposa_x1x_crop1684900374023.jpg_1970638775-150x150.webp",150,150,true],"full":["https:\/\/elregionaldigital.info\/wp-content\/uploads\/2023\/05\/esposa_x1x_crop1684900374023.jpg_1970638775.webp",770,485,false]},"categories_names":{"5":{"name":"Nacional","link":"https:\/\/elregionaldigital.info\/?cat=5"}},"tags_names":[],"comments_number":"0","wpmagazine_modules_lite_featured_media_urls":{"thumbnail":["https:\/\/elregionaldigital.info\/wp-content\/uploads\/2023\/05\/esposa_x1x_crop1684900374023.jpg_1970638775-150x150.webp",150,150,true],"cvmm-medium":["https:\/\/elregionaldigital.info\/wp-content\/uploads\/2023\/05\/esposa_x1x_crop1684900374023.jpg_1970638775-300x300.webp",300,300,true],"cvmm-medium-plus":["https:\/\/elregionaldigital.info\/wp-content\/uploads\/2023\/05\/esposa_x1x_crop1684900374023.jpg_1970638775-305x207.webp",305,207,true],"cvmm-portrait":["https:\/\/elregionaldigital.info\/wp-content\/uploads\/2023\/05\/esposa_x1x_crop1684900374023.jpg_1970638775-400x485.webp",400,485,true],"cvmm-medium-square":["https:\/\/elregionaldigital.info\/wp-content\/uploads\/2023\/05\/esposa_x1x_crop1684900374023.jpg_1970638775-600x485.webp",600,485,true],"cvmm-large":["https:\/\/elregionaldigital.info\/wp-content\/uploads\/2023\/05\/esposa_x1x_crop1684900374023.jpg_1970638775.webp",770,485,false],"cvmm-small":["https:\/\/elregionaldigital.info\/wp-content\/uploads\/2023\/05\/esposa_x1x_crop1684900374023.jpg_1970638775-130x95.webp",130,95,true],"full":["https:\/\/elregionaldigital.info\/wp-content\/uploads\/2023\/05\/esposa_x1x_crop1684900374023.jpg_1970638775.webp",770,485,false]},"_links":{"self":[{"href":"https:\/\/elregionaldigital.info\/index.php?rest_route=\/wp\/v2\/posts\/1220","targetHints":{"allow":["GET"]}}],"collection":[{"href":"https:\/\/elregionaldigital.info\/index.php?rest_route=\/wp\/v2\/posts"}],"about":[{"href":"https:\/\/elregionaldigital.info\/index.php?rest_route=\/wp\/v2\/types\/post"}],"author":[{"embeddable":true,"href":"https:\/\/elregionaldigital.info\/index.php?rest_route=\/wp\/v2\/users\/1"}],"replies":[{"embeddable":true,"href":"https:\/\/elregionaldigital.info\/index.php?rest_route=%2Fwp%2Fv2%2Fcomments&post=1220"}],"version-history":[{"count":1,"href":"https:\/\/elregionaldigital.info\/index.php?rest_route=\/wp\/v2\/posts\/1220\/revisions"}],"predecessor-version":[{"id":1222,"href":"https:\/\/elregionaldigital.info\/index.php?rest_route=\/wp\/v2\/posts\/1220\/revisions\/1222"}],"wp:featuredmedia":[{"embeddable":true,"href":"https:\/\/elregionaldigital.info\/index.php?rest_route=\/wp\/v2\/media\/1221"}],"wp:attachment":[{"href":"https:\/\/elregionaldigital.info\/index.php?rest_route=%2Fwp%2Fv2%2Fmedia&parent=1220"}],"wp:term":[{"taxonomy":"category","embeddable":true,"href":"https:\/\/elregionaldigital.info\/index.php?rest_route=%2Fwp%2Fv2%2Fcategories&post=1220"},{"taxonomy":"post_tag","embeddable":true,"href":"https:\/\/elregionaldigital.info\/index.php?rest_route=%2Fwp%2Fv2%2Ftags&post=1220"}],"curies":[{"name":"wp","href":"https:\/\/api.w.org\/{rel}","templated":true}]}}