{"id":1217,"date":"2023-05-27T16:43:00","date_gmt":"2023-05-27T16:43:00","guid":{"rendered":"http:\/\/elregionaldigital.info\/?p=1217"},"modified":"2023-05-29T04:48:34","modified_gmt":"2023-05-29T04:48:34","slug":"lopez-obrador-ya-recibe-la-pension-para-adultos-mayores","status":"publish","type":"post","link":"https:\/\/elregionaldigital.info\/?p=1217","title":{"rendered":"L\u00f3pez Obrador ya recibe la pensi\u00f3n para adultos mayores"},"content":{"rendered":"\n<figure class=\"wp-block-image size-full\"><img loading=\"lazy\" decoding=\"async\" width=\"770\" height=\"485\" src=\"http:\/\/elregionaldigital.info\/wp-content\/uploads\/2023\/05\/eum20220106pol05_sun_crop1685202180250.jpg_1970638775-1.webp\" alt=\"\" class=\"wp-image-1218\" srcset=\"https:\/\/elregionaldigital.info\/wp-content\/uploads\/2023\/05\/eum20220106pol05_sun_crop1685202180250.jpg_1970638775-1.webp 770w, https:\/\/elregionaldigital.info\/wp-content\/uploads\/2023\/05\/eum20220106pol05_sun_crop1685202180250.jpg_1970638775-1-300x189.webp 300w, https:\/\/elregionaldigital.info\/wp-content\/uploads\/2023\/05\/eum20220106pol05_sun_crop1685202180250.jpg_1970638775-1-768x484.webp 768w\" sizes=\"auto, (max-width: 770px) 100vw, 770px\" \/><\/figure>\n\n\n\n<p>El Presidente de M\u00e9xico,&nbsp;<a href=\"https:\/\/www.informador.mx\/andres-manuel-lopez-obrador-t10921\" target=\"_blank\" rel=\"noreferrer noopener\"><strong>Andr\u00e9s Manuel L\u00f3pez Obrador<\/strong><\/a>, present\u00f3 su Declaraci\u00f3n Patrimonial y de Intereses, y de acuerdo con informaci\u00f3n de EL UNIVERSAL, el Mandatario&nbsp;<strong>ya recibe la pensi\u00f3n para adultos mayores que fue creada en su gobierno, el cual inici\u00f3 el 1 de diciembre de 2018.<\/strong><\/p>\n\n\n\n<p>La Declaraci\u00f3n resume que L\u00f3pez Obrador gan\u00f3 el a\u00f1o pasado un sueldo de&nbsp;<strong>1 mill\u00f3n 697 mil 081 pesos como Presidente de M\u00e9xico<\/strong>, con un aumento de 68 mil 364 pesos respecto del a\u00f1o anterior.<\/p>\n\n\n\n<p>El documento tambi\u00e9n indica que el Jefe del Ejecutivo percibi\u00f3\u00a0<strong>19 mil 310 pesos por el programa de Pensi\u00f3n para Adultos Mayores.<\/strong><\/p>\n\n\n\n<p>En total, al sumar su salario como Mandatario y la Pensi\u00f3n, L\u00f3pez Obrador recibi\u00f3 el a\u00f1o pasado 1 mill\u00f3n 716 mil 391 pesos.<\/p>\n\n\n\n<p>Report\u00f3 que no posee veh\u00edculo alguno, no tiene bienes muebles e inmuebles, ni obtuvo alg\u00fan rendimiento financiero el a\u00f1o pasado.<\/p>\n\n\n\n<p><\/p>\n\n\n\n<p>Dio cuenta de poseer dos cuentas bancarias, una de n\u00f3mina en Afirme Grupo financiero y otra en Banorte.<\/p>\n\n\n\n<p>Tambi\u00e9n report\u00f3 tener una cuenta de ahorro en el&nbsp;<strong>Banco del&nbsp;<a href=\"https:\/\/www.informador.mx\/secretaria-del-bienestar-t13626\" target=\"_blank\" rel=\"noreferrer noopener\">Bienestar<\/a><\/strong>&nbsp;-banco que \u00e9l cre\u00f3 durante su gobierno -, adem\u00e1s de que tiene su afore en Pensionissste.<\/p>\n","protected":false},"excerpt":{"rendered":"<p>El Presidente de M\u00e9xico,&nbsp;Andr\u00e9s Manuel L\u00f3pez Obrador, present\u00f3 su Declaraci\u00f3n Patrimonial y de Intereses, y de acuerdo con informaci\u00f3n de EL UNIVERSAL, el Mandatario&nbsp;ya recibe la pensi\u00f3n para adultos mayores que fue creada en su gobierno, el cual inici\u00f3 el 1 de diciembre de 2018. La Declaraci\u00f3n resume que L\u00f3pez Obrador gan\u00f3 el a\u00f1o pasado [&hellip;]<\/p>\n","protected":false},"author":1,"featured_media":1218,"comment_status":"open","ping_status":"open","sticky":false,"template":"","format":"standard","meta":{"footnotes":""},"categories":[5],"tags":[],"class_list":["post-1217","post","type-post","status-publish","format-standard","has-post-thumbnail","hentry","category-nacional"],"blog_post_layout_featured_media_urls":{"thumbnail":["https:\/\/elregionaldigital.info\/wp-content\/uploads\/2023\/05\/eum20220106pol05_sun_crop1685202180250.jpg_1970638775-1-150x150.webp",150,150,true],"full":["https:\/\/elregionaldigital.info\/wp-content\/uploads\/2023\/05\/eum20220106pol05_sun_crop1685202180250.jpg_1970638775-1.webp",770,485,false]},"categories_names":{"5":{"name":"Nacional","link":"https:\/\/elregionaldigital.info\/?cat=5"}},"tags_names":[],"comments_number":"0","wpmagazine_modules_lite_featured_media_urls":{"thumbnail":["https:\/\/elregionaldigital.info\/wp-content\/uploads\/2023\/05\/eum20220106pol05_sun_crop1685202180250.jpg_1970638775-1-150x150.webp",150,150,true],"cvmm-medium":["https:\/\/elregionaldigital.info\/wp-content\/uploads\/2023\/05\/eum20220106pol05_sun_crop1685202180250.jpg_1970638775-1-300x300.webp",300,300,true],"cvmm-medium-plus":["https:\/\/elregionaldigital.info\/wp-content\/uploads\/2023\/05\/eum20220106pol05_sun_crop1685202180250.jpg_1970638775-1-305x207.webp",305,207,true],"cvmm-portrait":["https:\/\/elregionaldigital.info\/wp-content\/uploads\/2023\/05\/eum20220106pol05_sun_crop1685202180250.jpg_1970638775-1-400x485.webp",400,485,true],"cvmm-medium-square":["https:\/\/elregionaldigital.info\/wp-content\/uploads\/2023\/05\/eum20220106pol05_sun_crop1685202180250.jpg_1970638775-1-600x485.webp",600,485,true],"cvmm-large":["https:\/\/elregionaldigital.info\/wp-content\/uploads\/2023\/05\/eum20220106pol05_sun_crop1685202180250.jpg_1970638775-1.webp",770,485,false],"cvmm-small":["https:\/\/elregionaldigital.info\/wp-content\/uploads\/2023\/05\/eum20220106pol05_sun_crop1685202180250.jpg_1970638775-1-130x95.webp",130,95,true],"full":["https:\/\/elregionaldigital.info\/wp-content\/uploads\/2023\/05\/eum20220106pol05_sun_crop1685202180250.jpg_1970638775-1.webp",770,485,false]},"_links":{"self":[{"href":"https:\/\/elregionaldigital.info\/index.php?rest_route=\/wp\/v2\/posts\/1217","targetHints":{"allow":["GET"]}}],"collection":[{"href":"https:\/\/elregionaldigital.info\/index.php?rest_route=\/wp\/v2\/posts"}],"about":[{"href":"https:\/\/elregionaldigital.info\/index.php?rest_route=\/wp\/v2\/types\/post"}],"author":[{"embeddable":true,"href":"https:\/\/elregionaldigital.info\/index.php?rest_route=\/wp\/v2\/users\/1"}],"replies":[{"embeddable":true,"href":"https:\/\/elregionaldigital.info\/index.php?rest_route=%2Fwp%2Fv2%2Fcomments&post=1217"}],"version-history":[{"count":1,"href":"https:\/\/elregionaldigital.info\/index.php?rest_route=\/wp\/v2\/posts\/1217\/revisions"}],"predecessor-version":[{"id":1219,"href":"https:\/\/elregionaldigital.info\/index.php?rest_route=\/wp\/v2\/posts\/1217\/revisions\/1219"}],"wp:featuredmedia":[{"embeddable":true,"href":"https:\/\/elregionaldigital.info\/index.php?rest_route=\/wp\/v2\/media\/1218"}],"wp:attachment":[{"href":"https:\/\/elregionaldigital.info\/index.php?rest_route=%2Fwp%2Fv2%2Fmedia&parent=1217"}],"wp:term":[{"taxonomy":"category","embeddable":true,"href":"https:\/\/elregionaldigital.info\/index.php?rest_route=%2Fwp%2Fv2%2Fcategories&post=1217"},{"taxonomy":"post_tag","embeddable":true,"href":"https:\/\/elregionaldigital.info\/index.php?rest_route=%2Fwp%2Fv2%2Ftags&post=1217"}],"curies":[{"name":"wp","href":"https:\/\/api.w.org\/{rel}","templated":true}]}}