{"id":1184,"date":"2023-05-28T12:59:00","date_gmt":"2023-05-28T12:59:00","guid":{"rendered":"http:\/\/elregionaldigital.info\/?p=1184"},"modified":"2023-05-29T13:42:04","modified_gmt":"2023-05-29T13:42:04","slug":"1184","status":"publish","type":"post","link":"https:\/\/elregionaldigital.info\/?p=1184","title":{"rendered":"Obtiene la UAT una nueva variedad de ma\u00edz nativo"},"content":{"rendered":"\n<figure class=\"wp-block-image size-large\"><img loading=\"lazy\" decoding=\"async\" width=\"1024\" height=\"683\" src=\"http:\/\/elregionaldigital.info\/wp-content\/uploads\/2023\/05\/28-1024x683.jpg\" alt=\"\" class=\"wp-image-1185\" srcset=\"https:\/\/elregionaldigital.info\/wp-content\/uploads\/2023\/05\/28-1024x683.jpg 1024w, https:\/\/elregionaldigital.info\/wp-content\/uploads\/2023\/05\/28-300x200.jpg 300w, https:\/\/elregionaldigital.info\/wp-content\/uploads\/2023\/05\/28-768x512.jpg 768w, https:\/\/elregionaldigital.info\/wp-content\/uploads\/2023\/05\/28-1536x1024.jpg 1536w, https:\/\/elregionaldigital.info\/wp-content\/uploads\/2023\/05\/28-2048x1365.jpg 2048w\" sizes=\"auto, (max-width: 1024px) 100vw, 1024px\" \/><\/figure>\n\n\n\n<p>Ciudad Victoria, Tam.; 28 de mayo de 2023.<\/p>\n\n\n\n<p>Obtiene la UAT una nueva variedad de ma\u00edz nativo<\/p>\n\n\n\n<p>\uf0b7 Investigadores de Ingenier\u00eda y Ciencias del Campus Victoria trabajan en el<br>registro de la nueva semilla que puede ser una alternativa para la<br>producci\u00f3n agr\u00edcola en la regi\u00f3n noreste de M\u00e9xico.<\/p>\n\n\n\n<p>Mediante t\u00e9cnicas cient\u00edficas y tradicionales, investigadores de la Universidad<br>Aut\u00f3noma de Tamaulipas (UAT) obtuvieron una nueva variedad de ma\u00edz nativo,<br>que permitir\u00e1 contar con semillas que ser\u00e1n una alternativa a los insumos<br>comerciales.<br>La nueva variedad de ma\u00edz est\u00e1 actualmente en proceso de registro ante el<br>Sistema Nacional de Inspecci\u00f3n y Certificaci\u00f3n de Semillas (SNICS), explic\u00f3 el Dr.<br>Rafael Delgado Mart\u00ednez, investigador de la Facultad de Ingenier\u00eda y Ciencias<br>(FIC) de la UAT.<br>Coment\u00f3 que es un trabajo del Cuerpo Acad\u00e9mico Sistemas de Producci\u00f3n<br>Agr\u00edcola sustentado en la investigaci\u00f3n del Dr. Mario Rocandio Rodr\u00edguez, quien<br>desarrolla la l\u00ednea de investigaci\u00f3n \u201cConservaci\u00f3n y an\u00e1lisis de la diversidad de los<br>recursos fitogen\u00e9ticos en cultivos nativos y end\u00e9micos del noreste de M\u00e9xico\u201d.<br>Refiri\u00f3 que la nueva variedad de ma\u00edz se fue logrando mediante la<br>selecci\u00f3n del material gen\u00e9tico, trabajo en el que han participado productores de<br>diferentes municipios de Tamaulipas.<br>Para la \u00faltima parte del proyecto biotecnol\u00f3gico, explic\u00f3, colaboraron<br>productores del municipio de G\u00fc\u00e9mez buscando rasgos espec\u00edficos que ellos<br>definen de este cultivo, como la altura, el color y el tama\u00f1o.<\/p>\n\n\n\n<p>Dijo que al tener resultados de la investigaci\u00f3n se decidi\u00f3 buscar el registro<br>de una variedad que se puede empezar a trabajar, incrementar y darle opciones a<br>los productores.<br>\u201cVamos a confirmar lo que ya vimos el a\u00f1o pasado. Ya hubo estabilidad, ya<br>hay uniformidad; son parte de los requisitos que nos solicita este organismo (el<br>SNICS), y en el cual estamos en esta etapa precisamente, tomando datos para, en<br>agosto, iniciar la solicitud del registro\u201d.<br>El Dr. Rafael Delgado explic\u00f3 que otra meta es incrementar la cantidad de<br>semilla disponible de la nueva variedad de ma\u00edz, para poder darla a conocer a<br>productores y que ellos la empiecen a probar en sus sitios de cultivo.<br>Reiter\u00f3 que se trata de darles a los productores otra opci\u00f3n para sembrar, y<br>de paso, coadyuvar a frenar algunas de las problem\u00e1ticas en la selecci\u00f3n de<br>materiales para este sector del campo.<br>\u201cEs una opci\u00f3n que est\u00e1 dando la Universidad a trav\u00e9s de la Facultad de<br>Ingenier\u00eda y Ciencias a esas problem\u00e1ticas que se tienen en el campo: de<br>estabilidad, de plagas, de enfermedades, de nutrici\u00f3n, de muchos aspectos<br>ambientales\u201d, a\u00f1adi\u00f3.<br>En ese sentido, apunt\u00f3 que la idea es trabajar tambi\u00e9n con otras especies y<br>generar productos a partir de poblaciones nativas como en el caso del ma\u00edz.<br>\u201cEsta nueva variedad viene de poblaciones nativas que se recolectaron en<br>el estado, seleccionando los rasgos que mejor prefer\u00edan los productores hasta<br>llegar a esta semilla que estamos trabajando\u201d.<br>Detall\u00f3 que empezaron por hacer cruzas en campo y, a trav\u00e9s de la<br>polinizaci\u00f3n, lograron el mejoramiento gen\u00e9tico para seleccionar las plantas<br>deseadas: \u201cEs un m\u00e9todo tradicional que ha funcionado\u201d.<br>Refiri\u00f3 que el precio de la semilla ser\u00e1 uno de los beneficios que los<br>productores van a tener con este producto, en comparaci\u00f3n con una semilla<\/p>\n\n\n\n<p>Finalmente, dijo que el proyecto busca tambi\u00e9n rescatar las t\u00e9cnicas de<br>selecci\u00f3n de material vegetal que usaron nuestros antepasados: \u201cPor ello se<br>trabaja en talleres dirigidos precisamente a productores y alumnos, para que<br>conozcan este tipo de t\u00e9cnicas y de investigaciones\u201d.<\/p>\n","protected":false},"excerpt":{"rendered":"<p>Ciudad Victoria, Tam.; 28 de mayo de 2023. Obtiene la UAT una nueva variedad de ma\u00edz nativo \uf0b7 Investigadores de Ingenier\u00eda y Ciencias del Campus Victoria trabajan en elregistro de la nueva semilla que puede ser una alternativa para laproducci\u00f3n agr\u00edcola en la regi\u00f3n noreste de M\u00e9xico. Mediante t\u00e9cnicas cient\u00edficas y tradicionales, investigadores de la [&hellip;]<\/p>\n","protected":false},"author":1,"featured_media":1185,"comment_status":"open","ping_status":"open","sticky":false,"template":"","format":"standard","meta":{"footnotes":""},"categories":[4],"tags":[],"class_list":["post-1184","post","type-post","status-publish","format-standard","has-post-thumbnail","hentry","category-universidades"],"blog_post_layout_featured_media_urls":{"thumbnail":["https:\/\/elregionaldigital.info\/wp-content\/uploads\/2023\/05\/28-150x150.jpg",150,150,true],"full":["https:\/\/elregionaldigital.info\/wp-content\/uploads\/2023\/05\/28-scaled.jpg",2560,1707,false]},"categories_names":{"4":{"name":"Universidades","link":"https:\/\/elregionaldigital.info\/?cat=4"}},"tags_names":[],"comments_number":"0","wpmagazine_modules_lite_featured_media_urls":{"thumbnail":["https:\/\/elregionaldigital.info\/wp-content\/uploads\/2023\/05\/28-150x150.jpg",150,150,true],"cvmm-medium":["https:\/\/elregionaldigital.info\/wp-content\/uploads\/2023\/05\/28-300x300.jpg",300,300,true],"cvmm-medium-plus":["https:\/\/elregionaldigital.info\/wp-content\/uploads\/2023\/05\/28-305x207.jpg",305,207,true],"cvmm-portrait":["https:\/\/elregionaldigital.info\/wp-content\/uploads\/2023\/05\/28-400x600.jpg",400,600,true],"cvmm-medium-square":["https:\/\/elregionaldigital.info\/wp-content\/uploads\/2023\/05\/28-600x600.jpg",600,600,true],"cvmm-large":["https:\/\/elregionaldigital.info\/wp-content\/uploads\/2023\/05\/28-1024x1024.jpg",1024,1024,true],"cvmm-small":["https:\/\/elregionaldigital.info\/wp-content\/uploads\/2023\/05\/28-130x95.jpg",130,95,true],"full":["https:\/\/elregionaldigital.info\/wp-content\/uploads\/2023\/05\/28-scaled.jpg",2560,1707,false]},"_links":{"self":[{"href":"https:\/\/elregionaldigital.info\/index.php?rest_route=\/wp\/v2\/posts\/1184","targetHints":{"allow":["GET"]}}],"collection":[{"href":"https:\/\/elregionaldigital.info\/index.php?rest_route=\/wp\/v2\/posts"}],"about":[{"href":"https:\/\/elregionaldigital.info\/index.php?rest_route=\/wp\/v2\/types\/post"}],"author":[{"embeddable":true,"href":"https:\/\/elregionaldigital.info\/index.php?rest_route=\/wp\/v2\/users\/1"}],"replies":[{"embeddable":true,"href":"https:\/\/elregionaldigital.info\/index.php?rest_route=%2Fwp%2Fv2%2Fcomments&post=1184"}],"version-history":[{"count":2,"href":"https:\/\/elregionaldigital.info\/index.php?rest_route=\/wp\/v2\/posts\/1184\/revisions"}],"predecessor-version":[{"id":1293,"href":"https:\/\/elregionaldigital.info\/index.php?rest_route=\/wp\/v2\/posts\/1184\/revisions\/1293"}],"wp:featuredmedia":[{"embeddable":true,"href":"https:\/\/elregionaldigital.info\/index.php?rest_route=\/wp\/v2\/media\/1185"}],"wp:attachment":[{"href":"https:\/\/elregionaldigital.info\/index.php?rest_route=%2Fwp%2Fv2%2Fmedia&parent=1184"}],"wp:term":[{"taxonomy":"category","embeddable":true,"href":"https:\/\/elregionaldigital.info\/index.php?rest_route=%2Fwp%2Fv2%2Fcategories&post=1184"},{"taxonomy":"post_tag","embeddable":true,"href":"https:\/\/elregionaldigital.info\/index.php?rest_route=%2Fwp%2Fv2%2Ftags&post=1184"}],"curies":[{"name":"wp","href":"https:\/\/api.w.org\/{rel}","templated":true}]}}