{"id":1178,"date":"2023-05-22T12:54:00","date_gmt":"2023-05-22T12:54:00","guid":{"rendered":"http:\/\/elregionaldigital.info\/?p=1178"},"modified":"2023-05-29T13:37:36","modified_gmt":"2023-05-29T13:37:36","slug":"implementara-la-uat-en-agosto-la-nueva-reforma-curricular","status":"publish","type":"post","link":"https:\/\/elregionaldigital.info\/?p=1178","title":{"rendered":"Implementar\u00e1 la UAT en agosto la nueva reforma curricular"},"content":{"rendered":"\n<figure class=\"wp-block-image size-large\"><img loading=\"lazy\" decoding=\"async\" width=\"1024\" height=\"683\" src=\"http:\/\/elregionaldigital.info\/wp-content\/uploads\/2023\/05\/6-2-1-1024x683.jpg\" alt=\"\" class=\"wp-image-1179\" srcset=\"https:\/\/elregionaldigital.info\/wp-content\/uploads\/2023\/05\/6-2-1-1024x683.jpg 1024w, https:\/\/elregionaldigital.info\/wp-content\/uploads\/2023\/05\/6-2-1-300x200.jpg 300w, https:\/\/elregionaldigital.info\/wp-content\/uploads\/2023\/05\/6-2-1-768x512.jpg 768w, https:\/\/elregionaldigital.info\/wp-content\/uploads\/2023\/05\/6-2-1-1536x1024.jpg 1536w, https:\/\/elregionaldigital.info\/wp-content\/uploads\/2023\/05\/6-2-1-2048x1365.jpg 2048w\" sizes=\"auto, (max-width: 1024px) 100vw, 1024px\" \/><\/figure>\n\n\n\n<p>Ciudad Victoria, Tam.; 22 de mayo de 2023.<br>Implementar\u00e1 la UAT en agosto la nueva reforma curricular<br>La Universidad Aut\u00f3noma de Tamaulipas (UAT) contin\u00faa los trabajos de<br>aplicaci\u00f3n de la nueva reforma curricular, la cual, sustentada en el Plan de<br>Desarrollo Institucional del rector Guillermo Mendoza Cavazos, ser\u00e1 implementada<br>durante el periodo agosto-diciembre de 2023 con la reestructuraci\u00f3n de setenta y<br>cuatro programas educativos de los ochenta y dos con los que cuenta la m\u00e1xima<br>casa de estudios.<br>Tanto el modelo educativo como el modelo acad\u00e9mico representan la visi\u00f3n<br>innovadora que fomenta la UAT en toda la comunidad universitaria, considerando<br>enfoques pedag\u00f3gicos, concepciones actuales de la educaci\u00f3n, as\u00ed como los<br>preceptos acad\u00e9micos hist\u00f3ricos y la filosof\u00eda institucional; estructurado a trav\u00e9s<br>de una intensa investigaci\u00f3n y un profundo an\u00e1lisis de las \u00faltimas tendencias en<br>materia de educaci\u00f3n superior en nuestro pa\u00eds y el extranjero.<br>El modelo educativo UAT considera a los profesores desde el nuevo rol<br>docente, con sus capacidades para una docencia innovadora que se traduce en<br>ense\u00f1anza presencial enriquecida con tecnolog\u00eda, ense\u00f1anza en l\u00ednea, uso de<br>plataformas colaborativas y estrategias que permitan personalizar y evaluar el<br>progreso en los aprendizajes de cada estudiante.<br>Al respecto, la Dra. Rosa Issel Acosta Gonz\u00e1lez, secretaria acad\u00e9mica de la<br>UAT, coment\u00f3 en entrevista que actualmente se trabaja en la capacitaci\u00f3n de<br>directivos y docentes de las diferentes dependencias acad\u00e9micas de la<br>Universidad, a fin de brindar asesoramiento en la implementaci\u00f3n de los sistemas<br>operativos y divulgar la identificaci\u00f3n de los saberes que se imparten a trav\u00e9s de<br>las asignaturas que conforman el curr\u00edculo de un plan acad\u00e9mico y las funciones y<br>elementos que se deben llevar a cabo durante el proceso de evaluaci\u00f3n.<\/p>\n\n\n\n<p>Detall\u00f3 que el sesenta y ocho por ciento de la reforma son materias<br>innovadoras, las cuales se asignaron y cambiaron de nombre seg\u00fan la pertinencia<br>de los estudios realizados con empleadores y egresados en la regi\u00f3n de los<br>diferentes campus de la Universidad.<br>Dijo que durante los meses de junio y julio se realizar\u00e1n capacitaciones<br>masivas a todo el personal docente y del \u00e1rea acad\u00e9mica mediante el Diplomado<br>de Asesor\u00eda de las Unidades de Ense\u00f1anza-Aprendizaje, que especifican los<br>prop\u00f3sitos, experiencias de aprendizaje y criterios de evaluaci\u00f3n con los cuales se<br>verificar\u00e1 el logro de los aprendizajes adquiridos, as\u00ed como de los recursos<br>did\u00e1cticos que han de apoyar el proceso.<br>De igual manera, se impartir\u00e1 el Diplomado en Habilidades Blandas para las<br>Asignaturas, las cuales contribuyen al desarrollo de habilidades cognitivas,<br>sociales y emocionales que facilitan el desarrollo de estrategias para adquirir y<br>generar conocimientos.<br>Mediante estas capacitaciones, la comunidad docente es dotada de<br>habilidades y capacidades para la tutor\u00eda y asesor\u00eda, el desarrollo del trabajo<br>colegiado, la innovaci\u00f3n desde grupos de investigaci\u00f3n y cuerpos acad\u00e9micos; se<br>trata de un profesorado que investiga sobre su propia docencia y tiene como<br>principios de su actuar la pr\u00e1ctica por encima de la teor\u00eda, la ense\u00f1anza y el<br>aprendizaje transdisciplinar, la innovaci\u00f3n digital, la vinculaci\u00f3n con el mundo<br>laboral y la competitividad.<\/p>\n","protected":false},"excerpt":{"rendered":"<p>Ciudad Victoria, Tam.; 22 de mayo de 2023.Implementar\u00e1 la UAT en agosto la nueva reforma curricularLa Universidad Aut\u00f3noma de Tamaulipas (UAT) contin\u00faa los trabajos deaplicaci\u00f3n de la nueva reforma curricular, la cual, sustentada en el Plan deDesarrollo Institucional del rector Guillermo Mendoza Cavazos, ser\u00e1 implementadadurante el periodo agosto-diciembre de 2023 con la reestructuraci\u00f3n de setenta [&hellip;]<\/p>\n","protected":false},"author":1,"featured_media":1292,"comment_status":"open","ping_status":"open","sticky":false,"template":"","format":"standard","meta":{"footnotes":""},"categories":[4],"tags":[],"class_list":["post-1178","post","type-post","status-publish","format-standard","has-post-thumbnail","hentry","category-universidades"],"blog_post_layout_featured_media_urls":{"thumbnail":["https:\/\/elregionaldigital.info\/wp-content\/uploads\/2023\/05\/6-2-2-150x150.jpg",150,150,true],"full":["https:\/\/elregionaldigital.info\/wp-content\/uploads\/2023\/05\/6-2-2-scaled.jpg",2560,1707,false]},"categories_names":{"4":{"name":"Universidades","link":"https:\/\/elregionaldigital.info\/?cat=4"}},"tags_names":[],"comments_number":"0","wpmagazine_modules_lite_featured_media_urls":{"thumbnail":["https:\/\/elregionaldigital.info\/wp-content\/uploads\/2023\/05\/6-2-2-150x150.jpg",150,150,true],"cvmm-medium":["https:\/\/elregionaldigital.info\/wp-content\/uploads\/2023\/05\/6-2-2-300x300.jpg",300,300,true],"cvmm-medium-plus":["https:\/\/elregionaldigital.info\/wp-content\/uploads\/2023\/05\/6-2-2-305x207.jpg",305,207,true],"cvmm-portrait":["https:\/\/elregionaldigital.info\/wp-content\/uploads\/2023\/05\/6-2-2-400x600.jpg",400,600,true],"cvmm-medium-square":["https:\/\/elregionaldigital.info\/wp-content\/uploads\/2023\/05\/6-2-2-600x600.jpg",600,600,true],"cvmm-large":["https:\/\/elregionaldigital.info\/wp-content\/uploads\/2023\/05\/6-2-2-1024x1024.jpg",1024,1024,true],"cvmm-small":["https:\/\/elregionaldigital.info\/wp-content\/uploads\/2023\/05\/6-2-2-130x95.jpg",130,95,true],"full":["https:\/\/elregionaldigital.info\/wp-content\/uploads\/2023\/05\/6-2-2-scaled.jpg",2560,1707,false]},"_links":{"self":[{"href":"https:\/\/elregionaldigital.info\/index.php?rest_route=\/wp\/v2\/posts\/1178","targetHints":{"allow":["GET"]}}],"collection":[{"href":"https:\/\/elregionaldigital.info\/index.php?rest_route=\/wp\/v2\/posts"}],"about":[{"href":"https:\/\/elregionaldigital.info\/index.php?rest_route=\/wp\/v2\/types\/post"}],"author":[{"embeddable":true,"href":"https:\/\/elregionaldigital.info\/index.php?rest_route=\/wp\/v2\/users\/1"}],"replies":[{"embeddable":true,"href":"https:\/\/elregionaldigital.info\/index.php?rest_route=%2Fwp%2Fv2%2Fcomments&post=1178"}],"version-history":[{"count":1,"href":"https:\/\/elregionaldigital.info\/index.php?rest_route=\/wp\/v2\/posts\/1178\/revisions"}],"predecessor-version":[{"id":1180,"href":"https:\/\/elregionaldigital.info\/index.php?rest_route=\/wp\/v2\/posts\/1178\/revisions\/1180"}],"wp:featuredmedia":[{"embeddable":true,"href":"https:\/\/elregionaldigital.info\/index.php?rest_route=\/wp\/v2\/media\/1292"}],"wp:attachment":[{"href":"https:\/\/elregionaldigital.info\/index.php?rest_route=%2Fwp%2Fv2%2Fmedia&parent=1178"}],"wp:term":[{"taxonomy":"category","embeddable":true,"href":"https:\/\/elregionaldigital.info\/index.php?rest_route=%2Fwp%2Fv2%2Fcategories&post=1178"},{"taxonomy":"post_tag","embeddable":true,"href":"https:\/\/elregionaldigital.info\/index.php?rest_route=%2Fwp%2Fv2%2Ftags&post=1178"}],"curies":[{"name":"wp","href":"https:\/\/api.w.org\/{rel}","templated":true}]}}