{"id":1171,"date":"2023-05-15T03:16:41","date_gmt":"2023-05-15T03:16:41","guid":{"rendered":"http:\/\/elregionaldigital.info\/?p=1171"},"modified":"2023-05-16T03:17:54","modified_gmt":"2023-05-16T03:17:54","slug":"presidio-el-rector-festejos-en-honor-al-personal-academico-de-la-uat","status":"publish","type":"post","link":"https:\/\/elregionaldigital.info\/?p=1171","title":{"rendered":"Presidi\u00f3 el rector festejos en honor al personal acad\u00e9mico de la UAT"},"content":{"rendered":"\n<figure class=\"wp-block-image size-large\"><img loading=\"lazy\" decoding=\"async\" width=\"1024\" height=\"682\" src=\"http:\/\/elregionaldigital.info\/wp-content\/uploads\/2023\/05\/MG_1080-1-1024x682.jpg\" alt=\"\" class=\"wp-image-1172\" srcset=\"https:\/\/elregionaldigital.info\/wp-content\/uploads\/2023\/05\/MG_1080-1-1024x682.jpg 1024w, https:\/\/elregionaldigital.info\/wp-content\/uploads\/2023\/05\/MG_1080-1-300x200.jpg 300w, https:\/\/elregionaldigital.info\/wp-content\/uploads\/2023\/05\/MG_1080-1-768x512.jpg 768w, https:\/\/elregionaldigital.info\/wp-content\/uploads\/2023\/05\/MG_1080-1.jpg 1280w\" sizes=\"auto, (max-width: 1024px) 100vw, 1024px\" \/><\/figure>\n\n\n\n<p>Ciudad Victoria, Tam.; 15 de mayo de 2023.<\/p>\n\n\n\n<p>Presidi\u00f3 el rector festejos en honor al personal acad\u00e9mico de la UAT<\/p>\n\n\n\n<p>Con motivo del D\u00eda del Maestro y la Maestra, el cual se celebra este 15 de mayo,<br>el rector de la Universidad Aut\u00f3noma de Tamaulipas (UAT), C. P. Guillermo<br>Mendoza Cavazos, expres\u00f3 su felicitaci\u00f3n al personal acad\u00e9mico de la m\u00e1xima<br>casa de estudios en el estado.<br>A lo largo de los distintos festejos que la UAT ha ofrecido previamente en<br>las sedes universitarias de las zonas norte, centro y sur del estado en honor del<br>personal docente, el rector Guillermo Mendoza manifest\u00f3 su reconocimiento y<br>gratitud al trabajo del magisterio universitario, resaltando que el empe\u00f1o y<br>dedicaci\u00f3n que imprimen en su labor representa uno de los elementos m\u00e1s<br>importantes para generar educaci\u00f3n de calidad.<br>En su oportunidad, el rector de la UAT destac\u00f3 el entusiasmo y la buena<br>disposici\u00f3n del profesorado de las diferentes escuelas, unidades acad\u00e9micas y<br>facultades que conforman esta casa de estudios, por realizar la importante labor<br>de educar con calidad en bien de la sociedad tamaulipeca.<br>Reconoci\u00f3 que el trabajo docente es uno de los pilares para alcanzar los<br>objetivos de esta casa de estudios y se\u00f1al\u00f3 que en su administraci\u00f3n se brinda<br>especial atenci\u00f3n al desarrollo de un perfil innovador para la planta acad\u00e9mica de<br>la UAT, integrada actualmente por 2,889 profesores en todo el estado.<br>Cabe destacar que, en las actividades por el D\u00eda del Maestro y la Maestra,<br>el rector Guillermo Mendoza Cavazos encabez\u00f3 eventos de convivencia con la<br>comunidad docente acompa\u00f1ado por el Mtro.<\/p>\n\n\n\n<p>Luis Gerardo Galv\u00e1n Velazco, secretario general estatal del Sindicato \u00danico<br>de Trabajadores Acad\u00e9micos (SUTAUAT), y por representantes sindicales de las<br>diferentes unidades acad\u00e9micas, facultades y escuelas de la m\u00e1xima casa de<br>estudios.<\/p>\n","protected":false},"excerpt":{"rendered":"<p>Ciudad Victoria, Tam.; 15 de mayo de 2023. Presidi\u00f3 el rector festejos en honor al personal acad\u00e9mico de la UAT Con motivo del D\u00eda del Maestro y la Maestra, el cual se celebra este 15 de mayo,el rector de la Universidad Aut\u00f3noma de Tamaulipas (UAT), C. P. GuillermoMendoza Cavazos, expres\u00f3 su felicitaci\u00f3n al personal acad\u00e9mico [&hellip;]<\/p>\n","protected":false},"author":1,"featured_media":1172,"comment_status":"open","ping_status":"open","sticky":false,"template":"","format":"standard","meta":{"footnotes":""},"categories":[4],"tags":[],"class_list":["post-1171","post","type-post","status-publish","format-standard","has-post-thumbnail","hentry","category-universidades"],"blog_post_layout_featured_media_urls":{"thumbnail":["https:\/\/elregionaldigital.info\/wp-content\/uploads\/2023\/05\/MG_1080-1-150x150.jpg",150,150,true],"full":["https:\/\/elregionaldigital.info\/wp-content\/uploads\/2023\/05\/MG_1080-1.jpg",1280,853,false]},"categories_names":{"4":{"name":"Universidades","link":"https:\/\/elregionaldigital.info\/?cat=4"}},"tags_names":[],"comments_number":"0","wpmagazine_modules_lite_featured_media_urls":{"thumbnail":["https:\/\/elregionaldigital.info\/wp-content\/uploads\/2023\/05\/MG_1080-1-150x150.jpg",150,150,true],"cvmm-medium":["https:\/\/elregionaldigital.info\/wp-content\/uploads\/2023\/05\/MG_1080-1-300x300.jpg",300,300,true],"cvmm-medium-plus":["https:\/\/elregionaldigital.info\/wp-content\/uploads\/2023\/05\/MG_1080-1-305x207.jpg",305,207,true],"cvmm-portrait":["https:\/\/elregionaldigital.info\/wp-content\/uploads\/2023\/05\/MG_1080-1-400x600.jpg",400,600,true],"cvmm-medium-square":["https:\/\/elregionaldigital.info\/wp-content\/uploads\/2023\/05\/MG_1080-1-600x600.jpg",600,600,true],"cvmm-large":["https:\/\/elregionaldigital.info\/wp-content\/uploads\/2023\/05\/MG_1080-1-1024x853.jpg",1024,853,true],"cvmm-small":["https:\/\/elregionaldigital.info\/wp-content\/uploads\/2023\/05\/MG_1080-1-130x95.jpg",130,95,true],"full":["https:\/\/elregionaldigital.info\/wp-content\/uploads\/2023\/05\/MG_1080-1.jpg",1280,853,false]},"_links":{"self":[{"href":"https:\/\/elregionaldigital.info\/index.php?rest_route=\/wp\/v2\/posts\/1171","targetHints":{"allow":["GET"]}}],"collection":[{"href":"https:\/\/elregionaldigital.info\/index.php?rest_route=\/wp\/v2\/posts"}],"about":[{"href":"https:\/\/elregionaldigital.info\/index.php?rest_route=\/wp\/v2\/types\/post"}],"author":[{"embeddable":true,"href":"https:\/\/elregionaldigital.info\/index.php?rest_route=\/wp\/v2\/users\/1"}],"replies":[{"embeddable":true,"href":"https:\/\/elregionaldigital.info\/index.php?rest_route=%2Fwp%2Fv2%2Fcomments&post=1171"}],"version-history":[{"count":1,"href":"https:\/\/elregionaldigital.info\/index.php?rest_route=\/wp\/v2\/posts\/1171\/revisions"}],"predecessor-version":[{"id":1173,"href":"https:\/\/elregionaldigital.info\/index.php?rest_route=\/wp\/v2\/posts\/1171\/revisions\/1173"}],"wp:featuredmedia":[{"embeddable":true,"href":"https:\/\/elregionaldigital.info\/index.php?rest_route=\/wp\/v2\/media\/1172"}],"wp:attachment":[{"href":"https:\/\/elregionaldigital.info\/index.php?rest_route=%2Fwp%2Fv2%2Fmedia&parent=1171"}],"wp:term":[{"taxonomy":"category","embeddable":true,"href":"https:\/\/elregionaldigital.info\/index.php?rest_route=%2Fwp%2Fv2%2Fcategories&post=1171"},{"taxonomy":"post_tag","embeddable":true,"href":"https:\/\/elregionaldigital.info\/index.php?rest_route=%2Fwp%2Fv2%2Ftags&post=1171"}],"curies":[{"name":"wp","href":"https:\/\/api.w.org\/{rel}","templated":true}]}}