{"id":1158,"date":"2023-05-12T02:58:09","date_gmt":"2023-05-12T02:58:09","guid":{"rendered":"http:\/\/elregionaldigital.info\/?p=1158"},"modified":"2023-05-16T03:08:32","modified_gmt":"2023-05-16T03:08:32","slug":"mexico-esta-listo-para-ser-gobernado-por-una-mujer-manuel-munoz","status":"publish","type":"post","link":"https:\/\/elregionaldigital.info\/?p=1158","title":{"rendered":"Mexico est\u00e1 listo para ser Gobernado por una mujer: Manuel Mu\u00f1oz"},"content":{"rendered":"\n<figure class=\"wp-block-image size-full\"><img loading=\"lazy\" decoding=\"async\" width=\"403\" height=\"468\" src=\"http:\/\/elregionaldigital.info\/wp-content\/uploads\/2023\/05\/MANUEL2.png\" alt=\"\" class=\"wp-image-1159\" srcset=\"https:\/\/elregionaldigital.info\/wp-content\/uploads\/2023\/05\/MANUEL2.png 403w, https:\/\/elregionaldigital.info\/wp-content\/uploads\/2023\/05\/MANUEL2-258x300.png 258w\" sizes=\"auto, (max-width: 403px) 100vw, 403px\" \/><\/figure>\n\n\n\n<p><em><strong>Claudia Sheinbaum tiene la experiencia y aptitudes que nuestra naci\u00f3n requiere.<\/strong><\/em><\/p>\n\n\n\n<p>Ciudad Victoria Tamaulipas, a 12 de Mayo del 2023. Manuel Mu\u00f1oz Cano Dirigente del Verde en Tamaulipas reconoci\u00f3 la trayectoria y la experiencia que tiene la jefa de Gobierno, Claudia Sheinbaum Pardo para encabezar el nuevo proyecto de naci\u00f3n en el 2024.<\/p>\n\n\n\n<p>\u201c Sin duda Claudia Sheinbaum ser\u00e1 la pr\u00f3xima Presidenta de este pa\u00eds, porque representa la eficiencia y honestidad que nuestra naci\u00f3n demanda pero sobre todo porque en todo el pa\u00eds se han manifestado a favor de que ella sea la primera Presidenta mujer de M\u00e9xico\u201d<\/p>\n\n\n\n<p>As\u00ed mismo, Mu\u00f1oz Cano hizo hincapi\u00e9 en los resultados de las encuestas p\u00fablicas que dan una preferencia absoluta a la Jefa de Gobierno sobre las dem\u00e1s corcholatas.<\/p>\n\n\n\n<p>\u201cSe muy bien que las encuestas son una herramienta de escucha social muy efectivas y la mayor\u00eda de ellas coinciden en que M\u00e9xico est\u00e1 preparado para que Claudia Sheinbaum sea la candidata del pueblo\u201d.<\/p>\n\n\n\n<p>Manuel Mu\u00f1oz Cano mencion\u00f3 la importancia que el PVEM juega en la pr\u00f3xima elecci\u00f3n de la Rep\u00fablica, sobre todo con la implementaci\u00f3n de la \u201cAgenda Verde de Naci\u00f3n\u201d que impulsa el senador Manuel Velasco y representa el principal llamado ambientalista para la construcci\u00f3n de nuevas pol\u00edticas p\u00fablicas sustentables y sostenibles del pa\u00eds.<\/p>\n","protected":false},"excerpt":{"rendered":"<p>Claudia Sheinbaum tiene la experiencia y aptitudes que nuestra naci\u00f3n requiere. Ciudad Victoria Tamaulipas, a 12 de Mayo del 2023. Manuel Mu\u00f1oz Cano Dirigente del Verde en Tamaulipas reconoci\u00f3 la trayectoria y la experiencia que tiene la jefa de Gobierno, Claudia Sheinbaum Pardo para encabezar el nuevo proyecto de naci\u00f3n en el 2024. \u201c Sin [&hellip;]<\/p>\n","protected":false},"author":1,"featured_media":1159,"comment_status":"open","ping_status":"open","sticky":false,"template":"","format":"standard","meta":{"footnotes":""},"categories":[2],"tags":[],"class_list":["post-1158","post","type-post","status-publish","format-standard","has-post-thumbnail","hentry","category-tamaulipas"],"blog_post_layout_featured_media_urls":{"thumbnail":["https:\/\/elregionaldigital.info\/wp-content\/uploads\/2023\/05\/MANUEL2-150x150.png",150,150,true],"full":["https:\/\/elregionaldigital.info\/wp-content\/uploads\/2023\/05\/MANUEL2.png",403,468,false]},"categories_names":{"2":{"name":"Tamaulipas","link":"https:\/\/elregionaldigital.info\/?cat=2"}},"tags_names":[],"comments_number":"0","wpmagazine_modules_lite_featured_media_urls":{"thumbnail":["https:\/\/elregionaldigital.info\/wp-content\/uploads\/2023\/05\/MANUEL2-150x150.png",150,150,true],"cvmm-medium":["https:\/\/elregionaldigital.info\/wp-content\/uploads\/2023\/05\/MANUEL2-300x300.png",300,300,true],"cvmm-medium-plus":["https:\/\/elregionaldigital.info\/wp-content\/uploads\/2023\/05\/MANUEL2-305x207.png",305,207,true],"cvmm-portrait":["https:\/\/elregionaldigital.info\/wp-content\/uploads\/2023\/05\/MANUEL2-400x468.png",400,468,true],"cvmm-medium-square":["https:\/\/elregionaldigital.info\/wp-content\/uploads\/2023\/05\/MANUEL2.png",403,468,false],"cvmm-large":["https:\/\/elregionaldigital.info\/wp-content\/uploads\/2023\/05\/MANUEL2.png",403,468,false],"cvmm-small":["https:\/\/elregionaldigital.info\/wp-content\/uploads\/2023\/05\/MANUEL2-130x95.png",130,95,true],"full":["https:\/\/elregionaldigital.info\/wp-content\/uploads\/2023\/05\/MANUEL2.png",403,468,false]},"_links":{"self":[{"href":"https:\/\/elregionaldigital.info\/index.php?rest_route=\/wp\/v2\/posts\/1158","targetHints":{"allow":["GET"]}}],"collection":[{"href":"https:\/\/elregionaldigital.info\/index.php?rest_route=\/wp\/v2\/posts"}],"about":[{"href":"https:\/\/elregionaldigital.info\/index.php?rest_route=\/wp\/v2\/types\/post"}],"author":[{"embeddable":true,"href":"https:\/\/elregionaldigital.info\/index.php?rest_route=\/wp\/v2\/users\/1"}],"replies":[{"embeddable":true,"href":"https:\/\/elregionaldigital.info\/index.php?rest_route=%2Fwp%2Fv2%2Fcomments&post=1158"}],"version-history":[{"count":1,"href":"https:\/\/elregionaldigital.info\/index.php?rest_route=\/wp\/v2\/posts\/1158\/revisions"}],"predecessor-version":[{"id":1160,"href":"https:\/\/elregionaldigital.info\/index.php?rest_route=\/wp\/v2\/posts\/1158\/revisions\/1160"}],"wp:featuredmedia":[{"embeddable":true,"href":"https:\/\/elregionaldigital.info\/index.php?rest_route=\/wp\/v2\/media\/1159"}],"wp:attachment":[{"href":"https:\/\/elregionaldigital.info\/index.php?rest_route=%2Fwp%2Fv2%2Fmedia&parent=1158"}],"wp:term":[{"taxonomy":"category","embeddable":true,"href":"https:\/\/elregionaldigital.info\/index.php?rest_route=%2Fwp%2Fv2%2Fcategories&post=1158"},{"taxonomy":"post_tag","embeddable":true,"href":"https:\/\/elregionaldigital.info\/index.php?rest_route=%2Fwp%2Fv2%2Ftags&post=1158"}],"curies":[{"name":"wp","href":"https:\/\/api.w.org\/{rel}","templated":true}]}}