{"id":1151,"date":"2023-04-17T14:23:00","date_gmt":"2023-04-17T14:23:00","guid":{"rendered":"http:\/\/elregionaldigital.info\/?p=1151"},"modified":"2023-04-28T02:25:31","modified_gmt":"2023-04-28T02:25:31","slug":"incrementa-la-uat-el-apoyo-de-becas-y-estimulos-educativos-a-sus-estudiantes","status":"publish","type":"post","link":"https:\/\/elregionaldigital.info\/?p=1151","title":{"rendered":"Incrementa la UAT el apoyo de becas y est\u00edmulos educativos a sus estudiantes"},"content":{"rendered":"\n<p><\/p>\n\n\n\n<figure class=\"wp-block-image size-large\"><img loading=\"lazy\" decoding=\"async\" width=\"1024\" height=\"682\" src=\"http:\/\/elregionaldigital.info\/wp-content\/uploads\/2023\/04\/foto-4-becas-17-04-2023-1024x682.jpg\" alt=\"\" class=\"wp-image-1152\" srcset=\"https:\/\/elregionaldigital.info\/wp-content\/uploads\/2023\/04\/foto-4-becas-17-04-2023-1024x682.jpg 1024w, https:\/\/elregionaldigital.info\/wp-content\/uploads\/2023\/04\/foto-4-becas-17-04-2023-300x200.jpg 300w, https:\/\/elregionaldigital.info\/wp-content\/uploads\/2023\/04\/foto-4-becas-17-04-2023-768x512.jpg 768w, https:\/\/elregionaldigital.info\/wp-content\/uploads\/2023\/04\/foto-4-becas-17-04-2023.jpg 1280w\" sizes=\"auto, (max-width: 1024px) 100vw, 1024px\" \/><\/figure>\n\n\n\n<p>Incrementa la UAT el apoyo de becas y est\u00edmulos educativos a<\/p>\n\n\n\n<p>sus estudiantes<\/p>\n\n\n\n<p>\uf0b7 Durante el primer a\u00f1o de su gesti\u00f3n, el rector Guillermo Mendoza Cavazos<br>logr\u00f3 incrementar el n\u00famero de apoyos que se otorgan al estudiantado.<br>\u00a0<br>El pr\u00f3ximo 21 de abril el rector de la Universidad Aut\u00f3noma de Tamaulipas (UAT),<br>C. P. Guillermo Mendoza Cavazos, rendir\u00e1 su primer informe de labores, y entre<br>los principales logros de su administraci\u00f3n est\u00e1 el haber incrementado las becas<br>que se otorgan a sus estudiantes.\u00a0<br>Durante el primer a\u00f1o de su gesti\u00f3n al frente de la UAT, el rector Guillermo<br>Mendoza impuls\u00f3 los programas de becas que lograron beneficiar a m\u00e1s de<br>veintid\u00f3s mil estudiantes \u2014m\u00e1s del 50% del alumnado\u2014, asegurando la formaci\u00f3n<br>de profesionales que buscan el progreso social y econ\u00f3mico de su comunidad.\u00a0<br>Con ello, la administraci\u00f3n rectoral cumple su compromiso de fortalecer los<br>apoyos a los j\u00f3venes y evitar que estos dejen sus estudios por motivos<br>econ\u00f3micos. Adem\u00e1s, se promueve el esfuerzo de los estudiantes para que no<br>haya l\u00edmites y puedan continuar con su vida acad\u00e9mica. \u00a0<br>Entre las metas de su gesti\u00f3n, el rector Guillermo Mendoza Cavazos ha<br>planteado la importancia de formar agentes de cambio que contribuyan a la<br>sociedad; de ah\u00ed la importancia de seguir incentivando a los j\u00f3venes a trav\u00e9s de<br>apoyos que se traducen en becas.\u00a0<br>En ese sentido, la UAT otorga a sus estudiantes diferentes apoyos, entre<br>los cuales est\u00e1n las Becas de Nuevo Ingreso, dirigidas a alumnos con promedio<br>acad\u00e9mico alto; las Becas de Excelencia UAT, para los mejores promedios de las<\/p>\n\n\n\n<p>diferentes carreras de la universidad; y las Becas de Orfandad COVID-19, cuyo<br>prop\u00f3sito es ayudar a estudiantes que est\u00e9n pasando por esa situaci\u00f3n, para que<br>no abandonen sus estudios por motivos econ\u00f3micos.<br>Entre otros est\u00edmulos educativos, m\u00e1s recientemente se implement\u00f3 el<br>apoyo para condonar en su totalidad el pago de titulaci\u00f3n a aquellos j\u00f3venes<br>cuyos promedios sean de excelencia acad\u00e9mica.<br>Cabe se\u00f1alar que, con estas y otras acciones, la UAT impulsa el desarrollo<br>acad\u00e9mico de sus estudiantes, pero tambi\u00e9n busca formarlos en diferentes \u00e1reas<br>productivas, culturales, deportivas y art\u00edsticas, para brindarles mejores<br>herramientas cognitivas, as\u00ed como habilidades que les permitan competir en los<br>mercados laborales actuales.<\/p>\n","protected":false},"excerpt":{"rendered":"<p>Incrementa la UAT el apoyo de becas y est\u00edmulos educativos a sus estudiantes \uf0b7 Durante el primer a\u00f1o de su gesti\u00f3n, el rector Guillermo Mendoza Cavazoslogr\u00f3 incrementar el n\u00famero de apoyos que se otorgan al estudiantado.\u00a0El pr\u00f3ximo 21 de abril el rector de la Universidad Aut\u00f3noma de Tamaulipas (UAT),C. P. Guillermo Mendoza Cavazos, rendir\u00e1 su [&hellip;]<\/p>\n","protected":false},"author":1,"featured_media":1152,"comment_status":"open","ping_status":"open","sticky":false,"template":"","format":"standard","meta":{"footnotes":""},"categories":[4],"tags":[],"class_list":["post-1151","post","type-post","status-publish","format-standard","has-post-thumbnail","hentry","category-universidades"],"blog_post_layout_featured_media_urls":{"thumbnail":["https:\/\/elregionaldigital.info\/wp-content\/uploads\/2023\/04\/foto-4-becas-17-04-2023-150x150.jpg",150,150,true],"full":["https:\/\/elregionaldigital.info\/wp-content\/uploads\/2023\/04\/foto-4-becas-17-04-2023.jpg",1280,853,false]},"categories_names":{"4":{"name":"Universidades","link":"https:\/\/elregionaldigital.info\/?cat=4"}},"tags_names":[],"comments_number":"0","wpmagazine_modules_lite_featured_media_urls":{"thumbnail":["https:\/\/elregionaldigital.info\/wp-content\/uploads\/2023\/04\/foto-4-becas-17-04-2023-150x150.jpg",150,150,true],"cvmm-medium":["https:\/\/elregionaldigital.info\/wp-content\/uploads\/2023\/04\/foto-4-becas-17-04-2023-300x300.jpg",300,300,true],"cvmm-medium-plus":["https:\/\/elregionaldigital.info\/wp-content\/uploads\/2023\/04\/foto-4-becas-17-04-2023-305x207.jpg",305,207,true],"cvmm-portrait":["https:\/\/elregionaldigital.info\/wp-content\/uploads\/2023\/04\/foto-4-becas-17-04-2023-400x600.jpg",400,600,true],"cvmm-medium-square":["https:\/\/elregionaldigital.info\/wp-content\/uploads\/2023\/04\/foto-4-becas-17-04-2023-600x600.jpg",600,600,true],"cvmm-large":["https:\/\/elregionaldigital.info\/wp-content\/uploads\/2023\/04\/foto-4-becas-17-04-2023-1024x853.jpg",1024,853,true],"cvmm-small":["https:\/\/elregionaldigital.info\/wp-content\/uploads\/2023\/04\/foto-4-becas-17-04-2023-130x95.jpg",130,95,true],"full":["https:\/\/elregionaldigital.info\/wp-content\/uploads\/2023\/04\/foto-4-becas-17-04-2023.jpg",1280,853,false]},"_links":{"self":[{"href":"https:\/\/elregionaldigital.info\/index.php?rest_route=\/wp\/v2\/posts\/1151","targetHints":{"allow":["GET"]}}],"collection":[{"href":"https:\/\/elregionaldigital.info\/index.php?rest_route=\/wp\/v2\/posts"}],"about":[{"href":"https:\/\/elregionaldigital.info\/index.php?rest_route=\/wp\/v2\/types\/post"}],"author":[{"embeddable":true,"href":"https:\/\/elregionaldigital.info\/index.php?rest_route=\/wp\/v2\/users\/1"}],"replies":[{"embeddable":true,"href":"https:\/\/elregionaldigital.info\/index.php?rest_route=%2Fwp%2Fv2%2Fcomments&post=1151"}],"version-history":[{"count":1,"href":"https:\/\/elregionaldigital.info\/index.php?rest_route=\/wp\/v2\/posts\/1151\/revisions"}],"predecessor-version":[{"id":1153,"href":"https:\/\/elregionaldigital.info\/index.php?rest_route=\/wp\/v2\/posts\/1151\/revisions\/1153"}],"wp:featuredmedia":[{"embeddable":true,"href":"https:\/\/elregionaldigital.info\/index.php?rest_route=\/wp\/v2\/media\/1152"}],"wp:attachment":[{"href":"https:\/\/elregionaldigital.info\/index.php?rest_route=%2Fwp%2Fv2%2Fmedia&parent=1151"}],"wp:term":[{"taxonomy":"category","embeddable":true,"href":"https:\/\/elregionaldigital.info\/index.php?rest_route=%2Fwp%2Fv2%2Fcategories&post=1151"},{"taxonomy":"post_tag","embeddable":true,"href":"https:\/\/elregionaldigital.info\/index.php?rest_route=%2Fwp%2Fv2%2Ftags&post=1151"}],"curies":[{"name":"wp","href":"https:\/\/api.w.org\/{rel}","templated":true}]}}