{"id":1148,"date":"2023-04-17T14:19:00","date_gmt":"2023-04-17T14:19:00","guid":{"rendered":"http:\/\/elregionaldigital.info\/?p=1148"},"modified":"2023-04-28T02:21:03","modified_gmt":"2023-04-28T02:21:03","slug":"arceo-y-padilla-ganan-medalla-de-plata-en-ankara-2023","status":"publish","type":"post","link":"https:\/\/elregionaldigital.info\/?p=1148","title":{"rendered":"Arceo y Padilla ganan medalla de plata en Ankara 2023"},"content":{"rendered":"\n<figure class=\"wp-block-image size-full\"><img loading=\"lazy\" decoding=\"async\" width=\"500\" height=\"300\" src=\"http:\/\/elregionaldigital.info\/wp-content\/uploads\/2023\/04\/Arceo-y-Padilla.jpg\" alt=\"\" class=\"wp-image-1149\" srcset=\"https:\/\/elregionaldigital.info\/wp-content\/uploads\/2023\/04\/Arceo-y-Padilla.jpg 500w, https:\/\/elregionaldigital.info\/wp-content\/uploads\/2023\/04\/Arceo-y-Padilla-300x180.jpg 300w\" sizes=\"auto, (max-width: 500px) 100vw, 500px\" \/><\/figure>\n\n\n\n<p>La mexicana Mariana Arceo volvi\u00f3 a subir al podio, en esta ocasi\u00f3n lo hizo junto a Manuel Padilla, esta dupla consigui\u00f3 la medalla de plata en el relevo mixto de la Copa del Mundo de Pentatl\u00f3n Moderno Ankara 2023.<\/p>\n\n\n\n<p>La Copa del Mundo de Pentatl\u00f3n Moderno que se realiz\u00f3 en Turqu\u00eda tuvo como ganadores en el relevo mixto a la dupla local Ilke Ozyuksel y Bugra Unal, quienes desde el inicio de la competencia tomaron una ventaja de 6 segundos.<\/p>\n\n\n\n<p>Dicha ventaja los llev\u00f3 a colgarse la medalla de oro en el \u00faltimo d\u00eda de competencia en Turqu\u00eda.<\/p>\n\n\n\n<p>La dupla de Arceo y Padilla fueron quienes cerraron en el segundo lugar, mientras que la tercera posici\u00f3n la consiguieron Jessica Varley y Myles Pillage de Gran Breta\u00f1a.<\/p>\n\n\n\n<p>La presea que consigui\u00f3 la pareja tricolor es la segunda que se cuelgan, en marzo pasado tambi\u00e9n se adue\u00f1aron de la plata en el Cairo, Egipto, que fue la primera parada del serial de la Copa del Mundo de Pentatl\u00f3n Moderno.<\/p>\n\n\n\n<p>\u201cAyer fue una competencia dura, ahora me siento mejor y me gusta mucho hacer el relevo mixto con Padilla, es nuestra segunda medalla esta temporada\u201d, declar\u00f3 Mariana Arceo.<\/p>\n\n\n\n<p>\u201cMariana hizo muy bien en darme el relevo en segundo lugar, estamos realmente felices, ella y yo llevamos muchos a\u00f1os trabajando juntos, as\u00ed que sabemos c\u00f3mo ser un equipo\u201d, coment\u00f3 Padilla al finalizar la prueba.<\/p>\n\n\n\n<p>Tras la parada el Turqu\u00eda, ahora la siguiente fecha del serial de la Copa del Mundo ser\u00e1 en Budapest, Hungr\u00eda que se realizar\u00e1 del 25 al 30 de abril.<\/p>\n","protected":false},"excerpt":{"rendered":"<p>La mexicana Mariana Arceo volvi\u00f3 a subir al podio, en esta ocasi\u00f3n lo hizo junto a Manuel Padilla, esta dupla consigui\u00f3 la medalla de plata en el relevo mixto de la Copa del Mundo de Pentatl\u00f3n Moderno Ankara 2023. La Copa del Mundo de Pentatl\u00f3n Moderno que se realiz\u00f3 en Turqu\u00eda tuvo como ganadores en [&hellip;]<\/p>\n","protected":false},"author":1,"featured_media":1149,"comment_status":"open","ping_status":"open","sticky":false,"template":"","format":"standard","meta":{"footnotes":""},"categories":[6],"tags":[],"class_list":["post-1148","post","type-post","status-publish","format-standard","has-post-thumbnail","hentry","category-deportes"],"blog_post_layout_featured_media_urls":{"thumbnail":["https:\/\/elregionaldigital.info\/wp-content\/uploads\/2023\/04\/Arceo-y-Padilla-150x150.jpg",150,150,true],"full":["https:\/\/elregionaldigital.info\/wp-content\/uploads\/2023\/04\/Arceo-y-Padilla.jpg",500,300,false]},"categories_names":{"6":{"name":"Deportes","link":"https:\/\/elregionaldigital.info\/?cat=6"}},"tags_names":[],"comments_number":"0","wpmagazine_modules_lite_featured_media_urls":{"thumbnail":["https:\/\/elregionaldigital.info\/wp-content\/uploads\/2023\/04\/Arceo-y-Padilla-150x150.jpg",150,150,true],"cvmm-medium":["https:\/\/elregionaldigital.info\/wp-content\/uploads\/2023\/04\/Arceo-y-Padilla-300x300.jpg",300,300,true],"cvmm-medium-plus":["https:\/\/elregionaldigital.info\/wp-content\/uploads\/2023\/04\/Arceo-y-Padilla-305x207.jpg",305,207,true],"cvmm-portrait":["https:\/\/elregionaldigital.info\/wp-content\/uploads\/2023\/04\/Arceo-y-Padilla-400x300.jpg",400,300,true],"cvmm-medium-square":["https:\/\/elregionaldigital.info\/wp-content\/uploads\/2023\/04\/Arceo-y-Padilla.jpg",500,300,false],"cvmm-large":["https:\/\/elregionaldigital.info\/wp-content\/uploads\/2023\/04\/Arceo-y-Padilla.jpg",500,300,false],"cvmm-small":["https:\/\/elregionaldigital.info\/wp-content\/uploads\/2023\/04\/Arceo-y-Padilla-130x95.jpg",130,95,true],"full":["https:\/\/elregionaldigital.info\/wp-content\/uploads\/2023\/04\/Arceo-y-Padilla.jpg",500,300,false]},"_links":{"self":[{"href":"https:\/\/elregionaldigital.info\/index.php?rest_route=\/wp\/v2\/posts\/1148","targetHints":{"allow":["GET"]}}],"collection":[{"href":"https:\/\/elregionaldigital.info\/index.php?rest_route=\/wp\/v2\/posts"}],"about":[{"href":"https:\/\/elregionaldigital.info\/index.php?rest_route=\/wp\/v2\/types\/post"}],"author":[{"embeddable":true,"href":"https:\/\/elregionaldigital.info\/index.php?rest_route=\/wp\/v2\/users\/1"}],"replies":[{"embeddable":true,"href":"https:\/\/elregionaldigital.info\/index.php?rest_route=%2Fwp%2Fv2%2Fcomments&post=1148"}],"version-history":[{"count":1,"href":"https:\/\/elregionaldigital.info\/index.php?rest_route=\/wp\/v2\/posts\/1148\/revisions"}],"predecessor-version":[{"id":1150,"href":"https:\/\/elregionaldigital.info\/index.php?rest_route=\/wp\/v2\/posts\/1148\/revisions\/1150"}],"wp:featuredmedia":[{"embeddable":true,"href":"https:\/\/elregionaldigital.info\/index.php?rest_route=\/wp\/v2\/media\/1149"}],"wp:attachment":[{"href":"https:\/\/elregionaldigital.info\/index.php?rest_route=%2Fwp%2Fv2%2Fmedia&parent=1148"}],"wp:term":[{"taxonomy":"category","embeddable":true,"href":"https:\/\/elregionaldigital.info\/index.php?rest_route=%2Fwp%2Fv2%2Fcategories&post=1148"},{"taxonomy":"post_tag","embeddable":true,"href":"https:\/\/elregionaldigital.info\/index.php?rest_route=%2Fwp%2Fv2%2Ftags&post=1148"}],"curies":[{"name":"wp","href":"https:\/\/api.w.org\/{rel}","templated":true}]}}