{"id":1145,"date":"2023-04-24T14:12:00","date_gmt":"2023-04-24T14:12:00","guid":{"rendered":"http:\/\/elregionaldigital.info\/?p=1145"},"modified":"2023-04-28T02:18:17","modified_gmt":"2023-04-28T02:18:17","slug":"equipo-mexicano-femenil-gana-medalla-de-oro-en-mundial-de-tiro-con-arco","status":"publish","type":"post","link":"https:\/\/elregionaldigital.info\/?p=1145","title":{"rendered":"Equipo mexicano femenil gana medalla de oro en Mundial de tiro con arco"},"content":{"rendered":"\n<figure class=\"wp-block-image size-full\"><img loading=\"lazy\" decoding=\"async\" width=\"500\" height=\"300\" src=\"http:\/\/elregionaldigital.info\/wp-content\/uploads\/2023\/04\/tiro.jpg\" alt=\"\" class=\"wp-image-1146\" srcset=\"https:\/\/elregionaldigital.info\/wp-content\/uploads\/2023\/04\/tiro.jpg 500w, https:\/\/elregionaldigital.info\/wp-content\/uploads\/2023\/04\/tiro-300x180.jpg 300w\" sizes=\"auto, (max-width: 500px) 100vw, 500px\" \/><\/figure>\n\n\n\n<p>El equipo nacional femenil de arco recurvo, conformado por A\u00edda Nabila Rom\u00e1n Arroyo, Alejandra Valencia Trujillo y \u00c1ngela Ruiz Rosales, gan\u00f3 la medalla de oro en la primera fecha del serial de Copas del Mundo 2023, la cual se celebr\u00f3 en Antalya, Turqu\u00eda.<\/p>\n\n\n\n<p>Las arqueras mexicanas se consagraron campeonas, luego de blanquear, con marcador de 6-0, al representativo de China, el cual estuvo compuesto por las dos medallistas mundiales Zhang Mengyao y An Qixuan, as\u00ed como Hai Ligan.<\/p>\n\n\n\n<p>En su camino rumbo a la presea m\u00e1xima, las aztecas derrotaron 5-3 en octavos de final al equipo de la anfitriona Turqu\u00eda; mismo marcador por el que doblegaron<br>a su similar de Italia en cuartos de final; y ya en semifinales, superaron 6-0 a las representantes de Espa\u00f1a.<\/p>\n\n\n\n<p>Las medallistas ol\u00edmpicas, Rom\u00e1n Arroyo y Valencia Trujillo, encontraron un buen complemento en la juvenil Ruiz Rosales, de apenas 16 a\u00f1os de edad y que vivi\u00f3 su primera experiencia en la selecci\u00f3n mayor durante el torneo efectuado en el continente europeo.<\/p>\n\n\n\n<p>Gracias a este metal dorado, M\u00e9xico concluy\u00f3 su participaci\u00f3n en esta justa con dos preseas, ya que Ana Hern\u00e1ndez Le\u00f3n, Andrea Becerra Arizaga y Dafne<br>Quintero Garc\u00eda se hicieron con la de bronce en equipo femenil de arco compuesto.<\/p>\n\n\n\n<p>La siguiente y segunda Copa del Mundo de la especialidad 2023, se realizar\u00e1 en Shangh\u00e1i, China, del 16 al 21 de mayo, por lo que el combinado nacional volver\u00e1 a<br>concentrarse en el Centro Nacional de Desarrollo de Talentos Deportivos y Alto Rendimiento (CNAR), con el objetivo de prepararse a tope para los retos venideros.<\/p>\n","protected":false},"excerpt":{"rendered":"<p>El equipo nacional femenil de arco recurvo, conformado por A\u00edda Nabila Rom\u00e1n Arroyo, Alejandra Valencia Trujillo y \u00c1ngela Ruiz Rosales, gan\u00f3 la medalla de oro en la primera fecha del serial de Copas del Mundo 2023, la cual se celebr\u00f3 en Antalya, Turqu\u00eda. Las arqueras mexicanas se consagraron campeonas, luego de blanquear, con marcador de [&hellip;]<\/p>\n","protected":false},"author":1,"featured_media":1146,"comment_status":"open","ping_status":"open","sticky":false,"template":"","format":"standard","meta":{"footnotes":""},"categories":[6],"tags":[],"class_list":["post-1145","post","type-post","status-publish","format-standard","has-post-thumbnail","hentry","category-deportes"],"blog_post_layout_featured_media_urls":{"thumbnail":["https:\/\/elregionaldigital.info\/wp-content\/uploads\/2023\/04\/tiro-150x150.jpg",150,150,true],"full":["https:\/\/elregionaldigital.info\/wp-content\/uploads\/2023\/04\/tiro.jpg",500,300,false]},"categories_names":{"6":{"name":"Deportes","link":"https:\/\/elregionaldigital.info\/?cat=6"}},"tags_names":[],"comments_number":"0","wpmagazine_modules_lite_featured_media_urls":{"thumbnail":["https:\/\/elregionaldigital.info\/wp-content\/uploads\/2023\/04\/tiro-150x150.jpg",150,150,true],"cvmm-medium":["https:\/\/elregionaldigital.info\/wp-content\/uploads\/2023\/04\/tiro-300x300.jpg",300,300,true],"cvmm-medium-plus":["https:\/\/elregionaldigital.info\/wp-content\/uploads\/2023\/04\/tiro-305x207.jpg",305,207,true],"cvmm-portrait":["https:\/\/elregionaldigital.info\/wp-content\/uploads\/2023\/04\/tiro-400x300.jpg",400,300,true],"cvmm-medium-square":["https:\/\/elregionaldigital.info\/wp-content\/uploads\/2023\/04\/tiro.jpg",500,300,false],"cvmm-large":["https:\/\/elregionaldigital.info\/wp-content\/uploads\/2023\/04\/tiro.jpg",500,300,false],"cvmm-small":["https:\/\/elregionaldigital.info\/wp-content\/uploads\/2023\/04\/tiro-130x95.jpg",130,95,true],"full":["https:\/\/elregionaldigital.info\/wp-content\/uploads\/2023\/04\/tiro.jpg",500,300,false]},"_links":{"self":[{"href":"https:\/\/elregionaldigital.info\/index.php?rest_route=\/wp\/v2\/posts\/1145","targetHints":{"allow":["GET"]}}],"collection":[{"href":"https:\/\/elregionaldigital.info\/index.php?rest_route=\/wp\/v2\/posts"}],"about":[{"href":"https:\/\/elregionaldigital.info\/index.php?rest_route=\/wp\/v2\/types\/post"}],"author":[{"embeddable":true,"href":"https:\/\/elregionaldigital.info\/index.php?rest_route=\/wp\/v2\/users\/1"}],"replies":[{"embeddable":true,"href":"https:\/\/elregionaldigital.info\/index.php?rest_route=%2Fwp%2Fv2%2Fcomments&post=1145"}],"version-history":[{"count":1,"href":"https:\/\/elregionaldigital.info\/index.php?rest_route=\/wp\/v2\/posts\/1145\/revisions"}],"predecessor-version":[{"id":1147,"href":"https:\/\/elregionaldigital.info\/index.php?rest_route=\/wp\/v2\/posts\/1145\/revisions\/1147"}],"wp:featuredmedia":[{"embeddable":true,"href":"https:\/\/elregionaldigital.info\/index.php?rest_route=\/wp\/v2\/media\/1146"}],"wp:attachment":[{"href":"https:\/\/elregionaldigital.info\/index.php?rest_route=%2Fwp%2Fv2%2Fmedia&parent=1145"}],"wp:term":[{"taxonomy":"category","embeddable":true,"href":"https:\/\/elregionaldigital.info\/index.php?rest_route=%2Fwp%2Fv2%2Fcategories&post=1145"},{"taxonomy":"post_tag","embeddable":true,"href":"https:\/\/elregionaldigital.info\/index.php?rest_route=%2Fwp%2Fv2%2Ftags&post=1145"}],"curies":[{"name":"wp","href":"https:\/\/api.w.org\/{rel}","templated":true}]}}