{"id":1142,"date":"2023-04-10T14:08:00","date_gmt":"2023-04-10T14:08:00","guid":{"rendered":"http:\/\/elregionaldigital.info\/?p=1142"},"modified":"2023-04-28T02:12:23","modified_gmt":"2023-04-28T02:12:23","slug":"hallan-muerto-a-julian-figueroa","status":"publish","type":"post","link":"https:\/\/elregionaldigital.info\/?p=1142","title":{"rendered":"Hallan muerto a Juli\u00e1n Figueroa"},"content":{"rendered":"\n<figure class=\"wp-block-image size-full\"><img loading=\"lazy\" decoding=\"async\" width=\"500\" height=\"300\" src=\"http:\/\/elregionaldigital.info\/wp-content\/uploads\/2023\/04\/Julian-Figueroa.jpg\" alt=\"\" class=\"wp-image-1143\" srcset=\"https:\/\/elregionaldigital.info\/wp-content\/uploads\/2023\/04\/Julian-Figueroa.jpg 500w, https:\/\/elregionaldigital.info\/wp-content\/uploads\/2023\/04\/Julian-Figueroa-300x180.jpg 300w\" sizes=\"auto, (max-width: 500px) 100vw, 500px\" \/><\/figure>\n\n\n\n<p>uli\u00e1n Figueroa, hijo de Maribel Guardia y Joan Sebasti\u00e1n, muri\u00f3 este domingo, seg\u00fan reportaron fuentes policiacas.<\/p>\n\n\n\n<p>De acuerdo con los primeros reportes, el joven cantante y compositor de 27 a\u00f1os habr\u00eda sido encontrado sin vida en su casa de la alcald\u00eda&nbsp;\u00c1lvaro Obreg\u00f3n, en la Ciudad de M\u00e9xico.<\/p>\n\n\n\n<p>Aunque hasta el momento se desconocen cu\u00e1les habr\u00edan sido las causas de su muerte, se inform\u00f3 que su cuerpo no ten\u00eda signos de violencia al instante de ser localizado en el domicilio de la colonia&nbsp;Jardines del Pedregal.<\/p>\n\n\n\n<p>Seg\u00fan mencion\u00f3 el periodista de espect\u00e1culos, Gustavo Adolfo Infante, Juli\u00e1n Figueroa habr\u00eda atravesado por distintas complicaciones a causa de un&nbsp;cuadro de depresi\u00f3n.<\/p>\n\n\n\n<p>Informaci\u00f3n preliminar detall\u00f3 que, aparentemente, el joven se encontraba solo en el inmueble y habr\u00eda sido encontrado en su habitaci\u00f3n.<\/p>\n\n\n\n<p>Las primeras versiones, difundidas de manera extraoficial, apuntaron que la muerte habr\u00eda sido producida por un&nbsp;problema cardiopulmonar.<\/p>\n\n\n\n<p>Una de los primeras figuras del mundo del espect\u00e1culo en pronunciarse al respecto fue el actor&nbsp;Eduardo Espa\u00f1a, quien extern\u00f3 sus condolencias v\u00eda Twitter.<\/p>\n\n\n\n<p>\u201cEstoy en shock&nbsp;al enterarme de la partida de #Juli\u00e1nFigueroa Realmente una impactante y terrible noticia. Q.E.P.D. Te abrazo con toda el alma querida @MaribelGuardia Sabes el gran cari\u00f1o, respeto y admiraci\u00f3n que te tengo, hermosa\u201d, escribi\u00f3 el histri\u00f3n en su cuenta oficial.<\/p>\n\n\n\n<p>Mis condolencias a la familia y mi deseo de que descanse en Paz.<\/p>\n","protected":false},"excerpt":{"rendered":"<p>uli\u00e1n Figueroa, hijo de Maribel Guardia y Joan Sebasti\u00e1n, muri\u00f3 este domingo, seg\u00fan reportaron fuentes policiacas. De acuerdo con los primeros reportes, el joven cantante y compositor de 27 a\u00f1os habr\u00eda sido encontrado sin vida en su casa de la alcald\u00eda&nbsp;\u00c1lvaro Obreg\u00f3n, en la Ciudad de M\u00e9xico. Aunque hasta el momento se desconocen cu\u00e1les habr\u00edan [&hellip;]<\/p>\n","protected":false},"author":1,"featured_media":1143,"comment_status":"open","ping_status":"open","sticky":false,"template":"","format":"standard","meta":{"footnotes":""},"categories":[3],"tags":[],"class_list":["post-1142","post","type-post","status-publish","format-standard","has-post-thumbnail","hentry","category-entretenimiento"],"blog_post_layout_featured_media_urls":{"thumbnail":["https:\/\/elregionaldigital.info\/wp-content\/uploads\/2023\/04\/Julian-Figueroa-150x150.jpg",150,150,true],"full":["https:\/\/elregionaldigital.info\/wp-content\/uploads\/2023\/04\/Julian-Figueroa.jpg",500,300,false]},"categories_names":{"3":{"name":"Entretenimiento","link":"https:\/\/elregionaldigital.info\/?cat=3"}},"tags_names":[],"comments_number":"0","wpmagazine_modules_lite_featured_media_urls":{"thumbnail":["https:\/\/elregionaldigital.info\/wp-content\/uploads\/2023\/04\/Julian-Figueroa-150x150.jpg",150,150,true],"cvmm-medium":["https:\/\/elregionaldigital.info\/wp-content\/uploads\/2023\/04\/Julian-Figueroa-300x300.jpg",300,300,true],"cvmm-medium-plus":["https:\/\/elregionaldigital.info\/wp-content\/uploads\/2023\/04\/Julian-Figueroa-305x207.jpg",305,207,true],"cvmm-portrait":["https:\/\/elregionaldigital.info\/wp-content\/uploads\/2023\/04\/Julian-Figueroa-400x300.jpg",400,300,true],"cvmm-medium-square":["https:\/\/elregionaldigital.info\/wp-content\/uploads\/2023\/04\/Julian-Figueroa.jpg",500,300,false],"cvmm-large":["https:\/\/elregionaldigital.info\/wp-content\/uploads\/2023\/04\/Julian-Figueroa.jpg",500,300,false],"cvmm-small":["https:\/\/elregionaldigital.info\/wp-content\/uploads\/2023\/04\/Julian-Figueroa-130x95.jpg",130,95,true],"full":["https:\/\/elregionaldigital.info\/wp-content\/uploads\/2023\/04\/Julian-Figueroa.jpg",500,300,false]},"_links":{"self":[{"href":"https:\/\/elregionaldigital.info\/index.php?rest_route=\/wp\/v2\/posts\/1142","targetHints":{"allow":["GET"]}}],"collection":[{"href":"https:\/\/elregionaldigital.info\/index.php?rest_route=\/wp\/v2\/posts"}],"about":[{"href":"https:\/\/elregionaldigital.info\/index.php?rest_route=\/wp\/v2\/types\/post"}],"author":[{"embeddable":true,"href":"https:\/\/elregionaldigital.info\/index.php?rest_route=\/wp\/v2\/users\/1"}],"replies":[{"embeddable":true,"href":"https:\/\/elregionaldigital.info\/index.php?rest_route=%2Fwp%2Fv2%2Fcomments&post=1142"}],"version-history":[{"count":1,"href":"https:\/\/elregionaldigital.info\/index.php?rest_route=\/wp\/v2\/posts\/1142\/revisions"}],"predecessor-version":[{"id":1144,"href":"https:\/\/elregionaldigital.info\/index.php?rest_route=\/wp\/v2\/posts\/1142\/revisions\/1144"}],"wp:featuredmedia":[{"embeddable":true,"href":"https:\/\/elregionaldigital.info\/index.php?rest_route=\/wp\/v2\/media\/1143"}],"wp:attachment":[{"href":"https:\/\/elregionaldigital.info\/index.php?rest_route=%2Fwp%2Fv2%2Fmedia&parent=1142"}],"wp:term":[{"taxonomy":"category","embeddable":true,"href":"https:\/\/elregionaldigital.info\/index.php?rest_route=%2Fwp%2Fv2%2Fcategories&post=1142"},{"taxonomy":"post_tag","embeddable":true,"href":"https:\/\/elregionaldigital.info\/index.php?rest_route=%2Fwp%2Fv2%2Ftags&post=1142"}],"curies":[{"name":"wp","href":"https:\/\/api.w.org\/{rel}","templated":true}]}}