{"id":1139,"date":"2023-04-11T14:05:00","date_gmt":"2023-04-11T14:05:00","guid":{"rendered":"http:\/\/elregionaldigital.info\/?p=1139"},"modified":"2023-04-28T02:06:56","modified_gmt":"2023-04-28T02:06:56","slug":"ines-gomez-mont-gana-amparo-contra-orden-de-aprehension","status":"publish","type":"post","link":"https:\/\/elregionaldigital.info\/?p=1139","title":{"rendered":"In\u00e9s G\u00f3mez Mont gana amparo contra orden de aprehensi\u00f3n"},"content":{"rendered":"\n<figure class=\"wp-block-image size-full\"><img loading=\"lazy\" decoding=\"async\" width=\"500\" height=\"300\" src=\"http:\/\/elregionaldigital.info\/wp-content\/uploads\/2023\/04\/Ines-Gomez-Mont.jpg\" alt=\"\" class=\"wp-image-1140\" srcset=\"https:\/\/elregionaldigital.info\/wp-content\/uploads\/2023\/04\/Ines-Gomez-Mont.jpg 500w, https:\/\/elregionaldigital.info\/wp-content\/uploads\/2023\/04\/Ines-Gomez-Mont-300x180.jpg 300w\" sizes=\"auto, (max-width: 500px) 100vw, 500px\" \/><\/figure>\n\n\n\n<p>Poco a poco, el proceso legal de In\u00e9s G\u00f3mez Mont avanza, y ahora ha logrado una victoria significativa.<\/p>\n\n\n\n<p>Y es que, de acuerdo con el portal Latinus, el Sexto Tribunal Colegiado en Materia Penal confirm\u00f3 el amparo otorgado a la conductora contra la orden de aprehensi\u00f3n en su contra por el delito de defraudaci\u00f3n fiscal equiparada, y con ello, el proceso deber\u00e1 reponerse.<\/p>\n\n\n\n<p>\u201cLa justicia federal ampara y protege a la quejosa, respecto de los actos reclamados y autoridades responsables\u201d, se lee en la resoluci\u00f3n publicada el pasado 4 de abril.<\/p>\n\n\n\n<p>La orden de aprehensi\u00f3n en su contra por el delito de defraudaci\u00f3n fiscal equiparada fue girada por un juez el 14 de octubre del 2021, luego de que el Ministerio P\u00fablico de la Federaci\u00f3n de la Fiscal\u00eda General de la Rep\u00fablica la acusara de cometer fraude en contra del fisco por 12 millones 921 mil 762 pesos.<\/p>\n\n\n\n<p>Ahora, la orden de aprehensi\u00f3n fue invalidada porque el pedimento carece de motivaci\u00f3n y fundamentaci\u00f3n, ya que el Ministerio P\u00fablico fue omiso en los datos de prueba presentados al juez que lleva la causa.<\/p>\n\n\n\n<p>Debido a lo anterior, para obtener una nueva orden de aprehensi\u00f3n, esta debe ser consistente y que los cargos por los que se denunci\u00f3 a In\u00e9s sean acreditados con pruebas, explic\u00f3 el portal Infobae.<\/p>\n\n\n\n<p>Recordemos que, desde septiembre del 2021, la Fiscal\u00eda General de la Rep\u00fablica (FGR) gir\u00f3 una orden de aprehensi\u00f3n contra In\u00e9s y su esposo, V\u00edctor \u00c1lvarez Puga, por tres presuntos delitos: peculado, operaciones con recursos de procedencia il\u00edcita y lavado de dinero.<\/p>\n\n\n\n<p>Actualmente, se les considera pr\u00f3fugos y M\u00e9xico solicit\u00f3 la ficha roja a Interpol en contra de la conductora y su esposo para su localizaci\u00f3n internacional, pues se afirma que la pareja sali\u00f3 del pa\u00eds meses antes de que se girara la primera orden de aprehensi\u00f3n.<\/p>\n\n\n\n<p>Y aunque no se sabe su paradero, In\u00e9s ha aparecido de vez en vez en su cuenta de Instagram para defenderse de todo lo que se dice sobre su proceso legal.<\/p>\n\n\n\n<p>De hecho, en enero pasado, la conductora aclar\u00f3 en su cuenta de Instagram que se ha repetido en la opini\u00f3n p\u00fablica y redes sociales que la acusan por un supuesto lavado o desv\u00edo de 3,000 millones de pesos de un contrato p\u00fablico, pero eso no es cierto.<\/p>\n\n\n\n<p>\u201cLo dije el primer d\u00eda, lo reitero y hoy lo confirma Reforma: La acusaci\u00f3n en mi contra no es por 3,000 MDP como maliciosamente se ha dicho, sino por 14 MDP, de la cual obviamente me defiendo en los juzgados. Se trata pues de una mentira que se ha repetido una y otra vez hasta volverse verdad. \u00a1Ya basta!\u2026<\/p>\n\n\n\n<p>\u201c\u2026Quiero decirles que el 30 de noviembre de 2018 c\u00e9lebre un Acuerdo Reparatorio de impuestos ante la FGR y pagu\u00e9 13.5 MDP. No entiendo porque desconocen ese pago. Continuar\u00e9 presentando mi defensa ante las instancias judiciales a las que expreso mi respeto\u201d, indic\u00f3 In\u00e9s en su bolet\u00edn.<\/p>\n\n\n\n<p>Adem\u00e1s, en sus redes sociales, In\u00e9s ha asegurado que es inocente del presunto delito de lavado de dinero, y calific\u00f3 todo como una gran injusticia.<\/p>\n\n\n\n<p>Hay que decir que no s\u00f3lo se desconoce el paradero de In\u00e9s y V\u00edctor, sino tambi\u00e9n el de sus seis hijos (4 de otro matrimonio y 2 que tuvo con V\u00edctor), pues se asume que salieron con ellos fuera del pa\u00eds.<\/p>\n\n\n\n<p>Y aunque ya ha pasado a\u00f1o y medio desde que surgieron los problemas legales para la pareja, se espera que su situaci\u00f3n no se arregle pronto, aunque tienen contratado a un excelente equipo de abogados, supervisados por el pap\u00e1 de In\u00e9s, Jos\u00e9 G\u00f3mez-Mont, quien es una persona muy influyente en el mundo del Derecho en M\u00e9xico.<\/p>\n","protected":false},"excerpt":{"rendered":"<p>Poco a poco, el proceso legal de In\u00e9s G\u00f3mez Mont avanza, y ahora ha logrado una victoria significativa. Y es que, de acuerdo con el portal Latinus, el Sexto Tribunal Colegiado en Materia Penal confirm\u00f3 el amparo otorgado a la conductora contra la orden de aprehensi\u00f3n en su contra por el delito de defraudaci\u00f3n fiscal [&hellip;]<\/p>\n","protected":false},"author":1,"featured_media":1140,"comment_status":"open","ping_status":"open","sticky":false,"template":"","format":"standard","meta":{"footnotes":""},"categories":[3],"tags":[],"class_list":["post-1139","post","type-post","status-publish","format-standard","has-post-thumbnail","hentry","category-entretenimiento"],"blog_post_layout_featured_media_urls":{"thumbnail":["https:\/\/elregionaldigital.info\/wp-content\/uploads\/2023\/04\/Ines-Gomez-Mont-150x150.jpg",150,150,true],"full":["https:\/\/elregionaldigital.info\/wp-content\/uploads\/2023\/04\/Ines-Gomez-Mont.jpg",500,300,false]},"categories_names":{"3":{"name":"Entretenimiento","link":"https:\/\/elregionaldigital.info\/?cat=3"}},"tags_names":[],"comments_number":"0","wpmagazine_modules_lite_featured_media_urls":{"thumbnail":["https:\/\/elregionaldigital.info\/wp-content\/uploads\/2023\/04\/Ines-Gomez-Mont-150x150.jpg",150,150,true],"cvmm-medium":["https:\/\/elregionaldigital.info\/wp-content\/uploads\/2023\/04\/Ines-Gomez-Mont-300x300.jpg",300,300,true],"cvmm-medium-plus":["https:\/\/elregionaldigital.info\/wp-content\/uploads\/2023\/04\/Ines-Gomez-Mont-305x207.jpg",305,207,true],"cvmm-portrait":["https:\/\/elregionaldigital.info\/wp-content\/uploads\/2023\/04\/Ines-Gomez-Mont-400x300.jpg",400,300,true],"cvmm-medium-square":["https:\/\/elregionaldigital.info\/wp-content\/uploads\/2023\/04\/Ines-Gomez-Mont.jpg",500,300,false],"cvmm-large":["https:\/\/elregionaldigital.info\/wp-content\/uploads\/2023\/04\/Ines-Gomez-Mont.jpg",500,300,false],"cvmm-small":["https:\/\/elregionaldigital.info\/wp-content\/uploads\/2023\/04\/Ines-Gomez-Mont-130x95.jpg",130,95,true],"full":["https:\/\/elregionaldigital.info\/wp-content\/uploads\/2023\/04\/Ines-Gomez-Mont.jpg",500,300,false]},"_links":{"self":[{"href":"https:\/\/elregionaldigital.info\/index.php?rest_route=\/wp\/v2\/posts\/1139","targetHints":{"allow":["GET"]}}],"collection":[{"href":"https:\/\/elregionaldigital.info\/index.php?rest_route=\/wp\/v2\/posts"}],"about":[{"href":"https:\/\/elregionaldigital.info\/index.php?rest_route=\/wp\/v2\/types\/post"}],"author":[{"embeddable":true,"href":"https:\/\/elregionaldigital.info\/index.php?rest_route=\/wp\/v2\/users\/1"}],"replies":[{"embeddable":true,"href":"https:\/\/elregionaldigital.info\/index.php?rest_route=%2Fwp%2Fv2%2Fcomments&post=1139"}],"version-history":[{"count":1,"href":"https:\/\/elregionaldigital.info\/index.php?rest_route=\/wp\/v2\/posts\/1139\/revisions"}],"predecessor-version":[{"id":1141,"href":"https:\/\/elregionaldigital.info\/index.php?rest_route=\/wp\/v2\/posts\/1139\/revisions\/1141"}],"wp:featuredmedia":[{"embeddable":true,"href":"https:\/\/elregionaldigital.info\/index.php?rest_route=\/wp\/v2\/media\/1140"}],"wp:attachment":[{"href":"https:\/\/elregionaldigital.info\/index.php?rest_route=%2Fwp%2Fv2%2Fmedia&parent=1139"}],"wp:term":[{"taxonomy":"category","embeddable":true,"href":"https:\/\/elregionaldigital.info\/index.php?rest_route=%2Fwp%2Fv2%2Fcategories&post=1139"},{"taxonomy":"post_tag","embeddable":true,"href":"https:\/\/elregionaldigital.info\/index.php?rest_route=%2Fwp%2Fv2%2Ftags&post=1139"}],"curies":[{"name":"wp","href":"https:\/\/api.w.org\/{rel}","templated":true}]}}