{"id":1136,"date":"2023-04-15T14:03:00","date_gmt":"2023-04-15T14:03:00","guid":{"rendered":"http:\/\/elregionaldigital.info\/?p=1136"},"modified":"2023-04-28T02:04:29","modified_gmt":"2023-04-28T02:04:29","slug":"bad-bunny-convierte-el-festival-de-coachella-en-capital-del-regueton","status":"publish","type":"post","link":"https:\/\/elregionaldigital.info\/?p=1136","title":{"rendered":"Bad Bunny convierte el Festival de Coachella en capital del reguet\u00f3n"},"content":{"rendered":"\n<figure class=\"wp-block-image size-full\"><img loading=\"lazy\" decoding=\"async\" width=\"500\" height=\"300\" src=\"http:\/\/elregionaldigital.info\/wp-content\/uploads\/2023\/04\/Bad-Bunny.jpg\" alt=\"\" class=\"wp-image-1137\" srcset=\"https:\/\/elregionaldigital.info\/wp-content\/uploads\/2023\/04\/Bad-Bunny.jpg 500w, https:\/\/elregionaldigital.info\/wp-content\/uploads\/2023\/04\/Bad-Bunny-300x180.jpg 300w\" sizes=\"auto, (max-width: 500px) 100vw, 500px\" \/><\/figure>\n\n\n\n<p>Bad Bunny, que llegaba como cabeza de cartel al Festival de Coachella 2023, conquist\u00f3 uno de los eventos musicales m\u00e1s importantes de Estados Unidos con un concierto de m\u00e1s de dos horas que puso a bailar a varias decenas de miles de seguidores en la ciudad des\u00e9rtica de Indio (California).<\/p>\n\n\n\n<p>\u201cEstamos en el Festival de Coachella, un lugar de inspiraci\u00f3n y donde se da respuesta a muchas preguntas. (\u2026) Grandes artistas han pasado por aqu\u00ed. (\u2026) Espero que sea mi primera vez cerrando una jornada de este festival, pero no la \u00faltima\u201d, introdujo el puertorrique\u00f1o, consciente de la importancia de la cita este viernes.<\/p>\n\n\n\n<p>El Empire Polo Club fue testigo del primer d\u00eda de esta nueva edici\u00f3n a la que asistieron m\u00e1s de 120,000 personas -lleno absoluto- y en la que tambi\u00e9n actuaron artistas como Gorillaz, Blondie, The Chemical Brothers, Blink-182 o Becky G.<\/p>\n\n\n\n<p>Sin embargo, el gran momento de la tarde-noche fue el show de \u201cEl Conejo Malo\u201d, que se prodig\u00f3 con toda una demostraci\u00f3n de versatilidad en cuanto a su performance, con tiempo para grandes coreograf\u00edas, juego de pantallas, uso de l\u00e1seres, interacci\u00f3n con objetos reales como una moto de agua y hasta fuegos artificiales.<\/p>\n\n\n\n<p>Y es que el creador de \u201cUn verano sin ti\u201d se mostr\u00f3 realmente enfocado en cumplir con las grandes expectativas depositadas en \u00e9l y lograr otro hito en su carrera: encabezar el Festival de Coachella, en el que ya hab\u00eda participado en 2019.<\/p>\n\n\n\n<p>\u201cAhora todos quieren ser latinos\u201d, expres\u00f3 en varias ocasiones a lo largo de un concierto en el que volvi\u00f3 a poner de manifiesto c\u00f3mo su carrera ha contribuido a consagrar la m\u00fasica en espa\u00f1ol como una de las m\u00e1s escuchadas internacionalmente en la actualidad.<\/p>\n\n\n\n<p>Durante su actuaci\u00f3n, el puertorrique\u00f1o tambi\u00e9n honr\u00f3 a quienes abrieron las puertas de los ritmos caribe\u00f1os en Estados Unidos con un homenaje a sus ra\u00edces en el que se mencion\u00f3 a H\u00e9ctor Lavoe, Tito Puente y Celia Cruz, as\u00ed como a reguetoneros pioneros como Daddy Yankee y Tego Calder\u00f3n, entre otros.<\/p>\n\n\n\n<p>\u201cEst\u00e1 siendo incre\u00edble, es una locura ver d\u00f3nde ha llegado el reguet\u00f3n\u201d, dijo Santos, un joven californiano que asisti\u00f3 al festival, en declaraciones a EFE durante el concierto.<\/p>\n\n\n\n<p>\u201cEl show est\u00e1 demostrando por qu\u00e9 tiene tanto \u00e9xito y mira qu\u00e9 colaboraciones trae\u201d, a\u00f1adi\u00f3 Sara, una neoyorquina desplazada hasta Indio este fin de semana, despu\u00e9s de que cantantes como \u00d1engo Flow, Post Malone o Jhay Cortez subieran al escenario con Bad Bunny.<\/p>\n\n\n\n<p>Antes del concierto estelar del int\u00e9rprete de \u201cOjitos lindos\u201d, el rock de la banda estadounidense Blondie hab\u00eda puesto a saltar al p\u00fablico del Festival de Coachella con temas como \u201cHanging on the Telephone\u201d o \u201cCall Me\u201d, bajo la batuta de la ic\u00f3nica Debbie Harry.<\/p>\n\n\n\n<p>La agrupaci\u00f3n alternativa Gorillaz fue otro de los principales nombres de la jornada, con una puesta en escena cargada de coloridos efectos visuales que hicieron enloquecer a sus seguidores en la parte final del espect\u00e1culo, cuando interpretaron \u00e9xitos como \u201cFeel Good Inc.\u201d o \u201cClint Eastwood\u201d.<\/p>\n\n\n\n<p>\u201cEs la segunda vez que los veo, ha sido genial porque cantaron muchas canciones nuevas. Estuvo bellaco, aunque he de decir que estuvieron m\u00e1s tranquilos que en otras ocasiones\u201d, brome\u00f3 el mexicano Alejandro, que viaj\u00f3 desde Ciudad Ju\u00e1rez (M\u00e9xico) hasta Coachella.<\/p>\n\n\n\n<p>Un protagonismo compartido con el pop punk de Blink-182, que regresaban juntos a los escenarios tras 9 a\u00f1os y decidieron abrir su show con \u201cFamily Reunion\u201d, un tema estrenado con \u00e9xito en el a\u00f1o 2000 y que fue recibido con tanto entusiasmo este viernes como sus legendarias canciones \u201cAll the Small Things\u201d y \u201cI Miss You\u201d.<\/p>\n\n\n\n<p>Por otra parte, el rap de la Costa Este estadounidense hizo cabecear a los fans de corte m\u00e1s hip-hop gracias a las aclamadas actuaciones del neoyorquino Pusha-T y de la joven Doechii, natural de Florida (EE.UU.); mientras que las melod\u00edas \u201cafrobeat\u201d ensalzaron al nigeriano Burna Boy y su tema \u201cLast Last\u201d.<\/p>\n\n\n\n<p>La representaci\u00f3n hispana, adem\u00e1s de Bad Bunny, corri\u00f3 a cargo de la californiana con ra\u00edces mexicanas Becky G que, tal como hiciera la colombiana Karol G con ella el a\u00f1o pasado, se present\u00f3 en solitario pero invit\u00f3 al show a otros cantantes latinos como la dominicana Natti Natasha o el mexicano Peso Pluma.<\/p>\n\n\n\n<p>Coachella 2023, que repite distribuci\u00f3n el fin de semana que viene, contin\u00faa este s\u00e1bado con un cartel liderado por el grupo de k-pop Blackpink y por la espa\u00f1ola Rosal\u00eda, mientras que el domingo la jornada estar\u00e1 encabezada por el cantautor estadounidense Frank Ocean y la artista islandesa Bj\u00f6rk.<\/p>\n","protected":false},"excerpt":{"rendered":"<p>Bad Bunny, que llegaba como cabeza de cartel al Festival de Coachella 2023, conquist\u00f3 uno de los eventos musicales m\u00e1s importantes de Estados Unidos con un concierto de m\u00e1s de dos horas que puso a bailar a varias decenas de miles de seguidores en la ciudad des\u00e9rtica de Indio (California). \u201cEstamos en el Festival de [&hellip;]<\/p>\n","protected":false},"author":1,"featured_media":1137,"comment_status":"open","ping_status":"open","sticky":false,"template":"","format":"standard","meta":{"footnotes":""},"categories":[3],"tags":[],"class_list":["post-1136","post","type-post","status-publish","format-standard","has-post-thumbnail","hentry","category-entretenimiento"],"blog_post_layout_featured_media_urls":{"thumbnail":["https:\/\/elregionaldigital.info\/wp-content\/uploads\/2023\/04\/Bad-Bunny-150x150.jpg",150,150,true],"full":["https:\/\/elregionaldigital.info\/wp-content\/uploads\/2023\/04\/Bad-Bunny.jpg",500,300,false]},"categories_names":{"3":{"name":"Entretenimiento","link":"https:\/\/elregionaldigital.info\/?cat=3"}},"tags_names":[],"comments_number":"0","wpmagazine_modules_lite_featured_media_urls":{"thumbnail":["https:\/\/elregionaldigital.info\/wp-content\/uploads\/2023\/04\/Bad-Bunny-150x150.jpg",150,150,true],"cvmm-medium":["https:\/\/elregionaldigital.info\/wp-content\/uploads\/2023\/04\/Bad-Bunny-300x300.jpg",300,300,true],"cvmm-medium-plus":["https:\/\/elregionaldigital.info\/wp-content\/uploads\/2023\/04\/Bad-Bunny-305x207.jpg",305,207,true],"cvmm-portrait":["https:\/\/elregionaldigital.info\/wp-content\/uploads\/2023\/04\/Bad-Bunny-400x300.jpg",400,300,true],"cvmm-medium-square":["https:\/\/elregionaldigital.info\/wp-content\/uploads\/2023\/04\/Bad-Bunny.jpg",500,300,false],"cvmm-large":["https:\/\/elregionaldigital.info\/wp-content\/uploads\/2023\/04\/Bad-Bunny.jpg",500,300,false],"cvmm-small":["https:\/\/elregionaldigital.info\/wp-content\/uploads\/2023\/04\/Bad-Bunny-130x95.jpg",130,95,true],"full":["https:\/\/elregionaldigital.info\/wp-content\/uploads\/2023\/04\/Bad-Bunny.jpg",500,300,false]},"_links":{"self":[{"href":"https:\/\/elregionaldigital.info\/index.php?rest_route=\/wp\/v2\/posts\/1136","targetHints":{"allow":["GET"]}}],"collection":[{"href":"https:\/\/elregionaldigital.info\/index.php?rest_route=\/wp\/v2\/posts"}],"about":[{"href":"https:\/\/elregionaldigital.info\/index.php?rest_route=\/wp\/v2\/types\/post"}],"author":[{"embeddable":true,"href":"https:\/\/elregionaldigital.info\/index.php?rest_route=\/wp\/v2\/users\/1"}],"replies":[{"embeddable":true,"href":"https:\/\/elregionaldigital.info\/index.php?rest_route=%2Fwp%2Fv2%2Fcomments&post=1136"}],"version-history":[{"count":1,"href":"https:\/\/elregionaldigital.info\/index.php?rest_route=\/wp\/v2\/posts\/1136\/revisions"}],"predecessor-version":[{"id":1138,"href":"https:\/\/elregionaldigital.info\/index.php?rest_route=\/wp\/v2\/posts\/1136\/revisions\/1138"}],"wp:featuredmedia":[{"embeddable":true,"href":"https:\/\/elregionaldigital.info\/index.php?rest_route=\/wp\/v2\/media\/1137"}],"wp:attachment":[{"href":"https:\/\/elregionaldigital.info\/index.php?rest_route=%2Fwp%2Fv2%2Fmedia&parent=1136"}],"wp:term":[{"taxonomy":"category","embeddable":true,"href":"https:\/\/elregionaldigital.info\/index.php?rest_route=%2Fwp%2Fv2%2Fcategories&post=1136"},{"taxonomy":"post_tag","embeddable":true,"href":"https:\/\/elregionaldigital.info\/index.php?rest_route=%2Fwp%2Fv2%2Ftags&post=1136"}],"curies":[{"name":"wp","href":"https:\/\/api.w.org\/{rel}","templated":true}]}}