{"id":1124,"date":"2023-04-21T13:36:00","date_gmt":"2023-04-21T13:36:00","guid":{"rendered":"http:\/\/elregionaldigital.info\/?p=1124"},"modified":"2023-04-28T01:38:20","modified_gmt":"2023-04-28T01:38:20","slug":"andy-ruiz-ante-tyson-fury-por-el-campeonato-de-peso-pesado","status":"publish","type":"post","link":"https:\/\/elregionaldigital.info\/?p=1124","title":{"rendered":"Andy Ruiz ante Tyson Fury por el Campeonato de Peso Pesado"},"content":{"rendered":"\n<figure class=\"wp-block-image size-full\"><img loading=\"lazy\" decoding=\"async\" width=\"500\" height=\"300\" src=\"http:\/\/elregionaldigital.info\/wp-content\/uploads\/2023\/04\/Andy-Ruiz.jpg\" alt=\"\" class=\"wp-image-1125\" srcset=\"https:\/\/elregionaldigital.info\/wp-content\/uploads\/2023\/04\/Andy-Ruiz.jpg 500w, https:\/\/elregionaldigital.info\/wp-content\/uploads\/2023\/04\/Andy-Ruiz-300x180.jpg 300w\" sizes=\"auto, (max-width: 500px) 100vw, 500px\" \/><\/figure>\n\n\n\n<p>Andy \u201cDestroyer\u201d Ruiz&nbsp;lleva varios meses tratando de conseguir una pelea contra un boxeador de talla mundial como&nbsp;Deonta Wilder o Tyson Fury.<\/p>\n\n\n\n<p>Hoy el promotor del boxeador brit\u00e1nico acept\u00f3 que se enfrentar\u00e1&nbsp;al mexicano&nbsp;en julio.<\/p>\n\n\n\n<p>Fury estaba programado a enfrentarse al p\u00fagil ucraniano&nbsp;Oleksandr Usyk, sin embargo, al final no lograron llegar a un acuerdo por lo que la pelea no se llevar\u00e1 a cabo. La baja de Usyk abri\u00f3 la puerta al mexicano para pelear por el t\u00edtulo del&nbsp;CMB.<\/p>\n\n\n\n<p>Eddie Hearn, promotor de Fury, expres\u00f3 en una entrevista para Boxing Kings Media, que el siguiente rival del boxeador ser\u00eda: \u2018Andy Ruiz, 22 de julio\u2019. Adem\u00e1s de esto, Hearn anunci\u00f3 que el boxeador tendr\u00e1 \u2018noticias masivas\u2019 en los pr\u00f3ximos d\u00edas.<\/p>\n\n\n\n<p>La pelea se llevar\u00e1 a cabo en el Estado Wembley. Este encuentro ser\u00e1 una preliminar para una megafunci\u00f3n en Arabia Saudita en diciembre, con Deonta Wilder o Usyk.<\/p>\n\n\n\n<p>Andy Ruiz no pelea desde septiembre del a\u00f1o pasado, cuando logr\u00f3 vencer al el cubano&nbsp;Luis \u2018King Kong\u2019 Ortiz&nbsp;en 12 asaltos con decisi\u00f3n un\u00e1nime.<\/p>\n","protected":false},"excerpt":{"rendered":"<p>Andy \u201cDestroyer\u201d Ruiz&nbsp;lleva varios meses tratando de conseguir una pelea contra un boxeador de talla mundial como&nbsp;Deonta Wilder o Tyson Fury. Hoy el promotor del boxeador brit\u00e1nico acept\u00f3 que se enfrentar\u00e1&nbsp;al mexicano&nbsp;en julio. Fury estaba programado a enfrentarse al p\u00fagil ucraniano&nbsp;Oleksandr Usyk, sin embargo, al final no lograron llegar a un acuerdo por lo que [&hellip;]<\/p>\n","protected":false},"author":1,"featured_media":1125,"comment_status":"open","ping_status":"open","sticky":false,"template":"","format":"standard","meta":{"footnotes":""},"categories":[6],"tags":[],"class_list":["post-1124","post","type-post","status-publish","format-standard","has-post-thumbnail","hentry","category-deportes"],"blog_post_layout_featured_media_urls":{"thumbnail":["https:\/\/elregionaldigital.info\/wp-content\/uploads\/2023\/04\/Andy-Ruiz-150x150.jpg",150,150,true],"full":["https:\/\/elregionaldigital.info\/wp-content\/uploads\/2023\/04\/Andy-Ruiz.jpg",500,300,false]},"categories_names":{"6":{"name":"Deportes","link":"https:\/\/elregionaldigital.info\/?cat=6"}},"tags_names":[],"comments_number":"0","wpmagazine_modules_lite_featured_media_urls":{"thumbnail":["https:\/\/elregionaldigital.info\/wp-content\/uploads\/2023\/04\/Andy-Ruiz-150x150.jpg",150,150,true],"cvmm-medium":["https:\/\/elregionaldigital.info\/wp-content\/uploads\/2023\/04\/Andy-Ruiz-300x300.jpg",300,300,true],"cvmm-medium-plus":["https:\/\/elregionaldigital.info\/wp-content\/uploads\/2023\/04\/Andy-Ruiz-305x207.jpg",305,207,true],"cvmm-portrait":["https:\/\/elregionaldigital.info\/wp-content\/uploads\/2023\/04\/Andy-Ruiz-400x300.jpg",400,300,true],"cvmm-medium-square":["https:\/\/elregionaldigital.info\/wp-content\/uploads\/2023\/04\/Andy-Ruiz.jpg",500,300,false],"cvmm-large":["https:\/\/elregionaldigital.info\/wp-content\/uploads\/2023\/04\/Andy-Ruiz.jpg",500,300,false],"cvmm-small":["https:\/\/elregionaldigital.info\/wp-content\/uploads\/2023\/04\/Andy-Ruiz-130x95.jpg",130,95,true],"full":["https:\/\/elregionaldigital.info\/wp-content\/uploads\/2023\/04\/Andy-Ruiz.jpg",500,300,false]},"_links":{"self":[{"href":"https:\/\/elregionaldigital.info\/index.php?rest_route=\/wp\/v2\/posts\/1124","targetHints":{"allow":["GET"]}}],"collection":[{"href":"https:\/\/elregionaldigital.info\/index.php?rest_route=\/wp\/v2\/posts"}],"about":[{"href":"https:\/\/elregionaldigital.info\/index.php?rest_route=\/wp\/v2\/types\/post"}],"author":[{"embeddable":true,"href":"https:\/\/elregionaldigital.info\/index.php?rest_route=\/wp\/v2\/users\/1"}],"replies":[{"embeddable":true,"href":"https:\/\/elregionaldigital.info\/index.php?rest_route=%2Fwp%2Fv2%2Fcomments&post=1124"}],"version-history":[{"count":1,"href":"https:\/\/elregionaldigital.info\/index.php?rest_route=\/wp\/v2\/posts\/1124\/revisions"}],"predecessor-version":[{"id":1126,"href":"https:\/\/elregionaldigital.info\/index.php?rest_route=\/wp\/v2\/posts\/1124\/revisions\/1126"}],"wp:featuredmedia":[{"embeddable":true,"href":"https:\/\/elregionaldigital.info\/index.php?rest_route=\/wp\/v2\/media\/1125"}],"wp:attachment":[{"href":"https:\/\/elregionaldigital.info\/index.php?rest_route=%2Fwp%2Fv2%2Fmedia&parent=1124"}],"wp:term":[{"taxonomy":"category","embeddable":true,"href":"https:\/\/elregionaldigital.info\/index.php?rest_route=%2Fwp%2Fv2%2Fcategories&post=1124"},{"taxonomy":"post_tag","embeddable":true,"href":"https:\/\/elregionaldigital.info\/index.php?rest_route=%2Fwp%2Fv2%2Ftags&post=1124"}],"curies":[{"name":"wp","href":"https:\/\/api.w.org\/{rel}","templated":true}]}}