{"id":1121,"date":"2023-04-27T13:31:00","date_gmt":"2023-04-27T13:31:00","guid":{"rendered":"http:\/\/elregionaldigital.info\/?p=1121"},"modified":"2023-04-28T01:39:16","modified_gmt":"2023-04-28T01:39:16","slug":"el-unico-objetivo-es-la-reclasificacion-mohamed","status":"publish","type":"post","link":"https:\/\/elregionaldigital.info\/?p=1121","title":{"rendered":"\u201cEl \u00fanico objetivo es la reclasificaci\u00f3n\u201d: Mohamed"},"content":{"rendered":"\n<figure class=\"wp-block-image size-full\"><img loading=\"lazy\" decoding=\"async\" width=\"500\" height=\"300\" src=\"http:\/\/elregionaldigital.info\/wp-content\/uploads\/2023\/04\/Antonio-Mohamed-1.jpg\" alt=\"\" class=\"wp-image-1122\" srcset=\"https:\/\/elregionaldigital.info\/wp-content\/uploads\/2023\/04\/Antonio-Mohamed-1.jpg 500w, https:\/\/elregionaldigital.info\/wp-content\/uploads\/2023\/04\/Antonio-Mohamed-1-300x180.jpg 300w\" sizes=\"auto, (max-width: 500px) 100vw, 500px\" \/><\/figure>\n\n\n\n<p>Pumas se jugar\u00e1 ante Rayados su \u00faltima oportunidad de clasificar al repechaje de la Liga MX este s\u00e1bado, un duelo con un sabor muy especial para Antonio Mohamed, quien previo al duelo sentenci\u00f3 que su \u00fanica misi\u00f3n es llevar al cuadro universitario a la siguiente ronda del Clausura 2023.<\/p>\n\n\n\n<p>\u201cLos objetivos en puntos son significativos. Llegamos en una posici\u00f3n muy inc\u00f3moda, con muchos equipos por delante, hemos hechos buenos puntos y no servir\u00eda de nada si no calificamos. Nuestro m\u00e1ximo objetivo es terminar el juego y estar dentro de los doce\u201d.<\/p>\n\n\n\n<p>El t\u00e9cnico universitario, agreg\u00f3 que de obtener un resultado positivo, avanzar y ser de los ocho finales, su equipo tiene toda la capacidad para ser uno de los favoritos y con ello, levantar el t\u00edtulo.<\/p>\n\n\n\n<p>\u201cLos candidatos son los primeros cuatro lugares y nosotros no podemos pensar en otra cosa que no sea el s\u00e1bado. Despu\u00e9s de entrar entre los ocho, all\u00ed s\u00ed podemos ser candidatos por el momento psicol\u00f3gico\u201d.<\/p>\n\n\n\n<p>Por \u00faltimo, Mohamed record\u00f3 lo ocurrido el pasado s\u00e1bado en la cancha del Estadio Azteca, inmueble que lo vio salir expulsado tras una discusi\u00f3n con el cuarto \u00e1rbitro, Eduardo Galv\u00e1n Basulto.<\/p>\n\n\n\n<p>\u201cLe ped\u00ed que el r\u00e9gimen de tarjetas fuera el mismo, \u00e9l me pidi\u00f3 que no hiciera ademanes y me dijo \u2018si quieres gr\u00edtame en la cara\u2019. Le grit\u00e9 y me expuls\u00f3, as\u00ed fue\u201d, finaliz\u00f3.<\/p>\n","protected":false},"excerpt":{"rendered":"<p>Pumas se jugar\u00e1 ante Rayados su \u00faltima oportunidad de clasificar al repechaje de la Liga MX este s\u00e1bado, un duelo con un sabor muy especial para Antonio Mohamed, quien previo al duelo sentenci\u00f3 que su \u00fanica misi\u00f3n es llevar al cuadro universitario a la siguiente ronda del Clausura 2023. \u201cLos objetivos en puntos son significativos. [&hellip;]<\/p>\n","protected":false},"author":1,"featured_media":1122,"comment_status":"open","ping_status":"open","sticky":false,"template":"","format":"standard","meta":{"footnotes":""},"categories":[6],"tags":[],"class_list":["post-1121","post","type-post","status-publish","format-standard","has-post-thumbnail","hentry","category-deportes"],"blog_post_layout_featured_media_urls":{"thumbnail":["https:\/\/elregionaldigital.info\/wp-content\/uploads\/2023\/04\/Antonio-Mohamed-1-150x150.jpg",150,150,true],"full":["https:\/\/elregionaldigital.info\/wp-content\/uploads\/2023\/04\/Antonio-Mohamed-1.jpg",500,300,false]},"categories_names":{"6":{"name":"Deportes","link":"https:\/\/elregionaldigital.info\/?cat=6"}},"tags_names":[],"comments_number":"0","wpmagazine_modules_lite_featured_media_urls":{"thumbnail":["https:\/\/elregionaldigital.info\/wp-content\/uploads\/2023\/04\/Antonio-Mohamed-1-150x150.jpg",150,150,true],"cvmm-medium":["https:\/\/elregionaldigital.info\/wp-content\/uploads\/2023\/04\/Antonio-Mohamed-1-300x300.jpg",300,300,true],"cvmm-medium-plus":["https:\/\/elregionaldigital.info\/wp-content\/uploads\/2023\/04\/Antonio-Mohamed-1-305x207.jpg",305,207,true],"cvmm-portrait":["https:\/\/elregionaldigital.info\/wp-content\/uploads\/2023\/04\/Antonio-Mohamed-1-400x300.jpg",400,300,true],"cvmm-medium-square":["https:\/\/elregionaldigital.info\/wp-content\/uploads\/2023\/04\/Antonio-Mohamed-1.jpg",500,300,false],"cvmm-large":["https:\/\/elregionaldigital.info\/wp-content\/uploads\/2023\/04\/Antonio-Mohamed-1.jpg",500,300,false],"cvmm-small":["https:\/\/elregionaldigital.info\/wp-content\/uploads\/2023\/04\/Antonio-Mohamed-1-130x95.jpg",130,95,true],"full":["https:\/\/elregionaldigital.info\/wp-content\/uploads\/2023\/04\/Antonio-Mohamed-1.jpg",500,300,false]},"_links":{"self":[{"href":"https:\/\/elregionaldigital.info\/index.php?rest_route=\/wp\/v2\/posts\/1121","targetHints":{"allow":["GET"]}}],"collection":[{"href":"https:\/\/elregionaldigital.info\/index.php?rest_route=\/wp\/v2\/posts"}],"about":[{"href":"https:\/\/elregionaldigital.info\/index.php?rest_route=\/wp\/v2\/types\/post"}],"author":[{"embeddable":true,"href":"https:\/\/elregionaldigital.info\/index.php?rest_route=\/wp\/v2\/users\/1"}],"replies":[{"embeddable":true,"href":"https:\/\/elregionaldigital.info\/index.php?rest_route=%2Fwp%2Fv2%2Fcomments&post=1121"}],"version-history":[{"count":1,"href":"https:\/\/elregionaldigital.info\/index.php?rest_route=\/wp\/v2\/posts\/1121\/revisions"}],"predecessor-version":[{"id":1123,"href":"https:\/\/elregionaldigital.info\/index.php?rest_route=\/wp\/v2\/posts\/1121\/revisions\/1123"}],"wp:featuredmedia":[{"embeddable":true,"href":"https:\/\/elregionaldigital.info\/index.php?rest_route=\/wp\/v2\/media\/1122"}],"wp:attachment":[{"href":"https:\/\/elregionaldigital.info\/index.php?rest_route=%2Fwp%2Fv2%2Fmedia&parent=1121"}],"wp:term":[{"taxonomy":"category","embeddable":true,"href":"https:\/\/elregionaldigital.info\/index.php?rest_route=%2Fwp%2Fv2%2Fcategories&post=1121"},{"taxonomy":"post_tag","embeddable":true,"href":"https:\/\/elregionaldigital.info\/index.php?rest_route=%2Fwp%2Fv2%2Ftags&post=1121"}],"curies":[{"name":"wp","href":"https:\/\/api.w.org\/{rel}","templated":true}]}}