{"id":1118,"date":"2023-04-06T01:29:08","date_gmt":"2023-04-06T01:29:08","guid":{"rendered":"http:\/\/elregionaldigital.info\/?p=1118"},"modified":"2023-04-28T01:30:38","modified_gmt":"2023-04-28T01:30:38","slug":"designa-ine-a-titular-de-secretaria-ejecutiva","status":"publish","type":"post","link":"https:\/\/elregionaldigital.info\/?p=1118","title":{"rendered":"Designa INE a titular de Secretar\u00eda Ejecutiva"},"content":{"rendered":"\n<figure class=\"wp-block-image size-full\"><img loading=\"lazy\" decoding=\"async\" width=\"500\" height=\"300\" src=\"http:\/\/elregionaldigital.info\/wp-content\/uploads\/2023\/04\/Miguel-Angel-Patino-Arroyo.jpg\" alt=\"\" class=\"wp-image-1119\" srcset=\"https:\/\/elregionaldigital.info\/wp-content\/uploads\/2023\/04\/Miguel-Angel-Patino-Arroyo.jpg 500w, https:\/\/elregionaldigital.info\/wp-content\/uploads\/2023\/04\/Miguel-Angel-Patino-Arroyo-300x180.jpg 300w\" sizes=\"auto, (max-width: 500px) 100vw, 500px\" \/><\/figure>\n\n\n\n<p>La Consejera presidenta del Instituto Nacional Electoral (INE), Guadalupe Taddei Zavala, design\u00f3 a Miguel \u00c1ngel Pati\u00f1o Arroyo, como Secretario Ejecutivo, despu\u00e9s de que Edmundo Jacobo Molina renunciara al cargo.<\/p>\n\n\n\n<p>El nuevo Secretario Ejecutivo, quien tomar\u00e1 protesta ante el Consejo General la pr\u00f3xima semana, ocupar\u00e1 el puesto hasta que la Consejera presidenta presente un nuevo perfil que alcance los ocho votos de los consejeros necesarios para su aprobaci\u00f3n.<\/p>\n\n\n\n<p>Pati\u00f1o Arroyo se desempe\u00f1aba como titular de la Unidad T\u00e9cnica de Vinculaci\u00f3n con los Organismos P\u00fablicos Locales Electorales (OPLEs) desde 2015.<\/p>\n\n\n\n<p>Su perfil fue el elegido de entre los tres que se presentaron en la mesa luego de varias horas de discusi\u00f3n, aunque la Consejera presidenta dio la \u00faltima palabra al reconocer su trabajo en la coordinaci\u00f3n entre el Instituto con el OPLE de Sonora.<\/p>\n\n\n\n<p>El Secretario Ejecutivo del INE supervisa el trabajo de direcciones, y delegaciones estatales y distritales; est\u00e1 a cargo de la Unidad de lo Contencioso Electoral -que recibe las quejas de partidos y candidatos-; dise\u00f1a el presupuesto y avala las plazas a contratar.<\/p>\n\n\n\n<p>Su nombramiento temporal atiende la urgente impresi\u00f3n de credenciales de elector, con el nombre y firma del Secretario Ejecutivo, por lo que su nombre aparecer\u00e1 en sustituci\u00f3n al de Edmundo Jacobo.<\/p>\n\n\n\n<p>Pati\u00f1o es licenciado en Derecho por la Universidad Latina de Am\u00e9rica, Campus Morelia, Michoac\u00e1n; tiene maestr\u00eda en Gesti\u00f3n P\u00fablica Aplicada y en Instituciones y Procedimientos Electorales, as\u00ed como un diplomado en Administraci\u00f3n de Proyectos por el Instituto Tecnol\u00f3gico y de Estudios Superiores de Monterrey.<\/p>\n","protected":false},"excerpt":{"rendered":"<p>La Consejera presidenta del Instituto Nacional Electoral (INE), Guadalupe Taddei Zavala, design\u00f3 a Miguel \u00c1ngel Pati\u00f1o Arroyo, como Secretario Ejecutivo, despu\u00e9s de que Edmundo Jacobo Molina renunciara al cargo. El nuevo Secretario Ejecutivo, quien tomar\u00e1 protesta ante el Consejo General la pr\u00f3xima semana, ocupar\u00e1 el puesto hasta que la Consejera presidenta presente un nuevo perfil [&hellip;]<\/p>\n","protected":false},"author":1,"featured_media":1119,"comment_status":"open","ping_status":"open","sticky":false,"template":"","format":"standard","meta":{"footnotes":""},"categories":[5],"tags":[],"class_list":["post-1118","post","type-post","status-publish","format-standard","has-post-thumbnail","hentry","category-nacional"],"blog_post_layout_featured_media_urls":{"thumbnail":["https:\/\/elregionaldigital.info\/wp-content\/uploads\/2023\/04\/Miguel-Angel-Patino-Arroyo-150x150.jpg",150,150,true],"full":["https:\/\/elregionaldigital.info\/wp-content\/uploads\/2023\/04\/Miguel-Angel-Patino-Arroyo.jpg",500,300,false]},"categories_names":{"5":{"name":"Nacional","link":"https:\/\/elregionaldigital.info\/?cat=5"}},"tags_names":[],"comments_number":"0","wpmagazine_modules_lite_featured_media_urls":{"thumbnail":["https:\/\/elregionaldigital.info\/wp-content\/uploads\/2023\/04\/Miguel-Angel-Patino-Arroyo-150x150.jpg",150,150,true],"cvmm-medium":["https:\/\/elregionaldigital.info\/wp-content\/uploads\/2023\/04\/Miguel-Angel-Patino-Arroyo-300x300.jpg",300,300,true],"cvmm-medium-plus":["https:\/\/elregionaldigital.info\/wp-content\/uploads\/2023\/04\/Miguel-Angel-Patino-Arroyo-305x207.jpg",305,207,true],"cvmm-portrait":["https:\/\/elregionaldigital.info\/wp-content\/uploads\/2023\/04\/Miguel-Angel-Patino-Arroyo-400x300.jpg",400,300,true],"cvmm-medium-square":["https:\/\/elregionaldigital.info\/wp-content\/uploads\/2023\/04\/Miguel-Angel-Patino-Arroyo.jpg",500,300,false],"cvmm-large":["https:\/\/elregionaldigital.info\/wp-content\/uploads\/2023\/04\/Miguel-Angel-Patino-Arroyo.jpg",500,300,false],"cvmm-small":["https:\/\/elregionaldigital.info\/wp-content\/uploads\/2023\/04\/Miguel-Angel-Patino-Arroyo-130x95.jpg",130,95,true],"full":["https:\/\/elregionaldigital.info\/wp-content\/uploads\/2023\/04\/Miguel-Angel-Patino-Arroyo.jpg",500,300,false]},"_links":{"self":[{"href":"https:\/\/elregionaldigital.info\/index.php?rest_route=\/wp\/v2\/posts\/1118","targetHints":{"allow":["GET"]}}],"collection":[{"href":"https:\/\/elregionaldigital.info\/index.php?rest_route=\/wp\/v2\/posts"}],"about":[{"href":"https:\/\/elregionaldigital.info\/index.php?rest_route=\/wp\/v2\/types\/post"}],"author":[{"embeddable":true,"href":"https:\/\/elregionaldigital.info\/index.php?rest_route=\/wp\/v2\/users\/1"}],"replies":[{"embeddable":true,"href":"https:\/\/elregionaldigital.info\/index.php?rest_route=%2Fwp%2Fv2%2Fcomments&post=1118"}],"version-history":[{"count":1,"href":"https:\/\/elregionaldigital.info\/index.php?rest_route=\/wp\/v2\/posts\/1118\/revisions"}],"predecessor-version":[{"id":1120,"href":"https:\/\/elregionaldigital.info\/index.php?rest_route=\/wp\/v2\/posts\/1118\/revisions\/1120"}],"wp:featuredmedia":[{"embeddable":true,"href":"https:\/\/elregionaldigital.info\/index.php?rest_route=\/wp\/v2\/media\/1119"}],"wp:attachment":[{"href":"https:\/\/elregionaldigital.info\/index.php?rest_route=%2Fwp%2Fv2%2Fmedia&parent=1118"}],"wp:term":[{"taxonomy":"category","embeddable":true,"href":"https:\/\/elregionaldigital.info\/index.php?rest_route=%2Fwp%2Fv2%2Fcategories&post=1118"},{"taxonomy":"post_tag","embeddable":true,"href":"https:\/\/elregionaldigital.info\/index.php?rest_route=%2Fwp%2Fv2%2Ftags&post=1118"}],"curies":[{"name":"wp","href":"https:\/\/api.w.org\/{rel}","templated":true}]}}