{"id":1115,"date":"2023-04-13T01:00:54","date_gmt":"2023-04-13T01:00:54","guid":{"rendered":"http:\/\/elregionaldigital.info\/?p=1115"},"modified":"2023-04-28T01:02:20","modified_gmt":"2023-04-28T01:02:20","slug":"nombramientos-de-inai-seran-cuando-morena-diga-y-se-aguantan-salgado-macedonio","status":"publish","type":"post","link":"https:\/\/elregionaldigital.info\/?p=1115","title":{"rendered":"Nombramientos de Inai ser\u00e1n cuando Morena diga\u2026 y se aguantan: Salgado Macedonio"},"content":{"rendered":"\n<figure class=\"wp-block-image size-full\"><img loading=\"lazy\" decoding=\"async\" width=\"500\" height=\"300\" src=\"http:\/\/elregionaldigital.info\/wp-content\/uploads\/2023\/04\/Salgado-Macedonio.jpg\" alt=\"\" class=\"wp-image-1116\" srcset=\"https:\/\/elregionaldigital.info\/wp-content\/uploads\/2023\/04\/Salgado-Macedonio.jpg 500w, https:\/\/elregionaldigital.info\/wp-content\/uploads\/2023\/04\/Salgado-Macedonio-300x180.jpg 300w\" sizes=\"auto, (max-width: 500px) 100vw, 500px\" \/><\/figure>\n\n\n\n<p>El hombre no se anduvo por las ramas y tom\u00f3 al toro por los cuernos para responder de manera tajante la posici\u00f3n de Morena ante la imperiosas necesidad de poder nombrar a los comisionados que necesita el Instituto Nacional de Transparencia, Acceso a la Informaci\u00f3n y Protecci\u00f3n de Datos Personales (Inai).<\/p>\n\n\n\n<p>\u201c\u00bfCu\u00e1ndo se van a nombrar? \u00bfSaben cu\u00e1ndo? Cuando nosotros digamos porque ahora nosotros somos la mayor\u00eda. Antes ustedes eran la mayor\u00eda y decid\u00edan, pero ahora ya no, ya son una franca minor\u00eda, por lo tanto a\u00f1oran sus tiempos del pasado, as\u00ed que se aguantan aunque sigan trayendo lonas, no ser\u00e1 cuando ustedes digan\u201d, advirti\u00f3.<\/p>\n\n\n\n<p>En este sentido, Salgado Macedonio ironiz\u00f3 que \u201clos se\u00f1ores (de oposici\u00f3n)\u201d quieren los nombramientos de los comisionados faltantes del Inai \u201cporque si no se va a paralizar la transparencia\u201d.<\/p>\n\n\n\n<p>Sobre esta apreciaci\u00f3n, el legislador guerrerense se\u00f1al\u00f3 los carteles de los legisladores del PAN con la leyenda \u201cNombramientos del Inai \u00a1Ya!\u201d, y pidi\u00f3 al panista Dami\u00e1n Zepeda que saliera de ese partido para unirse al Grupo Plural.<\/p>\n\n\n\n<p>\u201c\u00bfY cu\u00e1ndo ha estado trabajando el \u00f3rgano de la transparencia, cu\u00e1ndo? \u00a1Ah, se va a paralizar! No, no se va a paralizar, ah\u00ed est\u00e1n ganando el doble que el Presidente de la Rep\u00fablica, ah\u00ed van a estar\u201d, adelant\u00f3.<\/p>\n\n\n\n<p>Vale recordar que ante la falta de nombramientos en el Inai, los comisionados de ese organismo no han podido sesionar.<\/p>\n\n\n\n<p>Blanca Lilia Ibarra, comisionada presidenta del Inai, refiri\u00f3 que no pudieron sesionar por falta de qu\u00f3rum legal, adem\u00e1s que en la sesi\u00f3n p\u00fablica se resolver\u00edan alrededor de 500 medios de impugnaci\u00f3n de la ciudadan\u00eda, \u201clos cuales quedar\u00e1n en espera hasta que se concluya el proceso de designaci\u00f3n en el Senado\u201d, aclar\u00f3.<\/p>\n","protected":false},"excerpt":{"rendered":"<p>El hombre no se anduvo por las ramas y tom\u00f3 al toro por los cuernos para responder de manera tajante la posici\u00f3n de Morena ante la imperiosas necesidad de poder nombrar a los comisionados que necesita el Instituto Nacional de Transparencia, Acceso a la Informaci\u00f3n y Protecci\u00f3n de Datos Personales (Inai). \u201c\u00bfCu\u00e1ndo se van a [&hellip;]<\/p>\n","protected":false},"author":1,"featured_media":1116,"comment_status":"open","ping_status":"open","sticky":false,"template":"","format":"standard","meta":{"footnotes":""},"categories":[5],"tags":[],"class_list":["post-1115","post","type-post","status-publish","format-standard","has-post-thumbnail","hentry","category-nacional"],"blog_post_layout_featured_media_urls":{"thumbnail":["https:\/\/elregionaldigital.info\/wp-content\/uploads\/2023\/04\/Salgado-Macedonio-150x150.jpg",150,150,true],"full":["https:\/\/elregionaldigital.info\/wp-content\/uploads\/2023\/04\/Salgado-Macedonio.jpg",500,300,false]},"categories_names":{"5":{"name":"Nacional","link":"https:\/\/elregionaldigital.info\/?cat=5"}},"tags_names":[],"comments_number":"0","wpmagazine_modules_lite_featured_media_urls":{"thumbnail":["https:\/\/elregionaldigital.info\/wp-content\/uploads\/2023\/04\/Salgado-Macedonio-150x150.jpg",150,150,true],"cvmm-medium":["https:\/\/elregionaldigital.info\/wp-content\/uploads\/2023\/04\/Salgado-Macedonio-300x300.jpg",300,300,true],"cvmm-medium-plus":["https:\/\/elregionaldigital.info\/wp-content\/uploads\/2023\/04\/Salgado-Macedonio-305x207.jpg",305,207,true],"cvmm-portrait":["https:\/\/elregionaldigital.info\/wp-content\/uploads\/2023\/04\/Salgado-Macedonio-400x300.jpg",400,300,true],"cvmm-medium-square":["https:\/\/elregionaldigital.info\/wp-content\/uploads\/2023\/04\/Salgado-Macedonio.jpg",500,300,false],"cvmm-large":["https:\/\/elregionaldigital.info\/wp-content\/uploads\/2023\/04\/Salgado-Macedonio.jpg",500,300,false],"cvmm-small":["https:\/\/elregionaldigital.info\/wp-content\/uploads\/2023\/04\/Salgado-Macedonio-130x95.jpg",130,95,true],"full":["https:\/\/elregionaldigital.info\/wp-content\/uploads\/2023\/04\/Salgado-Macedonio.jpg",500,300,false]},"_links":{"self":[{"href":"https:\/\/elregionaldigital.info\/index.php?rest_route=\/wp\/v2\/posts\/1115","targetHints":{"allow":["GET"]}}],"collection":[{"href":"https:\/\/elregionaldigital.info\/index.php?rest_route=\/wp\/v2\/posts"}],"about":[{"href":"https:\/\/elregionaldigital.info\/index.php?rest_route=\/wp\/v2\/types\/post"}],"author":[{"embeddable":true,"href":"https:\/\/elregionaldigital.info\/index.php?rest_route=\/wp\/v2\/users\/1"}],"replies":[{"embeddable":true,"href":"https:\/\/elregionaldigital.info\/index.php?rest_route=%2Fwp%2Fv2%2Fcomments&post=1115"}],"version-history":[{"count":1,"href":"https:\/\/elregionaldigital.info\/index.php?rest_route=\/wp\/v2\/posts\/1115\/revisions"}],"predecessor-version":[{"id":1117,"href":"https:\/\/elregionaldigital.info\/index.php?rest_route=\/wp\/v2\/posts\/1115\/revisions\/1117"}],"wp:featuredmedia":[{"embeddable":true,"href":"https:\/\/elregionaldigital.info\/index.php?rest_route=\/wp\/v2\/media\/1116"}],"wp:attachment":[{"href":"https:\/\/elregionaldigital.info\/index.php?rest_route=%2Fwp%2Fv2%2Fmedia&parent=1115"}],"wp:term":[{"taxonomy":"category","embeddable":true,"href":"https:\/\/elregionaldigital.info\/index.php?rest_route=%2Fwp%2Fv2%2Fcategories&post=1115"},{"taxonomy":"post_tag","embeddable":true,"href":"https:\/\/elregionaldigital.info\/index.php?rest_route=%2Fwp%2Fv2%2Ftags&post=1115"}],"curies":[{"name":"wp","href":"https:\/\/api.w.org\/{rel}","templated":true}]}}