{"id":1106,"date":"2023-04-25T00:45:25","date_gmt":"2023-04-25T00:45:25","guid":{"rendered":"http:\/\/elregionaldigital.info\/?p=1106"},"modified":"2023-04-28T00:46:47","modified_gmt":"2023-04-28T00:46:47","slug":"no-hay-motivo-valido-para-permitir-al-inai-sesionar-con-pleno-incompleto-ortiz-ahlf","status":"publish","type":"post","link":"https:\/\/elregionaldigital.info\/?p=1106","title":{"rendered":"No hay motivo v\u00e1lido para permitir al Inai sesionar con pleno incompleto: Ortiz Ahlf"},"content":{"rendered":"\n<figure class=\"wp-block-image size-full\"><img loading=\"lazy\" decoding=\"async\" width=\"500\" height=\"300\" src=\"http:\/\/elregionaldigital.info\/wp-content\/uploads\/2023\/04\/Ortiz-Ahlf.jpg\" alt=\"\" class=\"wp-image-1107\" srcset=\"https:\/\/elregionaldigital.info\/wp-content\/uploads\/2023\/04\/Ortiz-Ahlf.jpg 500w, https:\/\/elregionaldigital.info\/wp-content\/uploads\/2023\/04\/Ortiz-Ahlf-300x180.jpg 300w\" sizes=\"auto, (max-width: 500px) 100vw, 500px\" \/><\/figure>\n\n\n\n<p>No hay motivo v\u00e1lido para permitir que el Instituto Nacional de Transparencia, Acceso a la Informaci\u00f3n y Protecci\u00f3n de Datos Personales (Inai) sesione con un pleno incompleto, pues ello violar\u00eda el art\u00edculo 33 de la Ley Federal de Transparencia y Acceso a la Informaci\u00f3n P\u00fablica (LFTAIP), as\u00ed lo se\u00f1ala la ministra Loretta Ortiz Ahlf, en el acuerdo donde neg\u00f3 a ese \u00f3rgano aut\u00f3nomo la suspensi\u00f3n que solicit\u00f3.<\/p>\n\n\n\n<p>La Suprema Corte de Justicia de la Naci\u00f3n (SCJN) public\u00f3 este martes el acuerdo que contiene los argumentos legales en los que la ministra bas\u00f3 su decisi\u00f3n de negarle al Inai la medida cautelar, por lo que no podr\u00e1 funcionar hasta que el m\u00e1ximo tribunal solucione el fondo de este caso.<\/p>\n\n\n\n<p>\u201cNo resulta jur\u00eddicamente posible conceder la suspensi\u00f3n solicitada\u201d, se\u00f1ala la ministra Ortiz al explicar que lo que solicitaba el Inai era dejar de aplicar el art\u00edculo 33 de la LFTAIP, el cual no fue impugnado en su controversia constitucional.<\/p>\n\n\n\n<p>\u201cNo se advierte un motivo v\u00e1lido para desaplicar dicha norma, de la que adem\u00e1s, subsiste una presunci\u00f3n de constitucionalidad, y que precisamente no es materia de la litis, lo que conlleva a que no sea posible sujetarla a ning\u00fan tipo de escrutinio o an\u00e1lisis para el efecto que se solicita\u201d, concluye el acuerdo publicado.<\/p>\n","protected":false},"excerpt":{"rendered":"<p>No hay motivo v\u00e1lido para permitir que el Instituto Nacional de Transparencia, Acceso a la Informaci\u00f3n y Protecci\u00f3n de Datos Personales (Inai) sesione con un pleno incompleto, pues ello violar\u00eda el art\u00edculo 33 de la Ley Federal de Transparencia y Acceso a la Informaci\u00f3n P\u00fablica (LFTAIP), as\u00ed lo se\u00f1ala la ministra Loretta Ortiz Ahlf, en [&hellip;]<\/p>\n","protected":false},"author":1,"featured_media":1107,"comment_status":"open","ping_status":"open","sticky":false,"template":"","format":"standard","meta":{"footnotes":""},"categories":[5],"tags":[],"class_list":["post-1106","post","type-post","status-publish","format-standard","has-post-thumbnail","hentry","category-nacional"],"blog_post_layout_featured_media_urls":{"thumbnail":["https:\/\/elregionaldigital.info\/wp-content\/uploads\/2023\/04\/Ortiz-Ahlf-150x150.jpg",150,150,true],"full":["https:\/\/elregionaldigital.info\/wp-content\/uploads\/2023\/04\/Ortiz-Ahlf.jpg",500,300,false]},"categories_names":{"5":{"name":"Nacional","link":"https:\/\/elregionaldigital.info\/?cat=5"}},"tags_names":[],"comments_number":"0","wpmagazine_modules_lite_featured_media_urls":{"thumbnail":["https:\/\/elregionaldigital.info\/wp-content\/uploads\/2023\/04\/Ortiz-Ahlf-150x150.jpg",150,150,true],"cvmm-medium":["https:\/\/elregionaldigital.info\/wp-content\/uploads\/2023\/04\/Ortiz-Ahlf-300x300.jpg",300,300,true],"cvmm-medium-plus":["https:\/\/elregionaldigital.info\/wp-content\/uploads\/2023\/04\/Ortiz-Ahlf-305x207.jpg",305,207,true],"cvmm-portrait":["https:\/\/elregionaldigital.info\/wp-content\/uploads\/2023\/04\/Ortiz-Ahlf-400x300.jpg",400,300,true],"cvmm-medium-square":["https:\/\/elregionaldigital.info\/wp-content\/uploads\/2023\/04\/Ortiz-Ahlf.jpg",500,300,false],"cvmm-large":["https:\/\/elregionaldigital.info\/wp-content\/uploads\/2023\/04\/Ortiz-Ahlf.jpg",500,300,false],"cvmm-small":["https:\/\/elregionaldigital.info\/wp-content\/uploads\/2023\/04\/Ortiz-Ahlf-130x95.jpg",130,95,true],"full":["https:\/\/elregionaldigital.info\/wp-content\/uploads\/2023\/04\/Ortiz-Ahlf.jpg",500,300,false]},"_links":{"self":[{"href":"https:\/\/elregionaldigital.info\/index.php?rest_route=\/wp\/v2\/posts\/1106","targetHints":{"allow":["GET"]}}],"collection":[{"href":"https:\/\/elregionaldigital.info\/index.php?rest_route=\/wp\/v2\/posts"}],"about":[{"href":"https:\/\/elregionaldigital.info\/index.php?rest_route=\/wp\/v2\/types\/post"}],"author":[{"embeddable":true,"href":"https:\/\/elregionaldigital.info\/index.php?rest_route=\/wp\/v2\/users\/1"}],"replies":[{"embeddable":true,"href":"https:\/\/elregionaldigital.info\/index.php?rest_route=%2Fwp%2Fv2%2Fcomments&post=1106"}],"version-history":[{"count":1,"href":"https:\/\/elregionaldigital.info\/index.php?rest_route=\/wp\/v2\/posts\/1106\/revisions"}],"predecessor-version":[{"id":1108,"href":"https:\/\/elregionaldigital.info\/index.php?rest_route=\/wp\/v2\/posts\/1106\/revisions\/1108"}],"wp:featuredmedia":[{"embeddable":true,"href":"https:\/\/elregionaldigital.info\/index.php?rest_route=\/wp\/v2\/media\/1107"}],"wp:attachment":[{"href":"https:\/\/elregionaldigital.info\/index.php?rest_route=%2Fwp%2Fv2%2Fmedia&parent=1106"}],"wp:term":[{"taxonomy":"category","embeddable":true,"href":"https:\/\/elregionaldigital.info\/index.php?rest_route=%2Fwp%2Fv2%2Fcategories&post=1106"},{"taxonomy":"post_tag","embeddable":true,"href":"https:\/\/elregionaldigital.info\/index.php?rest_route=%2Fwp%2Fv2%2Ftags&post=1106"}],"curies":[{"name":"wp","href":"https:\/\/api.w.org\/{rel}","templated":true}]}}