{"id":1097,"date":"2023-04-24T23:16:20","date_gmt":"2023-04-24T23:16:20","guid":{"rendered":"http:\/\/elregionaldigital.info\/?p=1097"},"modified":"2023-04-27T23:18:39","modified_gmt":"2023-04-27T23:18:39","slug":"impulsa-gobierno-de-tamaulipas-educacion-de-excelencia-destina-66-mdp-para-obras-en-cetis-y-cbtis","status":"publish","type":"post","link":"https:\/\/elregionaldigital.info\/?p=1097","title":{"rendered":"IMPULSA GOBIERNO DE TAMAULIPAS EDUCACI\u00d3N DE EXCELENCIA; DESTINA 66 MDP PARA OBRAS EN CETIS Y CBTIS"},"content":{"rendered":"\n<figure class=\"wp-block-image size-full\"><img loading=\"lazy\" decoding=\"async\" width=\"850\" height=\"500\" src=\"http:\/\/elregionaldigital.info\/wp-content\/uploads\/2023\/04\/060-2023.-Impulsa-Gobierno-de-Tamaulipas-educacion-de-excelencia-destina-66-mdp-para-obras-en-CETIS-y-CBTIS-3-850x500-1.jpg\" alt=\"\" class=\"wp-image-1098\" srcset=\"https:\/\/elregionaldigital.info\/wp-content\/uploads\/2023\/04\/060-2023.-Impulsa-Gobierno-de-Tamaulipas-educacion-de-excelencia-destina-66-mdp-para-obras-en-CETIS-y-CBTIS-3-850x500-1.jpg 850w, https:\/\/elregionaldigital.info\/wp-content\/uploads\/2023\/04\/060-2023.-Impulsa-Gobierno-de-Tamaulipas-educacion-de-excelencia-destina-66-mdp-para-obras-en-CETIS-y-CBTIS-3-850x500-1-300x176.jpg 300w, https:\/\/elregionaldigital.info\/wp-content\/uploads\/2023\/04\/060-2023.-Impulsa-Gobierno-de-Tamaulipas-educacion-de-excelencia-destina-66-mdp-para-obras-en-CETIS-y-CBTIS-3-850x500-1-768x452.jpg 768w\" sizes=\"auto, (max-width: 850px) 100vw, 850px\" \/><\/figure>\n\n\n\n<p>Abril 24 de 2023<\/p>\n\n\n\n<p>Ciudad Victoria, Tamaulipas.- El gobernador Am\u00e9rico Villarreal Anaya reiter\u00f3 su compromiso de impulsar una educaci\u00f3n de excelencia y anunci\u00f3 una inversi\u00f3n de m\u00e1s de 66 millones pesos beneficiando en infraestructura a planteles de educaci\u00f3n media superior en Tamaulipas.<\/p>\n\n\n\n<p>\u00abMe alegra decirles que con esta iniciativa ser\u00e1n beneficiados ocho CBTIS y dos CETIS y es un gusto a\u00fan mayor compartirles que en este plantel estaremos aplicando m\u00e1s de 4 millones de pesos para la construcci\u00f3n de dos aulas did\u00e1cticas y otras obras\u00bb, expres\u00f3 al encabezar la ceremonia c\u00edvica de honores, celebrada este lunes en el CBTIS 271, ubicado en el Parque Cient\u00edfico y Tecnol\u00f3gico de Tamaulipas.<\/p>\n\n\n\n<p>En su mensaje ante la comunidad estudiantil y los directores de los 30 planteles de la entidad, el gobernador gir\u00f3 instrucciones para destinar los recursos necesarios para reparar la techumbre del patio central del CBTIS 271.<\/p>\n\n\n\n<p>\u00abNos queda muy claro, que quiz\u00e1 m\u00e1s que nunca, el lugar de las y los j\u00f3venes est\u00e1 en la escuela. Si, que tengan un equilibrio que les garantice el espacio necesario para divertirse, para disfrutar el tiempo libre, para dedicar algunas horas a lo que les llame su gusto y su vocaci\u00f3n, siempre que sea positivo, que ayude a su crecimiento personal, social y espiritual\u00bb, mencion\u00f3.<\/p>\n\n\n\n<p>Al felicitar a los alumnos Hugo Andr\u00e9 Meza Fierros del plantel anfitri\u00f3n CBTIS 271 y a Ricardo P\u00e9rez Herrera del CBTIS 137, quienes participar\u00e1n en la Olimpiada Nacional del Conocimiento, Villarreal Anaya pidi\u00f3 a todos los j\u00f3venes estudiantes no perder de vista que la etapa en la que se encuentran es cuando sus facultades, cuando todas y cada una de sus capacidades y su energ\u00eda, tiene las condiciones \u00f3ptimas para el aprendizaje y para la adquisici\u00f3n de destrezas que les permitir\u00e1n escalar los primeros pelda\u00f1os de su vida futura: \u201cY para eso, la mejor alternativa es el estudio\u201d, puntualiz\u00f3.<\/p>\n\n\n\n<p>\u201cA nosotros nos toca, precisamente hacer el esfuerzo necesario; para que asistan a una escuela bien equipada, bien organizada, conservada, que ofrezca el mejor ambiente y las mejores herramientas. Nosotros desde el gobierno del estado seguiremos apoyando e impulsando a la juventud en su desarrollo integral\u201d, mencion\u00f3.<\/p>\n\n\n\n<p>Antes de finalizar su intervenci\u00f3n, el gobernador record\u00f3 que ayer domingo se celebr\u00f3 el natalicio del revolucionario tamaulipeco Alberto Carrera Torres, un maestro sensible a los sufrimientos que el pueblo padec\u00eda bajo la dictadura y que se convirti\u00f3, a muy corta edad, en un l\u00edder popular que se puso al frente del Ej\u00e9rcito Libertador de Tamaulipas enarbolando el reclamo de justicia para los m\u00e1s vulnerables.<\/p>\n\n\n\n<p>\u201cEn la gran transformaci\u00f3n nacional, que fue la revoluci\u00f3n mexicana, el compromiso de j\u00f3venes como el maestro y general Carrera Torres, supon\u00eda el uso de las armas para exigir derechos y libertades, hoy nuestras armas son la conciencia el saber, la formaci\u00f3n c\u00edvica, la educaci\u00f3n, porque esta cuarta transformaci\u00f3n que impulsamos es pac\u00edfica y transita por los caminos institucionales, aspira a la paz que proviene de la justicia y de una distribuci\u00f3n equitativa de las oportunidades\u201d, destac\u00f3.<\/p>\n\n\n\n<p>La bienvenida a la ceremonia estuvo a cargo del titular de la Oficina Estatal de la Direcci\u00f3n General de Educaci\u00f3n Tecnol\u00f3gica Industrial, Olegario Mu\u00f1iz Cura, quien reconoci\u00f3 el compromiso y el trabajo visionario del gobernador Am\u00e9rico Villarreal con los m\u00e1s de 47 mil alumnos que cursan su educaci\u00f3n en uno de los 30 planteles de este subsistema y reiter\u00f3 que seguir\u00e1n apoyando todos los proyectos de su gobierno para lograr la transformaci\u00f3n del sector educativo en la entidad.<\/p>\n\n\n\n<p>Acompa\u00f1aron al gobernador, en el presidium: la diputada \u00darsula Salazar Mojica, presidenta de la Junta de Coordinaci\u00f3n Pol\u00edtica del Congreso de Tamaulipas; el diputado Juan Rom\u00e1n Vital; H\u00e9ctor Joel Villegas, secretario General de Gobierno; la secretaria de Educaci\u00f3n, Luc\u00eda Aim\u00e9 Castillo Pastor;&nbsp; el secretario de Seguridad P\u00fablica Sergio Hernando Ch\u00e1vez Garc\u00eda; el director del CBTIS 271, Ignacio Jerez Chapa y el alcalde Eduardo Gatt\u00e1s B\u00e1ez, adem\u00e1s de mandos militares y funcionarios del gabinete estatal.<\/p>\n","protected":false},"excerpt":{"rendered":"<p>Abril 24 de 2023 Ciudad Victoria, Tamaulipas.- El gobernador Am\u00e9rico Villarreal Anaya reiter\u00f3 su compromiso de impulsar una educaci\u00f3n de excelencia y anunci\u00f3 una inversi\u00f3n de m\u00e1s de 66 millones pesos beneficiando en infraestructura a planteles de educaci\u00f3n media superior en Tamaulipas. \u00abMe alegra decirles que con esta iniciativa ser\u00e1n beneficiados ocho CBTIS y dos [&hellip;]<\/p>\n","protected":false},"author":1,"featured_media":1098,"comment_status":"open","ping_status":"open","sticky":false,"template":"","format":"standard","meta":{"footnotes":""},"categories":[2],"tags":[],"class_list":["post-1097","post","type-post","status-publish","format-standard","has-post-thumbnail","hentry","category-tamaulipas"],"blog_post_layout_featured_media_urls":{"thumbnail":["https:\/\/elregionaldigital.info\/wp-content\/uploads\/2023\/04\/060-2023.-Impulsa-Gobierno-de-Tamaulipas-educacion-de-excelencia-destina-66-mdp-para-obras-en-CETIS-y-CBTIS-3-850x500-1-150x150.jpg",150,150,true],"full":["https:\/\/elregionaldigital.info\/wp-content\/uploads\/2023\/04\/060-2023.-Impulsa-Gobierno-de-Tamaulipas-educacion-de-excelencia-destina-66-mdp-para-obras-en-CETIS-y-CBTIS-3-850x500-1.jpg",850,500,false]},"categories_names":{"2":{"name":"Tamaulipas","link":"https:\/\/elregionaldigital.info\/?cat=2"}},"tags_names":[],"comments_number":"0","wpmagazine_modules_lite_featured_media_urls":{"thumbnail":["https:\/\/elregionaldigital.info\/wp-content\/uploads\/2023\/04\/060-2023.-Impulsa-Gobierno-de-Tamaulipas-educacion-de-excelencia-destina-66-mdp-para-obras-en-CETIS-y-CBTIS-3-850x500-1-150x150.jpg",150,150,true],"cvmm-medium":["https:\/\/elregionaldigital.info\/wp-content\/uploads\/2023\/04\/060-2023.-Impulsa-Gobierno-de-Tamaulipas-educacion-de-excelencia-destina-66-mdp-para-obras-en-CETIS-y-CBTIS-3-850x500-1-300x300.jpg",300,300,true],"cvmm-medium-plus":["https:\/\/elregionaldigital.info\/wp-content\/uploads\/2023\/04\/060-2023.-Impulsa-Gobierno-de-Tamaulipas-educacion-de-excelencia-destina-66-mdp-para-obras-en-CETIS-y-CBTIS-3-850x500-1-305x207.jpg",305,207,true],"cvmm-portrait":["https:\/\/elregionaldigital.info\/wp-content\/uploads\/2023\/04\/060-2023.-Impulsa-Gobierno-de-Tamaulipas-educacion-de-excelencia-destina-66-mdp-para-obras-en-CETIS-y-CBTIS-3-850x500-1-400x500.jpg",400,500,true],"cvmm-medium-square":["https:\/\/elregionaldigital.info\/wp-content\/uploads\/2023\/04\/060-2023.-Impulsa-Gobierno-de-Tamaulipas-educacion-de-excelencia-destina-66-mdp-para-obras-en-CETIS-y-CBTIS-3-850x500-1-600x500.jpg",600,500,true],"cvmm-large":["https:\/\/elregionaldigital.info\/wp-content\/uploads\/2023\/04\/060-2023.-Impulsa-Gobierno-de-Tamaulipas-educacion-de-excelencia-destina-66-mdp-para-obras-en-CETIS-y-CBTIS-3-850x500-1.jpg",850,500,false],"cvmm-small":["https:\/\/elregionaldigital.info\/wp-content\/uploads\/2023\/04\/060-2023.-Impulsa-Gobierno-de-Tamaulipas-educacion-de-excelencia-destina-66-mdp-para-obras-en-CETIS-y-CBTIS-3-850x500-1-130x95.jpg",130,95,true],"full":["https:\/\/elregionaldigital.info\/wp-content\/uploads\/2023\/04\/060-2023.-Impulsa-Gobierno-de-Tamaulipas-educacion-de-excelencia-destina-66-mdp-para-obras-en-CETIS-y-CBTIS-3-850x500-1.jpg",850,500,false]},"_links":{"self":[{"href":"https:\/\/elregionaldigital.info\/index.php?rest_route=\/wp\/v2\/posts\/1097","targetHints":{"allow":["GET"]}}],"collection":[{"href":"https:\/\/elregionaldigital.info\/index.php?rest_route=\/wp\/v2\/posts"}],"about":[{"href":"https:\/\/elregionaldigital.info\/index.php?rest_route=\/wp\/v2\/types\/post"}],"author":[{"embeddable":true,"href":"https:\/\/elregionaldigital.info\/index.php?rest_route=\/wp\/v2\/users\/1"}],"replies":[{"embeddable":true,"href":"https:\/\/elregionaldigital.info\/index.php?rest_route=%2Fwp%2Fv2%2Fcomments&post=1097"}],"version-history":[{"count":1,"href":"https:\/\/elregionaldigital.info\/index.php?rest_route=\/wp\/v2\/posts\/1097\/revisions"}],"predecessor-version":[{"id":1099,"href":"https:\/\/elregionaldigital.info\/index.php?rest_route=\/wp\/v2\/posts\/1097\/revisions\/1099"}],"wp:featuredmedia":[{"embeddable":true,"href":"https:\/\/elregionaldigital.info\/index.php?rest_route=\/wp\/v2\/media\/1098"}],"wp:attachment":[{"href":"https:\/\/elregionaldigital.info\/index.php?rest_route=%2Fwp%2Fv2%2Fmedia&parent=1097"}],"wp:term":[{"taxonomy":"category","embeddable":true,"href":"https:\/\/elregionaldigital.info\/index.php?rest_route=%2Fwp%2Fv2%2Fcategories&post=1097"},{"taxonomy":"post_tag","embeddable":true,"href":"https:\/\/elregionaldigital.info\/index.php?rest_route=%2Fwp%2Fv2%2Ftags&post=1097"}],"curies":[{"name":"wp","href":"https:\/\/api.w.org\/{rel}","templated":true}]}}