{"id":1088,"date":"2023-04-12T23:04:45","date_gmt":"2023-04-12T23:04:45","guid":{"rendered":"http:\/\/elregionaldigital.info\/?p=1088"},"modified":"2023-04-27T23:06:03","modified_gmt":"2023-04-27T23:06:03","slug":"secretaria-de-obras-publicas-construye-dormitorios-en-centro-de-atencion-para-ninas-ninos-y-adolescentes-migrantes","status":"publish","type":"post","link":"https:\/\/elregionaldigital.info\/?p=1088","title":{"rendered":"SECRETAR\u00cdA DE OBRAS P\u00daBLICAS CONSTRUYE DORMITORIOS EN CENTRO DE ATENCI\u00d3N, PARA NI\u00d1AS, NI\u00d1OS Y ADOLESCENTES MIGRANTES"},"content":{"rendered":"\n<figure class=\"wp-block-image size-full\"><img loading=\"lazy\" decoding=\"async\" width=\"850\" height=\"500\" src=\"http:\/\/elregionaldigital.info\/wp-content\/uploads\/2023\/04\/SOP-015-2023.-Secretaria-de-Obras-Publicas-construye-dormitorios-en-Centro-de-Atencion-para-Ninas-Ninos-y-Adolescentes-Migrantes-3-850x500-1.jpg\" alt=\"\" class=\"wp-image-1089\" srcset=\"https:\/\/elregionaldigital.info\/wp-content\/uploads\/2023\/04\/SOP-015-2023.-Secretaria-de-Obras-Publicas-construye-dormitorios-en-Centro-de-Atencion-para-Ninas-Ninos-y-Adolescentes-Migrantes-3-850x500-1.jpg 850w, https:\/\/elregionaldigital.info\/wp-content\/uploads\/2023\/04\/SOP-015-2023.-Secretaria-de-Obras-Publicas-construye-dormitorios-en-Centro-de-Atencion-para-Ninas-Ninos-y-Adolescentes-Migrantes-3-850x500-1-300x176.jpg 300w, https:\/\/elregionaldigital.info\/wp-content\/uploads\/2023\/04\/SOP-015-2023.-Secretaria-de-Obras-Publicas-construye-dormitorios-en-Centro-de-Atencion-para-Ninas-Ninos-y-Adolescentes-Migrantes-3-850x500-1-768x452.jpg 768w\" sizes=\"auto, (max-width: 850px) 100vw, 850px\" \/><\/figure>\n\n\n\n<p>Abril 12 de 2023<\/p>\n\n\n\n<p>Ciudad Victoria Tamaulipas. \u2013 El gobierno de Am\u00e9rico Villarreal&nbsp; mediante la Secretar\u00eda de Obras P\u00fablicas de Tamaulipas, que titula Pedro Cepeda Anaya, trabaja en la construcci\u00f3n de dormitorios en el Centro de Atenci\u00f3n, para la Protecci\u00f3n a Ni\u00f1as, Ni\u00f1os y Adolescentes Migrantes, en la capital de Tamaulipas.<\/p>\n\n\n\n<p>Trabajos que constan de la construcci\u00f3n de una villa de 2 pisos, con 5 dormitorios, 1 sal\u00f3n polivalente, vest\u00edbulo, ba\u00f1os 2 para hombres y 2&nbsp; para mujeres, lavander\u00eda;&nbsp; adem\u00e1s de la rehabilitaci\u00f3n de las 4 villas existentes.<\/p>\n\n\n\n<p>Teniendo en cuenta que la migraci\u00f3n se considera como uno de los componentes del cambio poblacional, el objetivo es brindar espacios&nbsp; dignos y seguros, atendiendo a las familias migrantes que se encuentran de paso en Tamaulipas, en&nbsp; espera de resolver su situaci\u00f3n.<\/p>\n","protected":false},"excerpt":{"rendered":"<p>Abril 12 de 2023 Ciudad Victoria Tamaulipas. \u2013 El gobierno de Am\u00e9rico Villarreal&nbsp; mediante la Secretar\u00eda de Obras P\u00fablicas de Tamaulipas, que titula Pedro Cepeda Anaya, trabaja en la construcci\u00f3n de dormitorios en el Centro de Atenci\u00f3n, para la Protecci\u00f3n a Ni\u00f1as, Ni\u00f1os y Adolescentes Migrantes, en la capital de Tamaulipas. Trabajos que constan de [&hellip;]<\/p>\n","protected":false},"author":1,"featured_media":1089,"comment_status":"open","ping_status":"open","sticky":false,"template":"","format":"standard","meta":{"footnotes":""},"categories":[2],"tags":[],"class_list":["post-1088","post","type-post","status-publish","format-standard","has-post-thumbnail","hentry","category-tamaulipas"],"blog_post_layout_featured_media_urls":{"thumbnail":["https:\/\/elregionaldigital.info\/wp-content\/uploads\/2023\/04\/SOP-015-2023.-Secretaria-de-Obras-Publicas-construye-dormitorios-en-Centro-de-Atencion-para-Ninas-Ninos-y-Adolescentes-Migrantes-3-850x500-1-150x150.jpg",150,150,true],"full":["https:\/\/elregionaldigital.info\/wp-content\/uploads\/2023\/04\/SOP-015-2023.-Secretaria-de-Obras-Publicas-construye-dormitorios-en-Centro-de-Atencion-para-Ninas-Ninos-y-Adolescentes-Migrantes-3-850x500-1.jpg",850,500,false]},"categories_names":{"2":{"name":"Tamaulipas","link":"https:\/\/elregionaldigital.info\/?cat=2"}},"tags_names":[],"comments_number":"0","wpmagazine_modules_lite_featured_media_urls":{"thumbnail":["https:\/\/elregionaldigital.info\/wp-content\/uploads\/2023\/04\/SOP-015-2023.-Secretaria-de-Obras-Publicas-construye-dormitorios-en-Centro-de-Atencion-para-Ninas-Ninos-y-Adolescentes-Migrantes-3-850x500-1-150x150.jpg",150,150,true],"cvmm-medium":["https:\/\/elregionaldigital.info\/wp-content\/uploads\/2023\/04\/SOP-015-2023.-Secretaria-de-Obras-Publicas-construye-dormitorios-en-Centro-de-Atencion-para-Ninas-Ninos-y-Adolescentes-Migrantes-3-850x500-1-300x300.jpg",300,300,true],"cvmm-medium-plus":["https:\/\/elregionaldigital.info\/wp-content\/uploads\/2023\/04\/SOP-015-2023.-Secretaria-de-Obras-Publicas-construye-dormitorios-en-Centro-de-Atencion-para-Ninas-Ninos-y-Adolescentes-Migrantes-3-850x500-1-305x207.jpg",305,207,true],"cvmm-portrait":["https:\/\/elregionaldigital.info\/wp-content\/uploads\/2023\/04\/SOP-015-2023.-Secretaria-de-Obras-Publicas-construye-dormitorios-en-Centro-de-Atencion-para-Ninas-Ninos-y-Adolescentes-Migrantes-3-850x500-1-400x500.jpg",400,500,true],"cvmm-medium-square":["https:\/\/elregionaldigital.info\/wp-content\/uploads\/2023\/04\/SOP-015-2023.-Secretaria-de-Obras-Publicas-construye-dormitorios-en-Centro-de-Atencion-para-Ninas-Ninos-y-Adolescentes-Migrantes-3-850x500-1-600x500.jpg",600,500,true],"cvmm-large":["https:\/\/elregionaldigital.info\/wp-content\/uploads\/2023\/04\/SOP-015-2023.-Secretaria-de-Obras-Publicas-construye-dormitorios-en-Centro-de-Atencion-para-Ninas-Ninos-y-Adolescentes-Migrantes-3-850x500-1.jpg",850,500,false],"cvmm-small":["https:\/\/elregionaldigital.info\/wp-content\/uploads\/2023\/04\/SOP-015-2023.-Secretaria-de-Obras-Publicas-construye-dormitorios-en-Centro-de-Atencion-para-Ninas-Ninos-y-Adolescentes-Migrantes-3-850x500-1-130x95.jpg",130,95,true],"full":["https:\/\/elregionaldigital.info\/wp-content\/uploads\/2023\/04\/SOP-015-2023.-Secretaria-de-Obras-Publicas-construye-dormitorios-en-Centro-de-Atencion-para-Ninas-Ninos-y-Adolescentes-Migrantes-3-850x500-1.jpg",850,500,false]},"_links":{"self":[{"href":"https:\/\/elregionaldigital.info\/index.php?rest_route=\/wp\/v2\/posts\/1088","targetHints":{"allow":["GET"]}}],"collection":[{"href":"https:\/\/elregionaldigital.info\/index.php?rest_route=\/wp\/v2\/posts"}],"about":[{"href":"https:\/\/elregionaldigital.info\/index.php?rest_route=\/wp\/v2\/types\/post"}],"author":[{"embeddable":true,"href":"https:\/\/elregionaldigital.info\/index.php?rest_route=\/wp\/v2\/users\/1"}],"replies":[{"embeddable":true,"href":"https:\/\/elregionaldigital.info\/index.php?rest_route=%2Fwp%2Fv2%2Fcomments&post=1088"}],"version-history":[{"count":1,"href":"https:\/\/elregionaldigital.info\/index.php?rest_route=\/wp\/v2\/posts\/1088\/revisions"}],"predecessor-version":[{"id":1090,"href":"https:\/\/elregionaldigital.info\/index.php?rest_route=\/wp\/v2\/posts\/1088\/revisions\/1090"}],"wp:featuredmedia":[{"embeddable":true,"href":"https:\/\/elregionaldigital.info\/index.php?rest_route=\/wp\/v2\/media\/1089"}],"wp:attachment":[{"href":"https:\/\/elregionaldigital.info\/index.php?rest_route=%2Fwp%2Fv2%2Fmedia&parent=1088"}],"wp:term":[{"taxonomy":"category","embeddable":true,"href":"https:\/\/elregionaldigital.info\/index.php?rest_route=%2Fwp%2Fv2%2Fcategories&post=1088"},{"taxonomy":"post_tag","embeddable":true,"href":"https:\/\/elregionaldigital.info\/index.php?rest_route=%2Fwp%2Fv2%2Ftags&post=1088"}],"curies":[{"name":"wp","href":"https:\/\/api.w.org\/{rel}","templated":true}]}}