{"id":1084,"date":"2023-04-10T23:01:11","date_gmt":"2023-04-10T23:01:11","guid":{"rendered":"http:\/\/elregionaldigital.info\/?p=1084"},"modified":"2023-04-27T23:03:03","modified_gmt":"2023-04-27T23:03:03","slug":"visitan-tamaulipas-mas-de-un-millon-333-mil-turistas-en-el-periodo-vacacional-de-semana-santa","status":"publish","type":"post","link":"https:\/\/elregionaldigital.info\/?p=1084","title":{"rendered":"VISITAN TAMAULIPAS M\u00c1S DE UN MILL\u00d3N 333 MIL TURISTAS EN EL PER\u00cdODO VACACIONAL DE SEMANA SANTA"},"content":{"rendered":"\n<figure class=\"wp-block-image size-full\"><img loading=\"lazy\" decoding=\"async\" width=\"850\" height=\"500\" src=\"http:\/\/elregionaldigital.info\/wp-content\/uploads\/2023\/04\/STU-024-2023.-Visitan-Tamaulipas-mas-de-un-millon-333-mil-turistas-en-el-periodo-vacacional-de-Semana-Santa-1-850x500-1.jpg\" alt=\"\" class=\"wp-image-1086\" srcset=\"https:\/\/elregionaldigital.info\/wp-content\/uploads\/2023\/04\/STU-024-2023.-Visitan-Tamaulipas-mas-de-un-millon-333-mil-turistas-en-el-periodo-vacacional-de-Semana-Santa-1-850x500-1.jpg 850w, https:\/\/elregionaldigital.info\/wp-content\/uploads\/2023\/04\/STU-024-2023.-Visitan-Tamaulipas-mas-de-un-millon-333-mil-turistas-en-el-periodo-vacacional-de-Semana-Santa-1-850x500-1-300x176.jpg 300w, https:\/\/elregionaldigital.info\/wp-content\/uploads\/2023\/04\/STU-024-2023.-Visitan-Tamaulipas-mas-de-un-millon-333-mil-turistas-en-el-periodo-vacacional-de-Semana-Santa-1-850x500-1-768x452.jpg 768w\" sizes=\"auto, (max-width: 850px) 100vw, 850px\" \/><\/figure>\n\n\n\n<p>Abril 10 de 2023<\/p>\n\n\n\n<p>Ciudad Victoria, Tamaulipas.- M\u00e1s de un mill\u00f3n 333 mil visitantes eligieron a Tamaulipas como su destino tur\u00edstico durante este periodo vacacional de Semana Santa 2023, pese a las condiciones climatol\u00f3gicas que se registraron.<\/p>\n\n\n\n<p>El turismo nacional se dio cita en su mayor\u00eda, en balnearios y playas de la entidad, inform\u00f3 el secretario de Turismo de Tamaulipas Benjam\u00edn Hern\u00e1ndez Rodr\u00edguez, quien puntualiz\u00f3 que del 31 de marzo al domingo 9 de abril 2023, en tan solo 10 d\u00edas se obtuvo una visita de 1 mill\u00f3n 333 mil 697 de visitantes en los distintos puntos tur\u00edsticos del estado.<\/p>\n\n\n\n<p>&nbsp;Y destac\u00f3, \u201ces bueno por el n\u00famero de turistas que arribaron a los diferentes destinos de Tamaulipas; la informaci\u00f3n del Servicio Meteorol\u00f3gico Nacional (SMN) detalla que las temperaturas, en los pr\u00f3ximos d\u00edas podr\u00edan aumentar y rebasar los 30 grados, situaci\u00f3n que mejorar\u00e1 la visita a los centros tur\u00edsticos\u201d.<\/p>\n\n\n\n<p>En el reporte de la Semana Mayor, algunos sectores apuntan que ha sido una muy buena temporada; en el caso de Playa Miramar en Ciudad Madero recibi\u00f3 551 mil 839 visitantes el a\u00f1o pasado y en esta ocasi\u00f3n tuvo un aumento, al llegar a los 572 mil 932 visitantes y 119 mil 415 veh\u00edculos, un 3.82% m\u00e1s.<\/p>\n\n\n\n<p>Lo mismo sucedi\u00f3 en Playa La Pesca en Soto La Marina, con 41 mil 261 turistas en el a\u00f1o 2022 y 49 mil 140 visitantes y 11 mil 134 veh\u00edculos en 2023, un aumento del 19.10%.<\/p>\n\n\n\n<p>Agreg\u00f3, que tambi\u00e9n en el sector hotelero existe un reporte positivo en cuanto al n\u00famero de hu\u00e9spedes, al registrar cerca del 100% de ocupaci\u00f3n los d\u00edas jueves, viernes y s\u00e1bado santos, en los municipios de Madero, Tampico, Altamira, G\u00f3mez Far\u00edas, La Pesca y Ciudad Mante.<\/p>\n\n\n\n<p>En relaci\u00f3n a los m\u00f3dulos de atenci\u00f3n al turista, las dependencias estatales y federales, tuvieron una intervenci\u00f3n oportuna, resultando al cierre, saldo blanco hasta el d\u00eda domingo 9 de abril.<\/p>\n\n\n\n<p>Refiri\u00f3 que durante el transcurso de esta semana, siguen llegando visitantes a los diferentes lugares tur\u00edsticos, para tomar su per\u00edodo de descanso en lugares de recreaci\u00f3n y esparcimiento de Tamaulipas.<\/p>\n\n\n\n<p>\u201cEl periodo vacacional no ha terminado, la Semana Mayor concluy\u00f3 este domingo 9 de abril, pero hay un n\u00famero importante de personas que se quedan otros d\u00edas a vacacionar o que prefieren salir la segunda semana, que ya hay menos personas y los lugares est\u00e1n menos abarrotados\u201d, puntualiz\u00f3 el secretario de Turismo, Benjam\u00edn Hern\u00e1ndez Rodr\u00edguez.<\/p>\n\n\n\n<p>Por \u00faltimo dijo, que las dependencias estatales y federales de seguridad y salud contin\u00faan brindando apoyo y orientaci\u00f3n a los visitantes.<\/p>\n","protected":false},"excerpt":{"rendered":"<p>Abril 10 de 2023 Ciudad Victoria, Tamaulipas.- M\u00e1s de un mill\u00f3n 333 mil visitantes eligieron a Tamaulipas como su destino tur\u00edstico durante este periodo vacacional de Semana Santa 2023, pese a las condiciones climatol\u00f3gicas que se registraron. El turismo nacional se dio cita en su mayor\u00eda, en balnearios y playas de la entidad, inform\u00f3 el [&hellip;]<\/p>\n","protected":false},"author":1,"featured_media":1086,"comment_status":"open","ping_status":"open","sticky":false,"template":"","format":"standard","meta":{"footnotes":""},"categories":[2],"tags":[],"class_list":["post-1084","post","type-post","status-publish","format-standard","has-post-thumbnail","hentry","category-tamaulipas"],"blog_post_layout_featured_media_urls":{"thumbnail":["https:\/\/elregionaldigital.info\/wp-content\/uploads\/2023\/04\/STU-024-2023.-Visitan-Tamaulipas-mas-de-un-millon-333-mil-turistas-en-el-periodo-vacacional-de-Semana-Santa-1-850x500-1-150x150.jpg",150,150,true],"full":["https:\/\/elregionaldigital.info\/wp-content\/uploads\/2023\/04\/STU-024-2023.-Visitan-Tamaulipas-mas-de-un-millon-333-mil-turistas-en-el-periodo-vacacional-de-Semana-Santa-1-850x500-1.jpg",850,500,false]},"categories_names":{"2":{"name":"Tamaulipas","link":"https:\/\/elregionaldigital.info\/?cat=2"}},"tags_names":[],"comments_number":"0","wpmagazine_modules_lite_featured_media_urls":{"thumbnail":["https:\/\/elregionaldigital.info\/wp-content\/uploads\/2023\/04\/STU-024-2023.-Visitan-Tamaulipas-mas-de-un-millon-333-mil-turistas-en-el-periodo-vacacional-de-Semana-Santa-1-850x500-1-150x150.jpg",150,150,true],"cvmm-medium":["https:\/\/elregionaldigital.info\/wp-content\/uploads\/2023\/04\/STU-024-2023.-Visitan-Tamaulipas-mas-de-un-millon-333-mil-turistas-en-el-periodo-vacacional-de-Semana-Santa-1-850x500-1-300x300.jpg",300,300,true],"cvmm-medium-plus":["https:\/\/elregionaldigital.info\/wp-content\/uploads\/2023\/04\/STU-024-2023.-Visitan-Tamaulipas-mas-de-un-millon-333-mil-turistas-en-el-periodo-vacacional-de-Semana-Santa-1-850x500-1-305x207.jpg",305,207,true],"cvmm-portrait":["https:\/\/elregionaldigital.info\/wp-content\/uploads\/2023\/04\/STU-024-2023.-Visitan-Tamaulipas-mas-de-un-millon-333-mil-turistas-en-el-periodo-vacacional-de-Semana-Santa-1-850x500-1-400x500.jpg",400,500,true],"cvmm-medium-square":["https:\/\/elregionaldigital.info\/wp-content\/uploads\/2023\/04\/STU-024-2023.-Visitan-Tamaulipas-mas-de-un-millon-333-mil-turistas-en-el-periodo-vacacional-de-Semana-Santa-1-850x500-1-600x500.jpg",600,500,true],"cvmm-large":["https:\/\/elregionaldigital.info\/wp-content\/uploads\/2023\/04\/STU-024-2023.-Visitan-Tamaulipas-mas-de-un-millon-333-mil-turistas-en-el-periodo-vacacional-de-Semana-Santa-1-850x500-1.jpg",850,500,false],"cvmm-small":["https:\/\/elregionaldigital.info\/wp-content\/uploads\/2023\/04\/STU-024-2023.-Visitan-Tamaulipas-mas-de-un-millon-333-mil-turistas-en-el-periodo-vacacional-de-Semana-Santa-1-850x500-1-130x95.jpg",130,95,true],"full":["https:\/\/elregionaldigital.info\/wp-content\/uploads\/2023\/04\/STU-024-2023.-Visitan-Tamaulipas-mas-de-un-millon-333-mil-turistas-en-el-periodo-vacacional-de-Semana-Santa-1-850x500-1.jpg",850,500,false]},"_links":{"self":[{"href":"https:\/\/elregionaldigital.info\/index.php?rest_route=\/wp\/v2\/posts\/1084","targetHints":{"allow":["GET"]}}],"collection":[{"href":"https:\/\/elregionaldigital.info\/index.php?rest_route=\/wp\/v2\/posts"}],"about":[{"href":"https:\/\/elregionaldigital.info\/index.php?rest_route=\/wp\/v2\/types\/post"}],"author":[{"embeddable":true,"href":"https:\/\/elregionaldigital.info\/index.php?rest_route=\/wp\/v2\/users\/1"}],"replies":[{"embeddable":true,"href":"https:\/\/elregionaldigital.info\/index.php?rest_route=%2Fwp%2Fv2%2Fcomments&post=1084"}],"version-history":[{"count":1,"href":"https:\/\/elregionaldigital.info\/index.php?rest_route=\/wp\/v2\/posts\/1084\/revisions"}],"predecessor-version":[{"id":1087,"href":"https:\/\/elregionaldigital.info\/index.php?rest_route=\/wp\/v2\/posts\/1084\/revisions\/1087"}],"wp:featuredmedia":[{"embeddable":true,"href":"https:\/\/elregionaldigital.info\/index.php?rest_route=\/wp\/v2\/media\/1086"}],"wp:attachment":[{"href":"https:\/\/elregionaldigital.info\/index.php?rest_route=%2Fwp%2Fv2%2Fmedia&parent=1084"}],"wp:term":[{"taxonomy":"category","embeddable":true,"href":"https:\/\/elregionaldigital.info\/index.php?rest_route=%2Fwp%2Fv2%2Fcategories&post=1084"},{"taxonomy":"post_tag","embeddable":true,"href":"https:\/\/elregionaldigital.info\/index.php?rest_route=%2Fwp%2Fv2%2Ftags&post=1084"}],"curies":[{"name":"wp","href":"https:\/\/api.w.org\/{rel}","templated":true}]}}