{"id":1081,"date":"2023-04-08T22:59:16","date_gmt":"2023-04-08T22:59:16","guid":{"rendered":"http:\/\/elregionaldigital.info\/?p=1081"},"modified":"2023-04-27T23:00:37","modified_gmt":"2023-04-27T23:00:37","slug":"supervisa-gobernador-modulos-de-seguridad-y-atencion-de-turistas","status":"publish","type":"post","link":"https:\/\/elregionaldigital.info\/?p=1081","title":{"rendered":"SUPERVISA\u00a0 GOBERNADOR M\u00d3DULOS DE SEGURIDAD Y ATENCI\u00d3N DE TURISTAS"},"content":{"rendered":"\n<figure class=\"wp-block-image size-full\"><img loading=\"lazy\" decoding=\"async\" width=\"850\" height=\"500\" src=\"http:\/\/elregionaldigital.info\/wp-content\/uploads\/2023\/04\/046-2023.-Supervisa-Gobernador-modulos-de-seguridad-y-atencion-de-turistas-3-850x500-1.jpeg\" alt=\"\" class=\"wp-image-1082\" srcset=\"https:\/\/elregionaldigital.info\/wp-content\/uploads\/2023\/04\/046-2023.-Supervisa-Gobernador-modulos-de-seguridad-y-atencion-de-turistas-3-850x500-1.jpeg 850w, https:\/\/elregionaldigital.info\/wp-content\/uploads\/2023\/04\/046-2023.-Supervisa-Gobernador-modulos-de-seguridad-y-atencion-de-turistas-3-850x500-1-300x176.jpeg 300w, https:\/\/elregionaldigital.info\/wp-content\/uploads\/2023\/04\/046-2023.-Supervisa-Gobernador-modulos-de-seguridad-y-atencion-de-turistas-3-850x500-1-768x452.jpeg 768w\" sizes=\"auto, (max-width: 850px) 100vw, 850px\" \/><\/figure>\n\n\n\n<p>Abril 08 de 2023<\/p>\n\n\n\n<p>Ciudad Victoria, Tamaulipas.-El gobernador Am\u00e9rico Villarreal Anaya efectu\u00f3 un recorrido por las principales Estaciones de Seguridad y supervis\u00f3 la atenci\u00f3n que el Estado dio a los vacacionistas en estos d\u00edas de Semana Santa.<\/p>\n\n\n\n<p>Acompa\u00f1ado del secretario de Seguridad P\u00fablica Sergio Hernando Ch\u00e1vez Garc\u00eda, el gobernador recorri\u00f3 y supervis\u00f3 la atenci\u00f3n que se brinda a los turistas, que pese a las condiciones climatol\u00f3gicas que se registran abarrotan las playas y lugares tur\u00edsticos.<\/p>\n\n\n\n<p>Desde temprano hora de este s\u00e1bado, estuvo en las Estaciones de Seguridad de La Soledad, Soto La Marina, La Zamorina, Aldama, Estaci\u00f3n Manuel y Escand\u00f3n.<\/p>\n\n\n\n<p>El gobernador salud\u00f3 a los elementos de la Guardia Estatal, quienes forman parte primordial del operativo de seguridad que se aplica durante esta Semana Santa 2023, as\u00ed como a integrantes de grupos voluntarios, quienes coadyuvan en las acciones para brindar atenci\u00f3n a los turistas, que han elegido a Tamaulipas, como opci\u00f3n para vacacionar.<\/p>\n","protected":false},"excerpt":{"rendered":"<p>Abril 08 de 2023 Ciudad Victoria, Tamaulipas.-El gobernador Am\u00e9rico Villarreal Anaya efectu\u00f3 un recorrido por las principales Estaciones de Seguridad y supervis\u00f3 la atenci\u00f3n que el Estado dio a los vacacionistas en estos d\u00edas de Semana Santa. Acompa\u00f1ado del secretario de Seguridad P\u00fablica Sergio Hernando Ch\u00e1vez Garc\u00eda, el gobernador recorri\u00f3 y supervis\u00f3 la atenci\u00f3n que [&hellip;]<\/p>\n","protected":false},"author":1,"featured_media":1082,"comment_status":"open","ping_status":"open","sticky":false,"template":"","format":"standard","meta":{"footnotes":""},"categories":[2],"tags":[],"class_list":["post-1081","post","type-post","status-publish","format-standard","has-post-thumbnail","hentry","category-tamaulipas"],"blog_post_layout_featured_media_urls":{"thumbnail":["https:\/\/elregionaldigital.info\/wp-content\/uploads\/2023\/04\/046-2023.-Supervisa-Gobernador-modulos-de-seguridad-y-atencion-de-turistas-3-850x500-1-150x150.jpeg",150,150,true],"full":["https:\/\/elregionaldigital.info\/wp-content\/uploads\/2023\/04\/046-2023.-Supervisa-Gobernador-modulos-de-seguridad-y-atencion-de-turistas-3-850x500-1.jpeg",850,500,false]},"categories_names":{"2":{"name":"Tamaulipas","link":"https:\/\/elregionaldigital.info\/?cat=2"}},"tags_names":[],"comments_number":"0","wpmagazine_modules_lite_featured_media_urls":{"thumbnail":["https:\/\/elregionaldigital.info\/wp-content\/uploads\/2023\/04\/046-2023.-Supervisa-Gobernador-modulos-de-seguridad-y-atencion-de-turistas-3-850x500-1-150x150.jpeg",150,150,true],"cvmm-medium":["https:\/\/elregionaldigital.info\/wp-content\/uploads\/2023\/04\/046-2023.-Supervisa-Gobernador-modulos-de-seguridad-y-atencion-de-turistas-3-850x500-1-300x300.jpeg",300,300,true],"cvmm-medium-plus":["https:\/\/elregionaldigital.info\/wp-content\/uploads\/2023\/04\/046-2023.-Supervisa-Gobernador-modulos-de-seguridad-y-atencion-de-turistas-3-850x500-1-305x207.jpeg",305,207,true],"cvmm-portrait":["https:\/\/elregionaldigital.info\/wp-content\/uploads\/2023\/04\/046-2023.-Supervisa-Gobernador-modulos-de-seguridad-y-atencion-de-turistas-3-850x500-1-400x500.jpeg",400,500,true],"cvmm-medium-square":["https:\/\/elregionaldigital.info\/wp-content\/uploads\/2023\/04\/046-2023.-Supervisa-Gobernador-modulos-de-seguridad-y-atencion-de-turistas-3-850x500-1-600x500.jpeg",600,500,true],"cvmm-large":["https:\/\/elregionaldigital.info\/wp-content\/uploads\/2023\/04\/046-2023.-Supervisa-Gobernador-modulos-de-seguridad-y-atencion-de-turistas-3-850x500-1.jpeg",850,500,false],"cvmm-small":["https:\/\/elregionaldigital.info\/wp-content\/uploads\/2023\/04\/046-2023.-Supervisa-Gobernador-modulos-de-seguridad-y-atencion-de-turistas-3-850x500-1-130x95.jpeg",130,95,true],"full":["https:\/\/elregionaldigital.info\/wp-content\/uploads\/2023\/04\/046-2023.-Supervisa-Gobernador-modulos-de-seguridad-y-atencion-de-turistas-3-850x500-1.jpeg",850,500,false]},"_links":{"self":[{"href":"https:\/\/elregionaldigital.info\/index.php?rest_route=\/wp\/v2\/posts\/1081","targetHints":{"allow":["GET"]}}],"collection":[{"href":"https:\/\/elregionaldigital.info\/index.php?rest_route=\/wp\/v2\/posts"}],"about":[{"href":"https:\/\/elregionaldigital.info\/index.php?rest_route=\/wp\/v2\/types\/post"}],"author":[{"embeddable":true,"href":"https:\/\/elregionaldigital.info\/index.php?rest_route=\/wp\/v2\/users\/1"}],"replies":[{"embeddable":true,"href":"https:\/\/elregionaldigital.info\/index.php?rest_route=%2Fwp%2Fv2%2Fcomments&post=1081"}],"version-history":[{"count":1,"href":"https:\/\/elregionaldigital.info\/index.php?rest_route=\/wp\/v2\/posts\/1081\/revisions"}],"predecessor-version":[{"id":1083,"href":"https:\/\/elregionaldigital.info\/index.php?rest_route=\/wp\/v2\/posts\/1081\/revisions\/1083"}],"wp:featuredmedia":[{"embeddable":true,"href":"https:\/\/elregionaldigital.info\/index.php?rest_route=\/wp\/v2\/media\/1082"}],"wp:attachment":[{"href":"https:\/\/elregionaldigital.info\/index.php?rest_route=%2Fwp%2Fv2%2Fmedia&parent=1081"}],"wp:term":[{"taxonomy":"category","embeddable":true,"href":"https:\/\/elregionaldigital.info\/index.php?rest_route=%2Fwp%2Fv2%2Fcategories&post=1081"},{"taxonomy":"post_tag","embeddable":true,"href":"https:\/\/elregionaldigital.info\/index.php?rest_route=%2Fwp%2Fv2%2Ftags&post=1081"}],"curies":[{"name":"wp","href":"https:\/\/api.w.org\/{rel}","templated":true}]}}