{"id":1075,"date":"2023-04-18T00:40:23","date_gmt":"2023-04-18T00:40:23","guid":{"rendered":"http:\/\/elregionaldigital.info\/?p=1075"},"modified":"2023-04-22T00:43:32","modified_gmt":"2023-04-22T00:43:32","slug":"nazor-reacciona-al-beso-de-su-ex-santa-fe-klan-y-su-amiga-karely-ruiz","status":"publish","type":"post","link":"https:\/\/elregionaldigital.info\/?p=1075","title":{"rendered":"Nazor reacciona al beso de su ex Santa Fe Klan y su &#8220;amiga&#8221; Karely Ruiz"},"content":{"rendered":"\n<figure class=\"wp-block-image size-full\"><img loading=\"lazy\" decoding=\"async\" width=\"770\" height=\"485\" src=\"http:\/\/elregionaldigital.info\/wp-content\/uploads\/2023\/04\/captura_de_pantalla_2023-04-18_122202_crop1681842159637.png_1970638775.webp\" alt=\"\" class=\"wp-image-1076\" srcset=\"https:\/\/elregionaldigital.info\/wp-content\/uploads\/2023\/04\/captura_de_pantalla_2023-04-18_122202_crop1681842159637.png_1970638775.webp 770w, https:\/\/elregionaldigital.info\/wp-content\/uploads\/2023\/04\/captura_de_pantalla_2023-04-18_122202_crop1681842159637.png_1970638775-300x189.webp 300w, https:\/\/elregionaldigital.info\/wp-content\/uploads\/2023\/04\/captura_de_pantalla_2023-04-18_122202_crop1681842159637.png_1970638775-768x484.webp 768w\" sizes=\"auto, (max-width: 770px) 100vw, 770px\" \/><\/figure>\n\n\n\n<p><strong>\u00bfLos amigos tambi\u00e9n se besan? Santa Fe Klan y Karely lo hicieron, y desataron la pol\u00e9mica. Karely Ruiz fue criticada por &#8220;meterse&#8221; con el &#8220;ex&#8221; de su amiga, la modelo Maya Nazor.&nbsp;<\/strong><\/p>\n\n\n\n<p>No obstante, dej\u00f3 claras dos cosas: que\u00a0<strong>Maya Nazor no es su amiga y que s\u00ed le gust\u00f3 el beso que se dio con el rapero \u00c1ngel Quezada, mejor conocido como Santa Fe.<\/strong>\u00a0Karely dijo que es soltera y que puede hacer lo que quiera, pero que al ver que en redes se hizo un esc\u00e1ndalo porque supuestamente se bes\u00f3 con el ex &#8220;de una amiga&#8221;, aclar\u00f3:<\/p>\n\n\n\n<p>&#8220;Vi tanto caos que porque \u2018mi amiga\u2019, yo no tengo amigas, en este medio no hay amigas, es una realidad, no soy amiga de una persona, o sea, s\u00ed nos comentamos, t<strong>engo chavas que me comento con ellas pero normal, como todas, estoy pensando en m\u00ed, en facturar&#8221;, expres\u00f3.<\/strong><\/p>\n\n\n\n<p>Karely reconoci\u00f3 que dijo cosas un poco subidas de tono, pero que &#8220;ni modo&#8221; y ella misma se mostr\u00f3 sorprendida por la convocatoria que tuvo su transmisi\u00f3n,&nbsp;<strong>pues muchas personas se conectaron precisamente por si dec\u00eda algo del beso que se dio con el rapero mexicano. Aunque Karely admiti\u00f3 que s\u00ed le gust\u00f3 el beso<\/strong>&nbsp;que se dio en pleno escenario con su amigo Santa Fe, asegur\u00f3 que &#8220;no le gusta&#8221;, pero que el beso se dio sin ser planeado, y que &#8220;estuvo chido, estuvo prendido&#8221;.<\/p>\n\n\n\n<p><strong>&#8220;\u00bfQu\u00e9 tiene?, yo me beso con mis amigos, me he besado con amigas, no lo vi mal&#8221;, dijo.<\/strong><\/p>\n\n\n\n<p>Desde que Santa Fe Klan y Maya Nazor se separaron hace unos meses tras el nacimiento de su hijo Luka, la modelo ha sido cautelosa sobre el tema, aclar\u00f3 que no le pidi\u00f3 pensi\u00f3n al rapero, como se dijo, y que ambos tienen una relaci\u00f3n cordial por el bien de su hijo.<\/p>\n\n\n\n<p>Santa Fe ha dejado ver en entrevistas que se podr\u00eda dar una reconciliaci\u00f3n entre ellos en un futuro, sin embargo, con lo que pas\u00f3 este fin de semana, que s<strong>e bes\u00f3 en la boca en pleno escenario durante su concierto en Monterrey, los seguidores de la pareja ven lejana esa posibilidad. A Maya la han cuestionado en redes sobre lo ocurrido<\/strong>, buscando que d\u00e9 su opini\u00f3n sobre la que los cibernautas llamaron su &#8220;amiga&#8221;, Karely Ruiz, por comentarios que le hizo a Maya en sus fotos de Instagram.<\/p>\n\n\n\n<p>Y aunque Maya hizo un en vivo para platicar con sus seguidores, se mostr\u00f3 m\u00e1s preocupada en no mostrar el rostro de su hijo, que en lo que hab\u00eda pasado entre su ex y Karely Ruiz.<\/p>\n\n\n\n<p>&#8220;De m\u00ed siempre han inventado muchos chismes, no tengo por qu\u00e9 darle explicaciones a la gente, entonces, si yo no sal\u00ed nunca a defenderme de temas, no voy a hablar de temas que ya no son m\u00edos directamente&#8221;, expres\u00f3.\u00a0<strong>Ante el bombardeo de preguntas y de palabras de aliento, Maya, nerviosa, trat\u00f3 de evadir el tema con una sonrisa.<\/strong>\u00a0&#8220;Tengo a mi beb\u00e9, ni siquiera he podido comer, mejor voy a terminar de comer y voy a estar con mi bebecito, seguirle cantando y bailando con toda la energ\u00eda&#8221;.<\/p>\n\n\n\n<p>Nazor, quien aparece en varios videos del rapero, como &#8220;Mar y Tierra&#8221; y &#8220;Luka&#8221;, confes\u00f3 que se siente feliz disfrutando de su maternidad y de su soledad. &#8220;<strong>Voy a ponerme a ser feliz con mi beb\u00e9, yo sola, como en esas veces que pones m\u00fasica, te est\u00e1s probando la ropa y te ves al espejo, esa felicidad, wow<\/strong>, yo, se los juro, disfruto mucho estar sola, uno tiene que aprender a amar su soledad; yo estoy muy bien, feliz, se los juro, todo bien&#8221;, expres\u00f3.<\/p>\n\n\n\n<p>Maya Nazor no mencion\u00f3 el nombre de su ex Santa Fe Klan ni el de Karely, y admiti\u00f3 que como ser humano siente, pero que est\u00e1 bien, y que ver los ojos de su hijo la vuelven la mujer m\u00e1s feliz del mundo.<\/p>\n\n\n\n<p><strong>&#8220;A veces uno no siente nada y es la gente la que te hace sentir cosas, pero todo bien, todo bien, obviamente soy ser humano y siento cosas, pero estoy bien; tengo unos ojitos, los de mi hijo, que cuando los veo digo: no necesito nada m\u00e1s; me tengo a m\u00ed&#8221;, finaliz\u00f3.<\/strong><\/p>\n","protected":false},"excerpt":{"rendered":"<p>\u00bfLos amigos tambi\u00e9n se besan? Santa Fe Klan y Karely lo hicieron, y desataron la pol\u00e9mica. Karely Ruiz fue criticada por &#8220;meterse&#8221; con el &#8220;ex&#8221; de su amiga, la modelo Maya Nazor.&nbsp; No obstante, dej\u00f3 claras dos cosas: que\u00a0Maya Nazor no es su amiga y que s\u00ed le gust\u00f3 el beso que se dio con [&hellip;]<\/p>\n","protected":false},"author":1,"featured_media":1076,"comment_status":"open","ping_status":"open","sticky":false,"template":"","format":"standard","meta":{"footnotes":""},"categories":[3],"tags":[],"class_list":["post-1075","post","type-post","status-publish","format-standard","has-post-thumbnail","hentry","category-entretenimiento"],"blog_post_layout_featured_media_urls":{"thumbnail":["https:\/\/elregionaldigital.info\/wp-content\/uploads\/2023\/04\/captura_de_pantalla_2023-04-18_122202_crop1681842159637.png_1970638775-150x150.webp",150,150,true],"full":["https:\/\/elregionaldigital.info\/wp-content\/uploads\/2023\/04\/captura_de_pantalla_2023-04-18_122202_crop1681842159637.png_1970638775.webp",770,485,false]},"categories_names":{"3":{"name":"Entretenimiento","link":"https:\/\/elregionaldigital.info\/?cat=3"}},"tags_names":[],"comments_number":"0","wpmagazine_modules_lite_featured_media_urls":{"thumbnail":["https:\/\/elregionaldigital.info\/wp-content\/uploads\/2023\/04\/captura_de_pantalla_2023-04-18_122202_crop1681842159637.png_1970638775-150x150.webp",150,150,true],"cvmm-medium":["https:\/\/elregionaldigital.info\/wp-content\/uploads\/2023\/04\/captura_de_pantalla_2023-04-18_122202_crop1681842159637.png_1970638775-300x300.webp",300,300,true],"cvmm-medium-plus":["https:\/\/elregionaldigital.info\/wp-content\/uploads\/2023\/04\/captura_de_pantalla_2023-04-18_122202_crop1681842159637.png_1970638775-305x207.webp",305,207,true],"cvmm-portrait":["https:\/\/elregionaldigital.info\/wp-content\/uploads\/2023\/04\/captura_de_pantalla_2023-04-18_122202_crop1681842159637.png_1970638775-400x485.webp",400,485,true],"cvmm-medium-square":["https:\/\/elregionaldigital.info\/wp-content\/uploads\/2023\/04\/captura_de_pantalla_2023-04-18_122202_crop1681842159637.png_1970638775-600x485.webp",600,485,true],"cvmm-large":["https:\/\/elregionaldigital.info\/wp-content\/uploads\/2023\/04\/captura_de_pantalla_2023-04-18_122202_crop1681842159637.png_1970638775.webp",770,485,false],"cvmm-small":["https:\/\/elregionaldigital.info\/wp-content\/uploads\/2023\/04\/captura_de_pantalla_2023-04-18_122202_crop1681842159637.png_1970638775-130x95.webp",130,95,true],"full":["https:\/\/elregionaldigital.info\/wp-content\/uploads\/2023\/04\/captura_de_pantalla_2023-04-18_122202_crop1681842159637.png_1970638775.webp",770,485,false]},"_links":{"self":[{"href":"https:\/\/elregionaldigital.info\/index.php?rest_route=\/wp\/v2\/posts\/1075","targetHints":{"allow":["GET"]}}],"collection":[{"href":"https:\/\/elregionaldigital.info\/index.php?rest_route=\/wp\/v2\/posts"}],"about":[{"href":"https:\/\/elregionaldigital.info\/index.php?rest_route=\/wp\/v2\/types\/post"}],"author":[{"embeddable":true,"href":"https:\/\/elregionaldigital.info\/index.php?rest_route=\/wp\/v2\/users\/1"}],"replies":[{"embeddable":true,"href":"https:\/\/elregionaldigital.info\/index.php?rest_route=%2Fwp%2Fv2%2Fcomments&post=1075"}],"version-history":[{"count":1,"href":"https:\/\/elregionaldigital.info\/index.php?rest_route=\/wp\/v2\/posts\/1075\/revisions"}],"predecessor-version":[{"id":1077,"href":"https:\/\/elregionaldigital.info\/index.php?rest_route=\/wp\/v2\/posts\/1075\/revisions\/1077"}],"wp:featuredmedia":[{"embeddable":true,"href":"https:\/\/elregionaldigital.info\/index.php?rest_route=\/wp\/v2\/media\/1076"}],"wp:attachment":[{"href":"https:\/\/elregionaldigital.info\/index.php?rest_route=%2Fwp%2Fv2%2Fmedia&parent=1075"}],"wp:term":[{"taxonomy":"category","embeddable":true,"href":"https:\/\/elregionaldigital.info\/index.php?rest_route=%2Fwp%2Fv2%2Fcategories&post=1075"},{"taxonomy":"post_tag","embeddable":true,"href":"https:\/\/elregionaldigital.info\/index.php?rest_route=%2Fwp%2Fv2%2Ftags&post=1075"}],"curies":[{"name":"wp","href":"https:\/\/api.w.org\/{rel}","templated":true}]}}