{"id":1065,"date":"2023-04-19T00:23:16","date_gmt":"2023-04-19T00:23:16","guid":{"rendered":"http:\/\/elregionaldigital.info\/?p=1065"},"modified":"2023-04-22T00:25:12","modified_gmt":"2023-04-22T00:25:12","slug":"rehabilita-y-repone-red-sanitaria-en-calles-de-ciudad-victoria-gobierno-de-tamaulipas","status":"publish","type":"post","link":"https:\/\/elregionaldigital.info\/?p=1065","title":{"rendered":"REHABILITA Y REPONE RED SANITARIA EN CALLES DE CIUDAD VICTORIA, GOBIERNO DE TAMAULIPAS"},"content":{"rendered":"\n<figure class=\"wp-block-image size-full\"><img loading=\"lazy\" decoding=\"async\" width=\"850\" height=\"500\" src=\"http:\/\/elregionaldigital.info\/wp-content\/uploads\/2023\/04\/IMG_20230419_153015-850x500-1.jpg\" alt=\"\" class=\"wp-image-1066\" srcset=\"https:\/\/elregionaldigital.info\/wp-content\/uploads\/2023\/04\/IMG_20230419_153015-850x500-1.jpg 850w, https:\/\/elregionaldigital.info\/wp-content\/uploads\/2023\/04\/IMG_20230419_153015-850x500-1-300x176.jpg 300w, https:\/\/elregionaldigital.info\/wp-content\/uploads\/2023\/04\/IMG_20230419_153015-850x500-1-768x452.jpg 768w\" sizes=\"auto, (max-width: 850px) 100vw, 850px\" \/><\/figure>\n\n\n\n<p>Abril 19 de 2023<\/p>\n\n\n\n<p>Ciudad Victoria, Tamaulipas.- El Gobierno de Tamaulipas, a trav\u00e9s de la Secretar\u00eda de Obras P\u00fablicas, trabaja de manera coordinada con COMAPA Victoria en la rehabilitaci\u00f3n del colector San Antonio etapa 2 en calle Veracruz, entre calle 8 (Av. Tamaulipas) y calle 9 (Crist\u00f3bal Col\u00f3n) en la capital del Estado.<\/p>\n\n\n\n<p>Estos trabajos de rehabilitaci\u00f3n se encuentran integrados a dos obras m\u00e1s ejecutadas en diferentes zonas de la capital. Las labores en conjunto representan una inversi\u00f3n aproximada a los cinco millones de pesos, mencion\u00f3 el secretario de Obras P\u00fablicas estatal, Pedro Cepeda Anaya.<\/p>\n\n\n\n<p>Dicha obra est\u00e1 conformada por la reposici\u00f3n de tuber\u00eda de alcantarillado serie 20 de 24 pulgadas de di\u00e1metro, nueve pozos de visita, 175 metros de tuber\u00eda de seis pulgadas de di\u00e1metro para descargas domiciliarias y 20 tomas domiciliarias.<\/p>\n\n\n\n<p>El secretario agreg\u00f3 que algunas actividades que se realizan actualmente en esta obra, son la excavaci\u00f3n de zanja, plantilla apisonada y la reposici\u00f3n de dicha tuber\u00eda.<\/p>\n\n\n\n<p>Inform\u00f3 que los trabajos de rehabilitaci\u00f3n del colector San Antonio dieron inicio en el mes de marzo, con el objetivo de llevar bienestar en materia de infraestructura hidr\u00e1ulica a la poblaci\u00f3n.<\/p>\n\n\n\n<p>Estas acciones se encuentran alineadas a la legislaci\u00f3n y a los ejes generales del gobierno transformador que dirige Am\u00e9rico Villarreal, en los que se busca fortalecer los servicios de agua, alcantarillado y saneamiento por medio de infraestructura hidr\u00e1ulica, privilegiando el bienestar y servicios de calidad&nbsp; de las y los ciudadanos tamaulipecos.<\/p>\n","protected":false},"excerpt":{"rendered":"<p>Abril 19 de 2023 Ciudad Victoria, Tamaulipas.- El Gobierno de Tamaulipas, a trav\u00e9s de la Secretar\u00eda de Obras P\u00fablicas, trabaja de manera coordinada con COMAPA Victoria en la rehabilitaci\u00f3n del colector San Antonio etapa 2 en calle Veracruz, entre calle 8 (Av. Tamaulipas) y calle 9 (Crist\u00f3bal Col\u00f3n) en la capital del Estado. Estos trabajos [&hellip;]<\/p>\n","protected":false},"author":1,"featured_media":1066,"comment_status":"open","ping_status":"open","sticky":false,"template":"","format":"standard","meta":{"footnotes":""},"categories":[2],"tags":[],"class_list":["post-1065","post","type-post","status-publish","format-standard","has-post-thumbnail","hentry","category-tamaulipas"],"blog_post_layout_featured_media_urls":{"thumbnail":["https:\/\/elregionaldigital.info\/wp-content\/uploads\/2023\/04\/IMG_20230419_153015-850x500-1-150x150.jpg",150,150,true],"full":["https:\/\/elregionaldigital.info\/wp-content\/uploads\/2023\/04\/IMG_20230419_153015-850x500-1.jpg",850,500,false]},"categories_names":{"2":{"name":"Tamaulipas","link":"https:\/\/elregionaldigital.info\/?cat=2"}},"tags_names":[],"comments_number":"0","wpmagazine_modules_lite_featured_media_urls":{"thumbnail":["https:\/\/elregionaldigital.info\/wp-content\/uploads\/2023\/04\/IMG_20230419_153015-850x500-1-150x150.jpg",150,150,true],"cvmm-medium":["https:\/\/elregionaldigital.info\/wp-content\/uploads\/2023\/04\/IMG_20230419_153015-850x500-1-300x300.jpg",300,300,true],"cvmm-medium-plus":["https:\/\/elregionaldigital.info\/wp-content\/uploads\/2023\/04\/IMG_20230419_153015-850x500-1-305x207.jpg",305,207,true],"cvmm-portrait":["https:\/\/elregionaldigital.info\/wp-content\/uploads\/2023\/04\/IMG_20230419_153015-850x500-1-400x500.jpg",400,500,true],"cvmm-medium-square":["https:\/\/elregionaldigital.info\/wp-content\/uploads\/2023\/04\/IMG_20230419_153015-850x500-1-600x500.jpg",600,500,true],"cvmm-large":["https:\/\/elregionaldigital.info\/wp-content\/uploads\/2023\/04\/IMG_20230419_153015-850x500-1.jpg",850,500,false],"cvmm-small":["https:\/\/elregionaldigital.info\/wp-content\/uploads\/2023\/04\/IMG_20230419_153015-850x500-1-130x95.jpg",130,95,true],"full":["https:\/\/elregionaldigital.info\/wp-content\/uploads\/2023\/04\/IMG_20230419_153015-850x500-1.jpg",850,500,false]},"_links":{"self":[{"href":"https:\/\/elregionaldigital.info\/index.php?rest_route=\/wp\/v2\/posts\/1065","targetHints":{"allow":["GET"]}}],"collection":[{"href":"https:\/\/elregionaldigital.info\/index.php?rest_route=\/wp\/v2\/posts"}],"about":[{"href":"https:\/\/elregionaldigital.info\/index.php?rest_route=\/wp\/v2\/types\/post"}],"author":[{"embeddable":true,"href":"https:\/\/elregionaldigital.info\/index.php?rest_route=\/wp\/v2\/users\/1"}],"replies":[{"embeddable":true,"href":"https:\/\/elregionaldigital.info\/index.php?rest_route=%2Fwp%2Fv2%2Fcomments&post=1065"}],"version-history":[{"count":1,"href":"https:\/\/elregionaldigital.info\/index.php?rest_route=\/wp\/v2\/posts\/1065\/revisions"}],"predecessor-version":[{"id":1067,"href":"https:\/\/elregionaldigital.info\/index.php?rest_route=\/wp\/v2\/posts\/1065\/revisions\/1067"}],"wp:featuredmedia":[{"embeddable":true,"href":"https:\/\/elregionaldigital.info\/index.php?rest_route=\/wp\/v2\/media\/1066"}],"wp:attachment":[{"href":"https:\/\/elregionaldigital.info\/index.php?rest_route=%2Fwp%2Fv2%2Fmedia&parent=1065"}],"wp:term":[{"taxonomy":"category","embeddable":true,"href":"https:\/\/elregionaldigital.info\/index.php?rest_route=%2Fwp%2Fv2%2Fcategories&post=1065"},{"taxonomy":"post_tag","embeddable":true,"href":"https:\/\/elregionaldigital.info\/index.php?rest_route=%2Fwp%2Fv2%2Ftags&post=1065"}],"curies":[{"name":"wp","href":"https:\/\/api.w.org\/{rel}","templated":true}]}}