{"id":1045,"date":"2023-04-02T02:54:40","date_gmt":"2023-04-02T02:54:40","guid":{"rendered":"http:\/\/elregionaldigital.info\/?p=1045"},"modified":"2023-04-10T02:57:28","modified_gmt":"2023-04-10T02:57:28","slug":"inicia-uat-el-periodo-vacacional-escolar-y-administrativo","status":"publish","type":"post","link":"https:\/\/elregionaldigital.info\/?p=1045","title":{"rendered":"Inicia UAT el periodo vacacional escolar y administrativo"},"content":{"rendered":"\n<figure class=\"wp-block-image size-large\"><img loading=\"lazy\" decoding=\"async\" width=\"1024\" height=\"683\" src=\"http:\/\/elregionaldigital.info\/wp-content\/uploads\/2023\/04\/02-1024x683.jpg\" alt=\"\" class=\"wp-image-1046\" srcset=\"https:\/\/elregionaldigital.info\/wp-content\/uploads\/2023\/04\/02-1024x683.jpg 1024w, https:\/\/elregionaldigital.info\/wp-content\/uploads\/2023\/04\/02-300x200.jpg 300w, https:\/\/elregionaldigital.info\/wp-content\/uploads\/2023\/04\/02-768x512.jpg 768w, https:\/\/elregionaldigital.info\/wp-content\/uploads\/2023\/04\/02-1536x1024.jpg 1536w, https:\/\/elregionaldigital.info\/wp-content\/uploads\/2023\/04\/02-2048x1365.jpg 2048w\" sizes=\"auto, (max-width: 1024px) 100vw, 1024px\" \/><\/figure>\n\n\n\n<p>De acuerdo con el calendario escolar\/administrativo 2023 de la Universidad<br>Aut\u00f3noma de Tamaulipas (UAT), se dar\u00e1 inicio al periodo vacacional de primavera<br>en todas las dependencias de esta casa de estudios en las zonas centro, norte y<br>sur del estado, el cual comprende del 3 al 14 de abril de este a\u00f1o.<br>En ese contexto, por acuerdo del C. P. Guillermo Mendoza Cavazos, rector<br>de la UAT, con fundamento en el Contrato Colectivo de Trabajo y tal como lo<br>marca el calendario oficial de la UAT, estudiantes, personal sindicalizado, docente<br>y de confianza reanudar\u00e1n labores el pr\u00f3ximo 17 de abril.<br>El calendario tambi\u00e9n marca el 19 de mayo como fin del periodo de clases de<br>primavera, teniendo como evaluaciones finales la semana que comprende del 22<br>al 26 de mayo y la entrega de actas de evaluaci\u00f3n el 29 de mayo.<\/p>\n\n\n\n<p>El 17 de abril inicia UAT su proceso de admisi\u00f3n para el periodo oto\u00f1o<\/p>\n\n\n\n<p>2023<\/p>\n\n\n\n<p>Debido a la actualizaci\u00f3n que realiza la Universidad Aut\u00f3noma de<br>Tamaulipas en los programas acad\u00e9micos como parte de la nueva reforma<br>curricular, se ha establecido el 17 de abril como fecha de inicio del proceso de<br>admisi\u00f3n para el periodo de oto\u00f1o 2023.<br>A partir de esa fecha, los solicitantes podr\u00e1n realizar su registro en el<br>programa educativo al que deseen ingresar, desde cualquier computadora,<br>mediante el portal \u201cRegistro de aspirantes\u201d, para lo cual necesitar\u00e1n solamente<br>contar con una cuenta de correo electr\u00f3nico, CURP y RFC.<\/p>\n\n\n\n<p>Aspirantes que deseen conocer la diversa oferta de programas de estudios<br>de la UAT podr\u00e1n consultarla mediante el apartado \u201cOferta acad\u00e9mica\u201d del portal<br>oficial de la UAT: www.uat.edu.mx .<br>Asimismo, a trav\u00e9s de sus respectivas p\u00e1ginas web y redes sociales, las<br>facultades y unidades acad\u00e9micas de todos los campus de la UAT en las zonas<br>norte, centro y sur del estado proporcionar\u00e1n informaci\u00f3n y orientaci\u00f3n sobre el<br>procedimiento que deben seguir los aspirantes en el proceso de inscripci\u00f3n.<\/p>\n","protected":false},"excerpt":{"rendered":"<p>De acuerdo con el calendario escolar\/administrativo 2023 de la UniversidadAut\u00f3noma de Tamaulipas (UAT), se dar\u00e1 inicio al periodo vacacional de primaveraen todas las dependencias de esta casa de estudios en las zonas centro, norte ysur del estado, el cual comprende del 3 al 14 de abril de este a\u00f1o.En ese contexto, por acuerdo del C. [&hellip;]<\/p>\n","protected":false},"author":1,"featured_media":1046,"comment_status":"open","ping_status":"open","sticky":false,"template":"","format":"standard","meta":{"footnotes":""},"categories":[4],"tags":[],"class_list":["post-1045","post","type-post","status-publish","format-standard","has-post-thumbnail","hentry","category-universidades"],"blog_post_layout_featured_media_urls":{"thumbnail":["https:\/\/elregionaldigital.info\/wp-content\/uploads\/2023\/04\/02-150x150.jpg",150,150,true],"full":["https:\/\/elregionaldigital.info\/wp-content\/uploads\/2023\/04\/02-scaled.jpg",2560,1707,false]},"categories_names":{"4":{"name":"Universidades","link":"https:\/\/elregionaldigital.info\/?cat=4"}},"tags_names":[],"comments_number":"0","wpmagazine_modules_lite_featured_media_urls":{"thumbnail":["https:\/\/elregionaldigital.info\/wp-content\/uploads\/2023\/04\/02-150x150.jpg",150,150,true],"cvmm-medium":["https:\/\/elregionaldigital.info\/wp-content\/uploads\/2023\/04\/02-300x300.jpg",300,300,true],"cvmm-medium-plus":["https:\/\/elregionaldigital.info\/wp-content\/uploads\/2023\/04\/02-305x207.jpg",305,207,true],"cvmm-portrait":["https:\/\/elregionaldigital.info\/wp-content\/uploads\/2023\/04\/02-400x600.jpg",400,600,true],"cvmm-medium-square":["https:\/\/elregionaldigital.info\/wp-content\/uploads\/2023\/04\/02-600x600.jpg",600,600,true],"cvmm-large":["https:\/\/elregionaldigital.info\/wp-content\/uploads\/2023\/04\/02-1024x1024.jpg",1024,1024,true],"cvmm-small":["https:\/\/elregionaldigital.info\/wp-content\/uploads\/2023\/04\/02-130x95.jpg",130,95,true],"full":["https:\/\/elregionaldigital.info\/wp-content\/uploads\/2023\/04\/02-scaled.jpg",2560,1707,false]},"_links":{"self":[{"href":"https:\/\/elregionaldigital.info\/index.php?rest_route=\/wp\/v2\/posts\/1045","targetHints":{"allow":["GET"]}}],"collection":[{"href":"https:\/\/elregionaldigital.info\/index.php?rest_route=\/wp\/v2\/posts"}],"about":[{"href":"https:\/\/elregionaldigital.info\/index.php?rest_route=\/wp\/v2\/types\/post"}],"author":[{"embeddable":true,"href":"https:\/\/elregionaldigital.info\/index.php?rest_route=\/wp\/v2\/users\/1"}],"replies":[{"embeddable":true,"href":"https:\/\/elregionaldigital.info\/index.php?rest_route=%2Fwp%2Fv2%2Fcomments&post=1045"}],"version-history":[{"count":1,"href":"https:\/\/elregionaldigital.info\/index.php?rest_route=\/wp\/v2\/posts\/1045\/revisions"}],"predecessor-version":[{"id":1047,"href":"https:\/\/elregionaldigital.info\/index.php?rest_route=\/wp\/v2\/posts\/1045\/revisions\/1047"}],"wp:featuredmedia":[{"embeddable":true,"href":"https:\/\/elregionaldigital.info\/index.php?rest_route=\/wp\/v2\/media\/1046"}],"wp:attachment":[{"href":"https:\/\/elregionaldigital.info\/index.php?rest_route=%2Fwp%2Fv2%2Fmedia&parent=1045"}],"wp:term":[{"taxonomy":"category","embeddable":true,"href":"https:\/\/elregionaldigital.info\/index.php?rest_route=%2Fwp%2Fv2%2Fcategories&post=1045"},{"taxonomy":"post_tag","embeddable":true,"href":"https:\/\/elregionaldigital.info\/index.php?rest_route=%2Fwp%2Fv2%2Ftags&post=1045"}],"curies":[{"name":"wp","href":"https:\/\/api.w.org\/{rel}","templated":true}]}}