{"id":1028,"date":"2023-03-28T14:37:44","date_gmt":"2023-03-28T14:37:44","guid":{"rendered":"http:\/\/elregionaldigital.info\/?p=1028"},"modified":"2023-03-30T14:40:56","modified_gmt":"2023-03-30T14:40:56","slug":"sep-alista-campana-contra-drogas-en-secundarias-y-preparatorias","status":"publish","type":"post","link":"https:\/\/elregionaldigital.info\/?p=1028","title":{"rendered":"SEP alista campa\u00f1a contra drogas en secundarias y preparatorias"},"content":{"rendered":"\n<figure class=\"wp-block-image size-full\"><img loading=\"lazy\" decoding=\"async\" width=\"770\" height=\"485\" src=\"http:\/\/elregionaldigital.info\/wp-content\/uploads\/2023\/03\/alumnos_elinformador_crop1680018621402.jpg_1970638775.webp\" alt=\"\" class=\"wp-image-1029\" srcset=\"https:\/\/elregionaldigital.info\/wp-content\/uploads\/2023\/03\/alumnos_elinformador_crop1680018621402.jpg_1970638775.webp 770w, https:\/\/elregionaldigital.info\/wp-content\/uploads\/2023\/03\/alumnos_elinformador_crop1680018621402.jpg_1970638775-300x189.webp 300w, https:\/\/elregionaldigital.info\/wp-content\/uploads\/2023\/03\/alumnos_elinformador_crop1680018621402.jpg_1970638775-768x484.webp 768w\" sizes=\"auto, (max-width: 770px) 100vw, 770px\" \/><\/figure>\n\n\n\n<p>El objetivo de la campa\u00f1a contra las drogas es informar, evitar y atender el asunto del consumo de sustancias nocivas en j\u00f3venes de secundaria y preparatoria<\/p>\n\n\n\n<p>Por:\u00a0<a href=\"https:\/\/www.informador.mx\/staff\/sun\">SUN .<\/a>28 de marzo de 2023 &#8211; <\/p>\n\n\n\n<p>La secretaria de Educaci\u00f3n P\u00fablica, Leticia Ram\u00edrez Amaya, inform\u00f3 que el 17 de abril arrancar\u00e1 la campa\u00f1a&nbsp;<strong>&#8220;Si te drogas, te matas&#8221;, contra las adicciones y que informar\u00e1 sobre los da\u00f1os que causan las drogas a la salud<\/strong>; est\u00e1 dirigida a estudiantes de educaci\u00f3n secundaria y preparatoria del pa\u00eds.<\/p>\n\n\n\n<p><a href=\"https:\/\/www.informador.mx\/AMLO-La-mananera-de-hoy-28-de-marzo-de-2023-t202303280001.html\" target=\"_blank\" rel=\"noreferrer noopener\"><strong>En la conferencia de prensa del Presidente<\/strong><\/a>&nbsp;<a href=\"https:\/\/www.informador.mx\/andres-manuel-lopez-obrador-t10921\" target=\"_blank\" rel=\"noreferrer noopener\"><strong>Andr\u00e9s Manuel L\u00f3pez Obrador<\/strong><\/a>, Ram\u00edrez Amaya explic\u00f3 que la campa\u00f1a consiste en&nbsp;<strong>informar, atender, promover y buscar evitar el consumo de drogas sobre todo en alumnos y alumnas de secundaria y educaci\u00f3n media superior.<\/strong><\/p>\n\n\n\n<h3 class=\"wp-block-heading\">Campa\u00f1a ser\u00e1 implementada 15 minutos al d\u00eda, 3 veces por semana<\/h3>\n\n\n\n<p>La estrategia consiste en acciones en el aula con 15 minutos, tres d\u00edas a la semana o todos los d\u00edas, donde se hablar\u00e1 sobre los da\u00f1os que causan las drogas, y<strong>&nbsp;ser\u00e1 ejercido en asignaturas donde se puede llevar a cabo este tema como: Formaci\u00f3n C\u00edvica y \u00c9tica o Biolog\u00eda, pero todas las asignaturas pueden ser consideradas para atender el tema.<\/strong><\/p>\n\n\n\n<p>&#8220;Los docentes tendr\u00e1n una gu\u00eda de temas a tratar como<strong>&nbsp;el fentanilo, a la primera te mata; la metanfetamina, te engancha; los vapeadores, &#8216;neta son t\u00f3xicos&#8217;; cannabis (mariguana), si te da\u00f1a; tabaco, te afecta a ti y a todos;<\/strong>&nbsp;alcohol, cu\u00eddate, no inicies; benzodiacepinas, no son un juego\u201d, indic\u00f3 la secretaria de Educaci\u00f3n.<\/p>\n","protected":false},"excerpt":{"rendered":"<p>El objetivo de la campa\u00f1a contra las drogas es informar, evitar y atender el asunto del consumo de sustancias nocivas en j\u00f3venes de secundaria y preparatoria Por:\u00a0SUN .28 de marzo de 2023 &#8211; La secretaria de Educaci\u00f3n P\u00fablica, Leticia Ram\u00edrez Amaya, inform\u00f3 que el 17 de abril arrancar\u00e1 la campa\u00f1a&nbsp;&#8220;Si te drogas, te matas&#8221;, contra [&hellip;]<\/p>\n","protected":false},"author":1,"featured_media":1029,"comment_status":"open","ping_status":"open","sticky":false,"template":"","format":"standard","meta":{"footnotes":""},"categories":[5],"tags":[],"class_list":["post-1028","post","type-post","status-publish","format-standard","has-post-thumbnail","hentry","category-nacional"],"blog_post_layout_featured_media_urls":{"thumbnail":["https:\/\/elregionaldigital.info\/wp-content\/uploads\/2023\/03\/alumnos_elinformador_crop1680018621402.jpg_1970638775-150x150.webp",150,150,true],"full":["https:\/\/elregionaldigital.info\/wp-content\/uploads\/2023\/03\/alumnos_elinformador_crop1680018621402.jpg_1970638775.webp",770,485,false]},"categories_names":{"5":{"name":"Nacional","link":"https:\/\/elregionaldigital.info\/?cat=5"}},"tags_names":[],"comments_number":"0","wpmagazine_modules_lite_featured_media_urls":{"thumbnail":["https:\/\/elregionaldigital.info\/wp-content\/uploads\/2023\/03\/alumnos_elinformador_crop1680018621402.jpg_1970638775-150x150.webp",150,150,true],"cvmm-medium":["https:\/\/elregionaldigital.info\/wp-content\/uploads\/2023\/03\/alumnos_elinformador_crop1680018621402.jpg_1970638775-300x300.webp",300,300,true],"cvmm-medium-plus":["https:\/\/elregionaldigital.info\/wp-content\/uploads\/2023\/03\/alumnos_elinformador_crop1680018621402.jpg_1970638775-305x207.webp",305,207,true],"cvmm-portrait":["https:\/\/elregionaldigital.info\/wp-content\/uploads\/2023\/03\/alumnos_elinformador_crop1680018621402.jpg_1970638775-400x485.webp",400,485,true],"cvmm-medium-square":["https:\/\/elregionaldigital.info\/wp-content\/uploads\/2023\/03\/alumnos_elinformador_crop1680018621402.jpg_1970638775-600x485.webp",600,485,true],"cvmm-large":["https:\/\/elregionaldigital.info\/wp-content\/uploads\/2023\/03\/alumnos_elinformador_crop1680018621402.jpg_1970638775.webp",770,485,false],"cvmm-small":["https:\/\/elregionaldigital.info\/wp-content\/uploads\/2023\/03\/alumnos_elinformador_crop1680018621402.jpg_1970638775-130x95.webp",130,95,true],"full":["https:\/\/elregionaldigital.info\/wp-content\/uploads\/2023\/03\/alumnos_elinformador_crop1680018621402.jpg_1970638775.webp",770,485,false]},"_links":{"self":[{"href":"https:\/\/elregionaldigital.info\/index.php?rest_route=\/wp\/v2\/posts\/1028","targetHints":{"allow":["GET"]}}],"collection":[{"href":"https:\/\/elregionaldigital.info\/index.php?rest_route=\/wp\/v2\/posts"}],"about":[{"href":"https:\/\/elregionaldigital.info\/index.php?rest_route=\/wp\/v2\/types\/post"}],"author":[{"embeddable":true,"href":"https:\/\/elregionaldigital.info\/index.php?rest_route=\/wp\/v2\/users\/1"}],"replies":[{"embeddable":true,"href":"https:\/\/elregionaldigital.info\/index.php?rest_route=%2Fwp%2Fv2%2Fcomments&post=1028"}],"version-history":[{"count":1,"href":"https:\/\/elregionaldigital.info\/index.php?rest_route=\/wp\/v2\/posts\/1028\/revisions"}],"predecessor-version":[{"id":1030,"href":"https:\/\/elregionaldigital.info\/index.php?rest_route=\/wp\/v2\/posts\/1028\/revisions\/1030"}],"wp:featuredmedia":[{"embeddable":true,"href":"https:\/\/elregionaldigital.info\/index.php?rest_route=\/wp\/v2\/media\/1029"}],"wp:attachment":[{"href":"https:\/\/elregionaldigital.info\/index.php?rest_route=%2Fwp%2Fv2%2Fmedia&parent=1028"}],"wp:term":[{"taxonomy":"category","embeddable":true,"href":"https:\/\/elregionaldigital.info\/index.php?rest_route=%2Fwp%2Fv2%2Fcategories&post=1028"},{"taxonomy":"post_tag","embeddable":true,"href":"https:\/\/elregionaldigital.info\/index.php?rest_route=%2Fwp%2Fv2%2Ftags&post=1028"}],"curies":[{"name":"wp","href":"https:\/\/api.w.org\/{rel}","templated":true}]}}